{"id":22219,"date":"2020-12-27T11:56:59","date_gmt":"2020-12-27T10:56:59","guid":{"rendered":"https:\/\/agora.xtec.cat\/escolacanfabra\/?p=22219"},"modified":"2020-12-27T11:56:59","modified_gmt":"2020-12-27T10:56:59","slug":"projecte-refugis-climatics_activitat-participativa-i-de-valoracio_6ec","status":"publish","type":"post","link":"https:\/\/agora.xtec.cat\/escolacanfabra\/general\/projecte-refugis-climatics_activitat-participativa-i-de-valoracio_6ec\/","title":{"rendered":"Projecte Refugis Clim\u00e0tics_Activitat participativa i de valoraci\u00f3_6\u00e8C"},"content":{"rendered":"<p>A finals de novembre vam portar a terme la tercera sessi\u00f3 participativa i de valoraci\u00f3 del Projecte Refugis Climatics. La Maria Elizondo, la nostra Cap d\u00b4Estudis i representant de l\u00b4escola en aquest projecte, va portar a terme la sessi\u00f3 on hav\u00edem de valorar, reflexionar i compartir, de manera expressiva i compartida, el nostre parer sobre tot el proc\u00e9s relatiu al projecte i a la transformaci\u00f3 de la nostra escola.<\/p>\n<p>La sessi\u00f3 va ser molt interactiva i din\u00e0mica, on a part de compartir les nostres observacions, conclusions i propostes de millora sobre les actuacions realitzades al nostre edifici, tamb\u00e9 vam realitzar din\u00e0miques diverses de caire l\u00fadic i on l\u00b4expressi\u00f3 oral i el moviment van tenir un gran protagonisme.<\/p>\n<p>Vam gaudir molt\u00edssim de la sessi\u00f3 i alhora vam poder col.laborar per tal que la nostra opini\u00f3 i les nostres propostes siguin tingudes en consideraci\u00f3 per tots els estaments que formen part del Projecte Refugis Clim\u00e0tics, i aix\u00ed aconseguir que la nostra escola es converteixi en un espai de salut, obert al barri i la ciutat, en cas d\u00b4emerg\u00e8ncia clim\u00e0tica.<\/p>\n<p><a href=\"https:\/\/agora.xtec.cat\/escolacanfabra\/album-fotos-2009c\/\">AQU\u00cd<\/a> podreu veure les imatges de la sessi\u00f3!<\/p>\n","protected":false},"excerpt":{"rendered":"<p>A finals de novembre vam portar a terme la tercera sessi\u00f3 participativa i de valoraci\u00f3 del Projecte Refugis Climatics. La Maria Elizondo, la nostra Cap d\u00b4Estudis i representant de l\u00b4escola en aquest projecte, va portar a terme la sessi\u00f3 on hav\u00edem de valorar, reflexionar i compartir, de manera expressiva i compartida, el nostre parer sobre [&hellip;]<\/p>\n","protected":false},"author":3,"featured_media":22220,"comment_status":"open","ping_status":"closed","sticky":false,"template":"","format":"standard","meta":{"_bbp_topic_count":0,"_bbp_reply_count":0,"_bbp_total_topic_count":0,"_bbp_total_reply_count":0,"_bbp_voice_count":0,"_bbp_anonymous_reply_count":0,"_bbp_topic_count_hidden":0,"_bbp_reply_count_hidden":0,"_bbp_forum_subforum_count":0,"site-sidebar-layout":"default","site-content-layout":"","ast-site-content-layout":"","site-content-style":"default","site-sidebar-style":"default","ast-global-header-display":"","ast-banner-title-visibility":"","ast-main-header-display":"","ast-hfb-above-header-display":"","ast-hfb-below-header-display":"","ast-hfb-mobile-header-display":"","site-post-title":"","ast-breadcrumbs-content":"","ast-featured-img":"","footer-sml-layout":"","theme-transparent-header-meta":"","adv-header-id-meta":"","stick-header-meta":"","header-above-stick-meta":"","header-main-stick-meta":"","header-below-stick-meta":"","astra-migrate-meta-layouts":"default","ast-page-background-enabled":"default","ast-page-background-meta":{"desktop":{"background-color":"var(--ast-global-color-5)","background-image":"","background-repeat":"repeat","background-position":"center center","background-size":"auto","background-attachment":"scroll","background-type":"","background-media":"","overlay-type":"","overlay-color":"","overlay-opacity":"","overlay-gradient":""},"tablet":{"background-color":"","background-image":"","background-repeat":"repeat","background-position":"center center","background-size":"auto","background-attachment":"scroll","background-type":"","background-media":"","overlay-type":"","overlay-color":"","overlay-opacity":"","overlay-gradient":""},"mobile":{"background-color":"","background-image":"","background-repeat":"repeat","background-position":"center center","background-size":"auto","background-attachment":"scroll","background-type":"","background-media":"","overlay-type":"","overlay-color":"","overlay-opacity":"","overlay-gradient":""}},"ast-content-background-meta":{"desktop":{"background-color":"var(--ast-global-color-4)","background-image":"","background-repeat":"repeat","background-position":"center center","background-size":"auto","background-attachment":"scroll","background-type":"","background-media":"","overlay-type":"","overlay-color":"","overlay-opacity":"","overlay-gradient":""},"tablet":{"background-color":"var(--ast-global-color-4)","background-image":"","background-repeat":"repeat","background-position":"center center","background-size":"auto","background-attachment":"scroll","background-type":"","background-media":"","overlay-type":"","overlay-color":"","overlay-opacity":"","overlay-gradient":""},"mobile":{"background-color":"var(--ast-global-color-4)","background-image":"","background-repeat":"repeat","background-position":"center center","background-size":"auto","background-attachment":"scroll","background-type":"","background-media":"","overlay-type":"","overlay-color":"","overlay-opacity":"","overlay-gradient":""}},"footnotes":""},"categories":[1,71,4,263],"tags":[],"class_list":["post-22219","post","type-post","status-publish","format-standard","has-post-thumbnail","hentry","category-general","category-noticies","category-portada","category-primaria"],"post_mailing_queue_ids":[],"_links":{"self":[{"href":"https:\/\/agora.xtec.cat\/escolacanfabra\/wp-json\/wp\/v2\/posts\/22219","targetHints":{"allow":["GET"]}}],"collection":[{"href":"https:\/\/agora.xtec.cat\/escolacanfabra\/wp-json\/wp\/v2\/posts"}],"about":[{"href":"https:\/\/agora.xtec.cat\/escolacanfabra\/wp-json\/wp\/v2\/types\/post"}],"author":[{"embeddable":true,"href":"https:\/\/agora.xtec.cat\/escolacanfabra\/wp-json\/wp\/v2\/users\/3"}],"replies":[{"embeddable":true,"href":"https:\/\/agora.xtec.cat\/escolacanfabra\/wp-json\/wp\/v2\/comments?post=22219"}],"version-history":[{"count":1,"href":"https:\/\/agora.xtec.cat\/escolacanfabra\/wp-json\/wp\/v2\/posts\/22219\/revisions"}],"predecessor-version":[{"id":22221,"href":"https:\/\/agora.xtec.cat\/escolacanfabra\/wp-json\/wp\/v2\/posts\/22219\/revisions\/22221"}],"wp:featuredmedia":[{"embeddable":true,"href":"https:\/\/agora.xtec.cat\/escolacanfabra\/wp-json\/wp\/v2\/media\/22220"}],"wp:attachment":[{"href":"https:\/\/agora.xtec.cat\/escolacanfabra\/wp-json\/wp\/v2\/media?parent=22219"}],"wp:term":[{"taxonomy":"category","embeddable":true,"href":"https:\/\/agora.xtec.cat\/escolacanfabra\/wp-json\/wp\/v2\/categories?post=22219"},{"taxonomy":"post_tag","embeddable":true,"href":"https:\/\/agora.xtec.cat\/escolacanfabra\/wp-json\/wp\/v2\/tags?post=22219"}],"curies":[{"name":"wp","href":"https:\/\/api.w.org\/{rel}","templated":true}]}}