{"id":22204,"date":"2020-12-26T22:20:38","date_gmt":"2020-12-26T21:20:38","guid":{"rendered":"https:\/\/agora.xtec.cat\/escolacanfabra\/?p=22204"},"modified":"2020-12-26T22:20:38","modified_gmt":"2020-12-26T21:20:38","slug":"6eb-projecte-refugis-climatics-actuacions-grises","status":"publish","type":"post","link":"https:\/\/agora.xtec.cat\/escolacanfabra\/portada\/6eb-projecte-refugis-climatics-actuacions-grises\/","title":{"rendered":"6\u00e8B: Projecte Refugis Clim\u00e0tics. ACTUACIONS &#8220;GRISES&#8221;"},"content":{"rendered":"<p><strong>ACTUACIONS GRISES<\/strong><\/p>\n<p><span style=\"font-weight: 400;\">La nostra escola participa en el projecte de Refugis Clim\u00e0tics, que intenta aconseguir fer un m\u00f3n millor amb diferents actuacions respecte els efectes de la contaminaci\u00f3, l\u2019efecte hivernacle, el canvi clim\u00e0tic&#8230; Hem tingut sort de ser una de les onze escoles de Barcelona que participen en aquest projecte.<\/span><\/p>\n<p><span style=\"font-weight: 400;\">El projecte proposa actuacions de tres tipus: blaves, verdes i grises. Les actuacions grises intenten fer canvis a l\u2019edifici per reduir la calor i aprofitar m\u00e9s llum natural.<\/span><\/p>\n<p><span style=\"font-weight: 400;\">Si cliqueu\u00a0<a href=\"https:\/\/agora.xtec.cat\/escolacanfabra\/album-fotos-2009b\/\">AQU\u00cd<\/a>, podreu les fotos dels canvis que s&#8217;han fet en relaci\u00f3 amb aquesta actuaci\u00f3.<\/span><\/p>\n<p><span style=\"font-weight: 400;\">De moment, a l\u2019escola han fet diferents modificacions: han posat un tendal que permet tenir m\u00e9s ombra a l&#8217;\u00e0gora i estar m\u00e9s a gust; tamb\u00e9 han posat unes cortines el\u00e8ctriques, al segon i al tercer pis, que redueixen la calor per\u00f2 deixen passar la llum natural; han posat unes barres paral\u00b7leles a la fa\u00e7ana per fer m\u00e9s ombra.\u00a0<\/span><\/p>\n<p><span style=\"font-weight: 400;\">Finalment, la nostra opini\u00f3 \u00e9s que ens sembla b\u00e9 que ajudem en aquest projecte, per\u00f2 que ens hagin modificat el pati no ens ha agradat tant.<\/span><\/p>\n<p style=\"text-align: right;\"><b>Noa, Ruth, Biel i Unai<\/b><\/p>\n","protected":false},"excerpt":{"rendered":"<p>ACTUACIONS GRISES La nostra escola participa en el projecte de Refugis Clim\u00e0tics, que intenta aconseguir fer un m\u00f3n millor amb diferents actuacions respecte els efectes de la contaminaci\u00f3, l\u2019efecte hivernacle, el canvi clim\u00e0tic&#8230; Hem tingut sort de ser una de les onze escoles de Barcelona que participen en aquest projecte. El projecte proposa actuacions de [&hellip;]<\/p>\n","protected":false},"author":3,"featured_media":22205,"comment_status":"open","ping_status":"closed","sticky":false,"template":"","format":"standard","meta":{"_bbp_topic_count":0,"_bbp_reply_count":0,"_bbp_total_topic_count":0,"_bbp_total_reply_count":0,"_bbp_voice_count":0,"_bbp_anonymous_reply_count":0,"_bbp_topic_count_hidden":0,"_bbp_reply_count_hidden":0,"_bbp_forum_subforum_count":0,"site-sidebar-layout":"default","site-content-layout":"","ast-site-content-layout":"","site-content-style":"default","site-sidebar-style":"default","ast-global-header-display":"","ast-banner-title-visibility":"","ast-main-header-display":"","ast-hfb-above-header-display":"","ast-hfb-below-header-display":"","ast-hfb-mobile-header-display":"","site-post-title":"","ast-breadcrumbs-content":"","ast-featured-img":"","footer-sml-layout":"","theme-transparent-header-meta":"","adv-header-id-meta":"","stick-header-meta":"","header-above-stick-meta":"","header-main-stick-meta":"","header-below-stick-meta":"","astra-migrate-meta-layouts":"default","ast-page-background-enabled":"default","ast-page-background-meta":{"desktop":{"background-color":"var(--ast-global-color-5)","background-image":"","background-repeat":"repeat","background-position":"center center","background-size":"auto","background-attachment":"scroll","background-type":"","background-media":"","overlay-type":"","overlay-color":"","overlay-opacity":"","overlay-gradient":""},"tablet":{"background-color":"","background-image":"","background-repeat":"repeat","background-position":"center center","background-size":"auto","background-attachment":"scroll","background-type":"","background-media":"","overlay-type":"","overlay-color":"","overlay-opacity":"","overlay-gradient":""},"mobile":{"background-color":"","background-image":"","background-repeat":"repeat","background-position":"center center","background-size":"auto","background-attachment":"scroll","background-type":"","background-media":"","overlay-type":"","overlay-color":"","overlay-opacity":"","overlay-gradient":""}},"ast-content-background-meta":{"desktop":{"background-color":"var(--ast-global-color-4)","background-image":"","background-repeat":"repeat","background-position":"center center","background-size":"auto","background-attachment":"scroll","background-type":"","background-media":"","overlay-type":"","overlay-color":"","overlay-opacity":"","overlay-gradient":""},"tablet":{"background-color":"var(--ast-global-color-4)","background-image":"","background-repeat":"repeat","background-position":"center center","background-size":"auto","background-attachment":"scroll","background-type":"","background-media":"","overlay-type":"","overlay-color":"","overlay-opacity":"","overlay-gradient":""},"mobile":{"background-color":"var(--ast-global-color-4)","background-image":"","background-repeat":"repeat","background-position":"center center","background-size":"auto","background-attachment":"scroll","background-type":"","background-media":"","overlay-type":"","overlay-color":"","overlay-opacity":"","overlay-gradient":""}},"footnotes":""},"categories":[4],"tags":[],"class_list":["post-22204","post","type-post","status-publish","format-standard","has-post-thumbnail","hentry","category-portada"],"post_mailing_queue_ids":[],"_links":{"self":[{"href":"https:\/\/agora.xtec.cat\/escolacanfabra\/wp-json\/wp\/v2\/posts\/22204","targetHints":{"allow":["GET"]}}],"collection":[{"href":"https:\/\/agora.xtec.cat\/escolacanfabra\/wp-json\/wp\/v2\/posts"}],"about":[{"href":"https:\/\/agora.xtec.cat\/escolacanfabra\/wp-json\/wp\/v2\/types\/post"}],"author":[{"embeddable":true,"href":"https:\/\/agora.xtec.cat\/escolacanfabra\/wp-json\/wp\/v2\/users\/3"}],"replies":[{"embeddable":true,"href":"https:\/\/agora.xtec.cat\/escolacanfabra\/wp-json\/wp\/v2\/comments?post=22204"}],"version-history":[{"count":1,"href":"https:\/\/agora.xtec.cat\/escolacanfabra\/wp-json\/wp\/v2\/posts\/22204\/revisions"}],"predecessor-version":[{"id":22206,"href":"https:\/\/agora.xtec.cat\/escolacanfabra\/wp-json\/wp\/v2\/posts\/22204\/revisions\/22206"}],"wp:featuredmedia":[{"embeddable":true,"href":"https:\/\/agora.xtec.cat\/escolacanfabra\/wp-json\/wp\/v2\/media\/22205"}],"wp:attachment":[{"href":"https:\/\/agora.xtec.cat\/escolacanfabra\/wp-json\/wp\/v2\/media?parent=22204"}],"wp:term":[{"taxonomy":"category","embeddable":true,"href":"https:\/\/agora.xtec.cat\/escolacanfabra\/wp-json\/wp\/v2\/categories?post=22204"},{"taxonomy":"post_tag","embeddable":true,"href":"https:\/\/agora.xtec.cat\/escolacanfabra\/wp-json\/wp\/v2\/tags?post=22204"}],"curies":[{"name":"wp","href":"https:\/\/api.w.org\/{rel}","templated":true}]}}