{"id":22196,"date":"2020-12-26T22:04:14","date_gmt":"2020-12-26T21:04:14","guid":{"rendered":"https:\/\/agora.xtec.cat\/escolacanfabra\/?p=22196"},"modified":"2020-12-26T22:04:58","modified_gmt":"2020-12-26T21:04:58","slug":"6eb-projecte-refugis-climatics-actuacions-blaves","status":"publish","type":"post","link":"https:\/\/agora.xtec.cat\/escolacanfabra\/portada\/6eb-projecte-refugis-climatics-actuacions-blaves\/","title":{"rendered":"6\u00e8B: Projecte Refugis Clim\u00e0tics. ACTUACIONS &#8220;BLAVES&#8221;"},"content":{"rendered":"<p><strong>EL BLAU<\/strong><\/p>\n<p><span style=\"font-weight: 400;\">La nostra escola participa en el projecte de Refugis Clim\u00e0tics, que intenta aconseguir que Barcelona sigui un lloc on es pugui estar a gust sense contaminaci\u00f3 i tamb\u00e9 combatre els efectes de l\u2019escalfament global.\u00a0<\/span><span style=\"font-weight: 400;\">Les actuacions que s&#8217;han fet en 11 escoles tenen a veure amb la incorporaci\u00f3 de punts d&#8217;aigua, l&#8217;augment i millora de l&#8217;espai verd i les adaptacions dels edificis amb cobertes.<\/span><\/p>\n<p><span style=\"font-weight: 400;\">A les imatges podeu veure els canvis que s\u2019han fet en relaci\u00f3\u00a0 a les actuacions blaves, \u00e9s a dir, l\u2019aigua. Han posat nous punts d\u2019aigua a diferents llocs del pati. I en total han posat 26 punts d\u2019aigua a totes les escoles que participen en el projecte de Refugis Clim\u00e0tics.\u00a0<\/span><\/p>\n<p>Podeu clicar\u00a0<a href=\"https:\/\/agora.xtec.cat\/escolacanfabra\/album-fotos-2009b\/\">AQU\u00cd<\/a>\u00a0per veure les imatges d&#8217;aquestes actuacions.<\/p>\n<p><span style=\"font-weight: 400;\">Encara no hem pogut provar les fonts ni l\u2019aspersor d\u2019aigua, per\u00f2 est\u00e0 previst que\u00a0 a l\u2019estiu estarem m\u00e9s fresquets.<\/span><\/p>\n<p><span style=\"font-weight: 400;\">A nosaltres no ens agrada gaire com ha quedat el pati perqu\u00e8 ens han tret espai per c\u00f3rrer<\/span><span style=\"font-weight: 400;\">.<\/span><\/p>\n<p style=\"text-align: right;\"><span style=\"font-weight: 400;\">Martina Montoya, Elba Gonz\u00e1lez, Marc Bened\u00ed i Nil Vicente<\/span><\/p>\n","protected":false},"excerpt":{"rendered":"<p>EL BLAU La nostra escola participa en el projecte de Refugis Clim\u00e0tics, que intenta aconseguir que Barcelona sigui un lloc on es pugui estar a gust sense contaminaci\u00f3 i tamb\u00e9 combatre els efectes de l\u2019escalfament global.\u00a0Les actuacions que s&#8217;han fet en 11 escoles tenen a veure amb la incorporaci\u00f3 de punts d&#8217;aigua, l&#8217;augment i millora [&hellip;]<\/p>\n","protected":false},"author":3,"featured_media":22197,"comment_status":"open","ping_status":"closed","sticky":false,"template":"","format":"standard","meta":{"_bbp_topic_count":0,"_bbp_reply_count":0,"_bbp_total_topic_count":0,"_bbp_total_reply_count":0,"_bbp_voice_count":0,"_bbp_anonymous_reply_count":0,"_bbp_topic_count_hidden":0,"_bbp_reply_count_hidden":0,"_bbp_forum_subforum_count":0,"site-sidebar-layout":"default","site-content-layout":"","ast-site-content-layout":"","site-content-style":"default","site-sidebar-style":"default","ast-global-header-display":"","ast-banner-title-visibility":"","ast-main-header-display":"","ast-hfb-above-header-display":"","ast-hfb-below-header-display":"","ast-hfb-mobile-header-display":"","site-post-title":"","ast-breadcrumbs-content":"","ast-featured-img":"","footer-sml-layout":"","theme-transparent-header-meta":"","adv-header-id-meta":"","stick-header-meta":"","header-above-stick-meta":"","header-main-stick-meta":"","header-below-stick-meta":"","astra-migrate-meta-layouts":"default","ast-page-background-enabled":"default","ast-page-background-meta":{"desktop":{"background-color":"var(--ast-global-color-5)","background-image":"","background-repeat":"repeat","background-position":"center center","background-size":"auto","background-attachment":"scroll","background-type":"","background-media":"","overlay-type":"","overlay-color":"","overlay-opacity":"","overlay-gradient":""},"tablet":{"background-color":"","background-image":"","background-repeat":"repeat","background-position":"center center","background-size":"auto","background-attachment":"scroll","background-type":"","background-media":"","overlay-type":"","overlay-color":"","overlay-opacity":"","overlay-gradient":""},"mobile":{"background-color":"","background-image":"","background-repeat":"repeat","background-position":"center center","background-size":"auto","background-attachment":"scroll","background-type":"","background-media":"","overlay-type":"","overlay-color":"","overlay-opacity":"","overlay-gradient":""}},"ast-content-background-meta":{"desktop":{"background-color":"var(--ast-global-color-4)","background-image":"","background-repeat":"repeat","background-position":"center center","background-size":"auto","background-attachment":"scroll","background-type":"","background-media":"","overlay-type":"","overlay-color":"","overlay-opacity":"","overlay-gradient":""},"tablet":{"background-color":"var(--ast-global-color-4)","background-image":"","background-repeat":"repeat","background-position":"center center","background-size":"auto","background-attachment":"scroll","background-type":"","background-media":"","overlay-type":"","overlay-color":"","overlay-opacity":"","overlay-gradient":""},"mobile":{"background-color":"var(--ast-global-color-4)","background-image":"","background-repeat":"repeat","background-position":"center center","background-size":"auto","background-attachment":"scroll","background-type":"","background-media":"","overlay-type":"","overlay-color":"","overlay-opacity":"","overlay-gradient":""}},"footnotes":""},"categories":[4],"tags":[],"class_list":["post-22196","post","type-post","status-publish","format-standard","has-post-thumbnail","hentry","category-portada"],"post_mailing_queue_ids":[],"_links":{"self":[{"href":"https:\/\/agora.xtec.cat\/escolacanfabra\/wp-json\/wp\/v2\/posts\/22196","targetHints":{"allow":["GET"]}}],"collection":[{"href":"https:\/\/agora.xtec.cat\/escolacanfabra\/wp-json\/wp\/v2\/posts"}],"about":[{"href":"https:\/\/agora.xtec.cat\/escolacanfabra\/wp-json\/wp\/v2\/types\/post"}],"author":[{"embeddable":true,"href":"https:\/\/agora.xtec.cat\/escolacanfabra\/wp-json\/wp\/v2\/users\/3"}],"replies":[{"embeddable":true,"href":"https:\/\/agora.xtec.cat\/escolacanfabra\/wp-json\/wp\/v2\/comments?post=22196"}],"version-history":[{"count":1,"href":"https:\/\/agora.xtec.cat\/escolacanfabra\/wp-json\/wp\/v2\/posts\/22196\/revisions"}],"predecessor-version":[{"id":22198,"href":"https:\/\/agora.xtec.cat\/escolacanfabra\/wp-json\/wp\/v2\/posts\/22196\/revisions\/22198"}],"wp:featuredmedia":[{"embeddable":true,"href":"https:\/\/agora.xtec.cat\/escolacanfabra\/wp-json\/wp\/v2\/media\/22197"}],"wp:attachment":[{"href":"https:\/\/agora.xtec.cat\/escolacanfabra\/wp-json\/wp\/v2\/media?parent=22196"}],"wp:term":[{"taxonomy":"category","embeddable":true,"href":"https:\/\/agora.xtec.cat\/escolacanfabra\/wp-json\/wp\/v2\/categories?post=22196"},{"taxonomy":"post_tag","embeddable":true,"href":"https:\/\/agora.xtec.cat\/escolacanfabra\/wp-json\/wp\/v2\/tags?post=22196"}],"curies":[{"name":"wp","href":"https:\/\/api.w.org\/{rel}","templated":true}]}}