{"id":22079,"date":"2020-12-21T09:00:10","date_gmt":"2020-12-21T08:00:10","guid":{"rendered":"https:\/\/agora.xtec.cat\/escolacanfabra\/?p=22079"},"modified":"2020-12-29T19:51:41","modified_gmt":"2020-12-29T18:51:41","slug":"les-formigues-cooperatives-a-4t","status":"publish","type":"post","link":"https:\/\/agora.xtec.cat\/escolacanfabra\/general\/les-formigues-cooperatives-a-4t\/","title":{"rendered":"LES FORMIGUES COOPERATIVES A 4T"},"content":{"rendered":"<p>Aquest primer trimestre, els nens i nenes de 4t, han comen\u00e7at a les sessions d&#8217;educaci\u00f3 f\u00edsica el projecte <strong>Formigues cooperatives. <\/strong>Hem experimentat amb els reptes cooperatius que ens han proposat des del projecte, per tal d&#8217;aprendre qu\u00e8 \u00e9s un repte, les seves parts i les seves normes.<\/p>\n<p>Un repte cooperatiu \u00e9s&#8230;.<\/p>\n<ol>\n<li>Un\u00a0repte que nom\u00e9s es pot superar amb la participaci\u00f3 activa de tots els membres del grup.<\/li>\n<li>Si un repte nom\u00e9s el poden aconseguir una part dels components del grup, no \u00e9s cooperatiu.<\/li>\n<li>Hi ha d\u2019haver un objectiu clar a aconseguir i un element motivador (temps, dist\u00e0ncia, punts, limitacions d\u2019espai o normes.)<\/li>\n<li>El repte no ha de ser ni molt f\u00e0cil ni molt dif\u00edcil.<\/li>\n<\/ol>\n<p>Tot aix\u00f2 \u00e9s molt important, ja que durant el segon trimestre ells seran els que hauran d&#8217;inventar reptes i compartir-los amb la resta de companys i companyes de 4t, que els provaran i en faran una valoraci\u00f3.<\/p>\n<p>Mireu que b\u00e9 ens ho hem passat&#8230;<\/p>\n<p>Els <a href=\"https:\/\/agora.xtec.cat\/escolacanfabra\/album-fotos-2011a\/\" target=\"_blank\" rel=\"noopener noreferrer\">Videojocs<\/a>, els <a href=\"https:\/\/agora.xtec.cat\/escolacanfabra\/album-fotos-2011b\/\" target=\"_blank\" rel=\"noopener noreferrer\">Virus<\/a> i la <a href=\"https:\/\/agora.xtec.cat\/escolacanfabra\/album-fotos-2011c\/\" target=\"_blank\" rel=\"noopener noreferrer\">Imaginaci\u00f3<\/a><\/p>\n<p>Som-hi, el proper trimestre ens tocar\u00e0 inventar-nos reptes a nosaltres!!<\/p>\n<p>&nbsp;<\/p>\n<p>&nbsp;<\/p>\n<p>&nbsp;<\/p>\n","protected":false},"excerpt":{"rendered":"<p>Aquest primer trimestre, els nens i nenes de 4t, han comen\u00e7at a les sessions d&#8217;educaci\u00f3 f\u00edsica el projecte Formigues cooperatives. Hem experimentat amb els reptes cooperatius que ens han proposat des del projecte, per tal d&#8217;aprendre qu\u00e8 \u00e9s un repte, les seves parts i les seves normes. Un repte cooperatiu \u00e9s&#8230;. Un\u00a0repte que nom\u00e9s es [&hellip;]<\/p>\n","protected":false},"author":3,"featured_media":22080,"comment_status":"closed","ping_status":"closed","sticky":false,"template":"","format":"standard","meta":{"_bbp_topic_count":0,"_bbp_reply_count":0,"_bbp_total_topic_count":0,"_bbp_total_reply_count":0,"_bbp_voice_count":0,"_bbp_anonymous_reply_count":0,"_bbp_topic_count_hidden":0,"_bbp_reply_count_hidden":0,"_bbp_forum_subforum_count":0,"site-sidebar-layout":"default","site-content-layout":"","ast-site-content-layout":"","site-content-style":"default","site-sidebar-style":"default","ast-global-header-display":"","ast-banner-title-visibility":"","ast-main-header-display":"","ast-hfb-above-header-display":"","ast-hfb-below-header-display":"","ast-hfb-mobile-header-display":"","site-post-title":"","ast-breadcrumbs-content":"","ast-featured-img":"","footer-sml-layout":"","theme-transparent-header-meta":"","adv-header-id-meta":"","stick-header-meta":"","header-above-stick-meta":"","header-main-stick-meta":"","header-below-stick-meta":"","astra-migrate-meta-layouts":"default","ast-page-background-enabled":"default","ast-page-background-meta":{"desktop":{"background-color":"var(--ast-global-color-5)","background-image":"","background-repeat":"repeat","background-position":"center center","background-size":"auto","background-attachment":"scroll","background-type":"","background-media":"","overlay-type":"","overlay-color":"","overlay-opacity":"","overlay-gradient":""},"tablet":{"background-color":"","background-image":"","background-repeat":"repeat","background-position":"center center","background-size":"auto","background-attachment":"scroll","background-type":"","background-media":"","overlay-type":"","overlay-color":"","overlay-opacity":"","overlay-gradient":""},"mobile":{"background-color":"","background-image":"","background-repeat":"repeat","background-position":"center center","background-size":"auto","background-attachment":"scroll","background-type":"","background-media":"","overlay-type":"","overlay-color":"","overlay-opacity":"","overlay-gradient":""}},"ast-content-background-meta":{"desktop":{"background-color":"var(--ast-global-color-4)","background-image":"","background-repeat":"repeat","background-position":"center center","background-size":"auto","background-attachment":"scroll","background-type":"","background-media":"","overlay-type":"","overlay-color":"","overlay-opacity":"","overlay-gradient":""},"tablet":{"background-color":"var(--ast-global-color-4)","background-image":"","background-repeat":"repeat","background-position":"center center","background-size":"auto","background-attachment":"scroll","background-type":"","background-media":"","overlay-type":"","overlay-color":"","overlay-opacity":"","overlay-gradient":""},"mobile":{"background-color":"var(--ast-global-color-4)","background-image":"","background-repeat":"repeat","background-position":"center center","background-size":"auto","background-attachment":"scroll","background-type":"","background-media":"","overlay-type":"","overlay-color":"","overlay-opacity":"","overlay-gradient":""}},"footnotes":""},"categories":[1,61,4],"tags":[],"class_list":["post-22079","post","type-post","status-publish","format-standard","has-post-thumbnail","hentry","category-general","category-nascuts-2011","category-portada"],"post_mailing_queue_ids":[],"_links":{"self":[{"href":"https:\/\/agora.xtec.cat\/escolacanfabra\/wp-json\/wp\/v2\/posts\/22079","targetHints":{"allow":["GET"]}}],"collection":[{"href":"https:\/\/agora.xtec.cat\/escolacanfabra\/wp-json\/wp\/v2\/posts"}],"about":[{"href":"https:\/\/agora.xtec.cat\/escolacanfabra\/wp-json\/wp\/v2\/types\/post"}],"author":[{"embeddable":true,"href":"https:\/\/agora.xtec.cat\/escolacanfabra\/wp-json\/wp\/v2\/users\/3"}],"replies":[{"embeddable":true,"href":"https:\/\/agora.xtec.cat\/escolacanfabra\/wp-json\/wp\/v2\/comments?post=22079"}],"version-history":[{"count":4,"href":"https:\/\/agora.xtec.cat\/escolacanfabra\/wp-json\/wp\/v2\/posts\/22079\/revisions"}],"predecessor-version":[{"id":22244,"href":"https:\/\/agora.xtec.cat\/escolacanfabra\/wp-json\/wp\/v2\/posts\/22079\/revisions\/22244"}],"wp:featuredmedia":[{"embeddable":true,"href":"https:\/\/agora.xtec.cat\/escolacanfabra\/wp-json\/wp\/v2\/media\/22080"}],"wp:attachment":[{"href":"https:\/\/agora.xtec.cat\/escolacanfabra\/wp-json\/wp\/v2\/media?parent=22079"}],"wp:term":[{"taxonomy":"category","embeddable":true,"href":"https:\/\/agora.xtec.cat\/escolacanfabra\/wp-json\/wp\/v2\/categories?post=22079"},{"taxonomy":"post_tag","embeddable":true,"href":"https:\/\/agora.xtec.cat\/escolacanfabra\/wp-json\/wp\/v2\/tags?post=22079"}],"curies":[{"name":"wp","href":"https:\/\/api.w.org\/{rel}","templated":true}]}}