{"id":21208,"date":"2020-10-25T20:13:08","date_gmt":"2020-10-25T19:13:08","guid":{"rendered":"https:\/\/agora.xtec.cat\/escolacanfabra\/?p=21208"},"modified":"2020-10-25T20:13:08","modified_gmt":"2020-10-25T19:13:08","slug":"sortida-de-banksy-5eb","status":"publish","type":"post","link":"https:\/\/agora.xtec.cat\/escolacanfabra\/portada\/sortida-de-banksy-5eb\/","title":{"rendered":"Sortida de Banksy 5\u00e8B"},"content":{"rendered":"<p><span style=\"font-weight: 400;\">Hola, <\/span><\/p>\n<p><span style=\"font-weight: 400;\">som la classe dels EXPERIMENTS (5\u00e8B) i us anem a parlar de l\u2019exposici\u00f3 de BANKSY.<\/span><\/p>\n<p><span style=\"font-weight: 400;\">Vam anar amb autocar. Quan vam arribar a l\u2019exposici\u00f3 ens van donar una entrada i seguidament ens van explicar el que antigament era aquella sala d\u2019exposicions. Primer va ser una f\u00e0brica t\u00e8xtil, despr\u00e9s va ser una exposici\u00f3 d&#8217;autom\u00f2bils fins que el propietari es va cansar. Llavors va vendre els cotxes en una subhasta. Actualment \u00e9s una sala d\u2019exposicions.\u00a0<\/span><\/p>\n<p><span style=\"font-weight: 400;\">Despr\u00e9s ens va explicar el que li agradava i el que no a BANKSY, a continuaci\u00f3 teniu la llista.<\/span><\/p>\n<p><span style=\"font-weight: 400;\">EL QUE LI AGRADAVA:<\/span><\/p>\n<p><span style=\"font-weight: 400;\">-La pau.<\/span><\/p>\n<p><span style=\"font-weight: 400;\">EL QUE NO LI AGRADAVA:<\/span><\/p>\n<p><span style=\"font-weight: 400;\">-La guerra.<\/span><\/p>\n<p><span style=\"font-weight: 400;\">-El maltractament animal.<\/span><\/p>\n<p><span style=\"font-weight: 400;\">-La destrucci\u00f3 del medi ambient.<\/span><\/p>\n<p><span style=\"font-weight: 400;\">-Que es vagi en contra dels drets dels infants.<\/span><\/p>\n<p><span style=\"font-weight: 400;\">-El capitalisme i el consumisme.<\/span><\/p>\n<p>&nbsp;<\/p>\n<p><span style=\"font-weight: 400;\">Aquestes s\u00f3n algunes <a href=\"https:\/\/agora.xtec.cat\/escolacanfabra\/album-fotos-2010b\/\">fotos<\/a> de quan vam anar a l\u2019exposici\u00f3 de BANKSY.<\/span><\/p>\n","protected":false},"excerpt":{"rendered":"<p>Hola, som la classe dels EXPERIMENTS (5\u00e8B) i us anem a parlar de l\u2019exposici\u00f3 de BANKSY. Vam anar amb autocar. Quan vam arribar a l\u2019exposici\u00f3 ens van donar una entrada i seguidament ens van explicar el que antigament era aquella sala d\u2019exposicions. Primer va ser una f\u00e0brica t\u00e8xtil, despr\u00e9s va ser una exposici\u00f3 d&#8217;autom\u00f2bils fins [&hellip;]<\/p>\n","protected":false},"author":3,"featured_media":21256,"comment_status":"open","ping_status":"closed","sticky":false,"template":"","format":"standard","meta":{"_bbp_topic_count":0,"_bbp_reply_count":0,"_bbp_total_topic_count":0,"_bbp_total_reply_count":0,"_bbp_voice_count":0,"_bbp_anonymous_reply_count":0,"_bbp_topic_count_hidden":0,"_bbp_reply_count_hidden":0,"_bbp_forum_subforum_count":0,"site-sidebar-layout":"default","site-content-layout":"","ast-site-content-layout":"","site-content-style":"default","site-sidebar-style":"default","ast-global-header-display":"","ast-banner-title-visibility":"","ast-main-header-display":"","ast-hfb-above-header-display":"","ast-hfb-below-header-display":"","ast-hfb-mobile-header-display":"","site-post-title":"","ast-breadcrumbs-content":"","ast-featured-img":"","footer-sml-layout":"","theme-transparent-header-meta":"","adv-header-id-meta":"","stick-header-meta":"","header-above-stick-meta":"","header-main-stick-meta":"","header-below-stick-meta":"","astra-migrate-meta-layouts":"default","ast-page-background-enabled":"default","ast-page-background-meta":{"desktop":{"background-color":"var(--ast-global-color-5)","background-image":"","background-repeat":"repeat","background-position":"center center","background-size":"auto","background-attachment":"scroll","background-type":"","background-media":"","overlay-type":"","overlay-color":"","overlay-opacity":"","overlay-gradient":""},"tablet":{"background-color":"","background-image":"","background-repeat":"repeat","background-position":"center center","background-size":"auto","background-attachment":"scroll","background-type":"","background-media":"","overlay-type":"","overlay-color":"","overlay-opacity":"","overlay-gradient":""},"mobile":{"background-color":"","background-image":"","background-repeat":"repeat","background-position":"center center","background-size":"auto","background-attachment":"scroll","background-type":"","background-media":"","overlay-type":"","overlay-color":"","overlay-opacity":"","overlay-gradient":""}},"ast-content-background-meta":{"desktop":{"background-color":"var(--ast-global-color-4)","background-image":"","background-repeat":"repeat","background-position":"center center","background-size":"auto","background-attachment":"scroll","background-type":"","background-media":"","overlay-type":"","overlay-color":"","overlay-opacity":"","overlay-gradient":""},"tablet":{"background-color":"var(--ast-global-color-4)","background-image":"","background-repeat":"repeat","background-position":"center center","background-size":"auto","background-attachment":"scroll","background-type":"","background-media":"","overlay-type":"","overlay-color":"","overlay-opacity":"","overlay-gradient":""},"mobile":{"background-color":"var(--ast-global-color-4)","background-image":"","background-repeat":"repeat","background-position":"center center","background-size":"auto","background-attachment":"scroll","background-type":"","background-media":"","overlay-type":"","overlay-color":"","overlay-opacity":"","overlay-gradient":""}},"footnotes":""},"categories":[62,4],"tags":[],"class_list":["post-21208","post","type-post","status-publish","format-standard","has-post-thumbnail","hentry","category-nascuts-2010","category-portada"],"post_mailing_queue_ids":[],"_links":{"self":[{"href":"https:\/\/agora.xtec.cat\/escolacanfabra\/wp-json\/wp\/v2\/posts\/21208","targetHints":{"allow":["GET"]}}],"collection":[{"href":"https:\/\/agora.xtec.cat\/escolacanfabra\/wp-json\/wp\/v2\/posts"}],"about":[{"href":"https:\/\/agora.xtec.cat\/escolacanfabra\/wp-json\/wp\/v2\/types\/post"}],"author":[{"embeddable":true,"href":"https:\/\/agora.xtec.cat\/escolacanfabra\/wp-json\/wp\/v2\/users\/3"}],"replies":[{"embeddable":true,"href":"https:\/\/agora.xtec.cat\/escolacanfabra\/wp-json\/wp\/v2\/comments?post=21208"}],"version-history":[{"count":1,"href":"https:\/\/agora.xtec.cat\/escolacanfabra\/wp-json\/wp\/v2\/posts\/21208\/revisions"}],"predecessor-version":[{"id":21257,"href":"https:\/\/agora.xtec.cat\/escolacanfabra\/wp-json\/wp\/v2\/posts\/21208\/revisions\/21257"}],"wp:featuredmedia":[{"embeddable":true,"href":"https:\/\/agora.xtec.cat\/escolacanfabra\/wp-json\/wp\/v2\/media\/21256"}],"wp:attachment":[{"href":"https:\/\/agora.xtec.cat\/escolacanfabra\/wp-json\/wp\/v2\/media?parent=21208"}],"wp:term":[{"taxonomy":"category","embeddable":true,"href":"https:\/\/agora.xtec.cat\/escolacanfabra\/wp-json\/wp\/v2\/categories?post=21208"},{"taxonomy":"post_tag","embeddable":true,"href":"https:\/\/agora.xtec.cat\/escolacanfabra\/wp-json\/wp\/v2\/tags?post=21208"}],"curies":[{"name":"wp","href":"https:\/\/api.w.org\/{rel}","templated":true}]}}