{"id":20792,"date":"2020-09-08T20:59:44","date_gmt":"2020-09-08T18:59:44","guid":{"rendered":"https:\/\/agora.xtec.cat\/escolacanfabra\/?p=20792"},"modified":"2020-09-08T21:02:08","modified_gmt":"2020-09-08T19:02:08","slug":"ajuts-menjador-2","status":"publish","type":"post","link":"https:\/\/agora.xtec.cat\/escolacanfabra\/portada\/ajuts-menjador-2\/","title":{"rendered":"AJUTS MENJADOR"},"content":{"rendered":"<h4><\/h4>\n<h2><b>SOL\u00b7LICITUD D\u2019AJUTS DE MENJADOR PER AL CURS 20-21<\/b><\/h2>\n<p><span style=\"font-weight: 400;\">\u00a0Avui s\u2019obre el termini per a demanar l\u2019ajut de menjador. Podreu sol\u00b7litar-lo del <strong>7 al 20 de setembre,<\/strong><\/span><\/p>\n<p><span style=\"font-weight: 400;\">Un cop passat aquest termini, com en anys anteriors, hi haur\u00e0 un per\u00edode obert (per a nouvinguts i situacions sobrevingudes).\u00a0<\/span><\/p>\n<p><span style=\"font-weight: 400;\">Les sol\u00b7licituds d\u2019enguany es faran de <\/span><b>forma telem\u00e0tica<\/b><span style=\"font-weight: 400;\">, a trav\u00e9s de l\u2019enlla\u00e7 que s&#8217;ha publicat al web del Consorci d\u2019Educaci\u00f3 de Barcelona:\u00a0<\/span><\/p>\n<p><a href=\"https:\/\/www.edubcn.cat\/ext\/html\/Ajuts\/ajutsmenjador.html\"><span style=\"font-weight: 400;\">FORMULARI SOL\u00b7LICITUD<\/span><\/a><\/p>\n<p><span style=\"font-weight: 400;\">No hi haur\u00e0 sol\u00b7licitud en paper disponible, per\u00f2 si necessiteu ajut per a fer els tr\u00e0mits, podeu adre\u00e7ar-vos a:\u00a0<\/span><\/p>\n<p><span style=\"font-weight: 400;\">o \u00a0 Tel\u00e8fons d\u2019assist\u00e8ncia per a l\u2019emplenament de la sol\u00b7licitud <\/span><span style=\"font-weight: 400;\">667366863 i 638684531 (tamb\u00e9 es pot demanar cita pr\u00e8via per fer l\u2019atenci\u00f3 telef\u00f2nica)<\/span><\/p>\n<p><span style=\"font-weight: 400;\">o \u00a0 Oficina d\u2019atenci\u00f3 del Consorci d\u2019Educaci\u00f3 de Barcelona, <\/span><a href=\"https:\/\/www.google.com\/maps\/search\/Pla%C3%A7a+Urquinaona,6?entry=gmail&amp;source=g\"><span style=\"font-weight: 400;\">Pla\u00e7a Urquinaona,6<\/span><\/a><span style=\"font-weight: 400;\"> atenci\u00f3 amb <\/span><span style=\"font-weight: 400;\">cita pr\u00e8via<\/span><\/p>\n<p><span style=\"font-weight: 400;\">o \u00a0 OME <\/span><a href=\"https:\/\/www.google.com\/maps\/search\/Sant+Andreu,+c%2F+Sant+Adri%C3%A0,+20?entry=gmail&amp;source=g\"><span style=\"font-weight: 400;\">Sant Andreu, c\/ Sant Adri\u00e0, 20<\/span><\/a><span style=\"font-weight: 400;\"> recinte Fabra i Coats<\/span><span style=\"font-weight: 400;\"> atenci\u00f3 amb <\/span><span style=\"font-weight: 400;\">cita pr\u00e8via<\/span><\/p>\n<p><span style=\"font-weight: 400;\">o \u00a0 OME <\/span><a href=\"https:\/\/www.google.com\/maps\/search\/Ciutat+Vella,+Placeta+del+Pi,+2?entry=gmail&amp;source=g\"><span style=\"font-weight: 400;\">Ciutat Vella, Placeta del Pi, 2<\/span><\/a><span style=\"font-weight: 400;\"> atenci\u00f3 amb cita <\/span><span style=\"font-weight: 400;\">pr\u00e8via<\/span><\/p>\n<p><span style=\"font-weight: 400;\">o \u00a0 Institut Rambla Prim, <\/span><a href=\"https:\/\/www.google.com\/maps\/search\/c%2F+Crist%C3%B3bal+de+Moura+223?entry=gmail&amp;source=g\"><span style=\"font-weight: 400;\">c\/ Crist\u00f3bal de Moura 223<\/span><\/a><span style=\"font-weight: 400;\"> atenci\u00f3 amb cita pr\u00e8via<\/span><\/p>\n<p>&nbsp;<\/p>\n<p><span style=\"font-weight: 400;\">Un cop tingueu la sol\u00b7licitud <\/span><b>impresa i signada<\/b><span style=\"font-weight: 400;\">, <\/span><span style=\"font-weight: 400;\">l\u2019heu de portar a l\u2019escola (<\/span><b>entre el 7 i el 20 de setembre, de 9 a 13<\/b><span style=\"font-weight: 400;\">)<\/span><span style=\"font-weight: 400;\">, juntament amb la documentaci\u00f3 <\/span><span style=\"font-weight: 400;\">(en aquells casos que sigui necess\u00e0ria)<\/span><span style=\"font-weight: 400;\">. Nom\u00e9s c<\/span><span style=\"font-weight: 400;\">al adjuntar documentaci\u00f3 en aquests casos:<\/span><\/p>\n<p><span style=\"font-weight: 400;\">o \u00a0 resoluci\u00f3 d\u2019acolliment<\/span><\/p>\n<p><span style=\"font-weight: 400;\">o \u00a0 valoraci\u00f3 social dels serveis socials de fora de Barcelona<\/span><\/p>\n<p><span style=\"font-weight: 400;\">o \u00a0 bases de cotitzaci\u00f3 de l\u2019any 2019 de les treballadores de la llar<\/span><\/p>\n<p><span style=\"font-weight: 400;\">o \u00a0 <\/span><span style=\"font-weight: 400;\">documentaci\u00f3 justificativa d\u2019altres ingressos que no estiguin recollits a la sol\u00b7licitud i que no es puguin comprovar d\u2019ofici<\/span><\/p>\n<p><span style=\"font-weight: 400;\">Aquest any no hi ha Fons d\u2019Emerg\u00e8ncia Social ni renovacions, per tant, tothom que vulgui participar d\u2019aquesta convocat\u00f2ria haur\u00e0 de tramitar la sol\u00b7licitud d\u2019ajuts de menjador.\u00a0<\/span><\/p>\n<p><span style=\"font-weight: 400;\">Si necessiteu m\u00e9s informaci\u00f3, podeu consultar el<\/span><a href=\"https:\/\/www.edubcn.cat\/ca\/alumnat_i_familia\/ajuts_beques_i_subvencions\/ajuts_de_menjador_escolar\"><span style=\"font-weight: 400;\"> web del Consorci d\u2019Educaci\u00f3<\/span><\/a><span style=\"font-weight: 400;\">.<\/span><\/p>\n","protected":false},"excerpt":{"rendered":"<p>SOL\u00b7LICITUD D\u2019AJUTS DE MENJADOR PER AL CURS 20-21 \u00a0Avui s\u2019obre el termini per a demanar l\u2019ajut de menjador. Podreu sol\u00b7litar-lo del 7 al 20 de setembre, Un cop passat aquest termini, com en anys anteriors, hi haur\u00e0 un per\u00edode obert (per a nouvinguts i situacions sobrevingudes).\u00a0 Les sol\u00b7licituds d\u2019enguany es faran de forma telem\u00e0tica, a [&hellip;]<\/p>\n","protected":false},"author":1,"featured_media":20722,"comment_status":"open","ping_status":"closed","sticky":false,"template":"","format":"standard","meta":{"_bbp_topic_count":0,"_bbp_reply_count":0,"_bbp_total_topic_count":0,"_bbp_total_reply_count":0,"_bbp_voice_count":0,"_bbp_anonymous_reply_count":0,"_bbp_topic_count_hidden":0,"_bbp_reply_count_hidden":0,"_bbp_forum_subforum_count":0,"site-sidebar-layout":"default","site-content-layout":"","ast-site-content-layout":"","site-content-style":"default","site-sidebar-style":"default","ast-global-header-display":"","ast-banner-title-visibility":"","ast-main-header-display":"","ast-hfb-above-header-display":"","ast-hfb-below-header-display":"","ast-hfb-mobile-header-display":"","site-post-title":"","ast-breadcrumbs-content":"","ast-featured-img":"","footer-sml-layout":"","theme-transparent-header-meta":"","adv-header-id-meta":"","stick-header-meta":"","header-above-stick-meta":"","header-main-stick-meta":"","header-below-stick-meta":"","astra-migrate-meta-layouts":"default","ast-page-background-enabled":"default","ast-page-background-meta":{"desktop":{"background-color":"var(--ast-global-color-5)","background-image":"","background-repeat":"repeat","background-position":"center center","background-size":"auto","background-attachment":"scroll","background-type":"","background-media":"","overlay-type":"","overlay-color":"","overlay-opacity":"","overlay-gradient":""},"tablet":{"background-color":"","background-image":"","background-repeat":"repeat","background-position":"center center","background-size":"auto","background-attachment":"scroll","background-type":"","background-media":"","overlay-type":"","overlay-color":"","overlay-opacity":"","overlay-gradient":""},"mobile":{"background-color":"","background-image":"","background-repeat":"repeat","background-position":"center center","background-size":"auto","background-attachment":"scroll","background-type":"","background-media":"","overlay-type":"","overlay-color":"","overlay-opacity":"","overlay-gradient":""}},"ast-content-background-meta":{"desktop":{"background-color":"var(--ast-global-color-4)","background-image":"","background-repeat":"repeat","background-position":"center center","background-size":"auto","background-attachment":"scroll","background-type":"","background-media":"","overlay-type":"","overlay-color":"","overlay-opacity":"","overlay-gradient":""},"tablet":{"background-color":"var(--ast-global-color-4)","background-image":"","background-repeat":"repeat","background-position":"center center","background-size":"auto","background-attachment":"scroll","background-type":"","background-media":"","overlay-type":"","overlay-color":"","overlay-opacity":"","overlay-gradient":""},"mobile":{"background-color":"var(--ast-global-color-4)","background-image":"","background-repeat":"repeat","background-position":"center center","background-size":"auto","background-attachment":"scroll","background-type":"","background-media":"","overlay-type":"","overlay-color":"","overlay-opacity":"","overlay-gradient":""}},"footnotes":""},"categories":[4],"tags":[],"class_list":["post-20792","post","type-post","status-publish","format-standard","has-post-thumbnail","hentry","category-portada"],"post_mailing_queue_ids":[],"_links":{"self":[{"href":"https:\/\/agora.xtec.cat\/escolacanfabra\/wp-json\/wp\/v2\/posts\/20792","targetHints":{"allow":["GET"]}}],"collection":[{"href":"https:\/\/agora.xtec.cat\/escolacanfabra\/wp-json\/wp\/v2\/posts"}],"about":[{"href":"https:\/\/agora.xtec.cat\/escolacanfabra\/wp-json\/wp\/v2\/types\/post"}],"author":[{"embeddable":true,"href":"https:\/\/agora.xtec.cat\/escolacanfabra\/wp-json\/wp\/v2\/users\/1"}],"replies":[{"embeddable":true,"href":"https:\/\/agora.xtec.cat\/escolacanfabra\/wp-json\/wp\/v2\/comments?post=20792"}],"version-history":[{"count":2,"href":"https:\/\/agora.xtec.cat\/escolacanfabra\/wp-json\/wp\/v2\/posts\/20792\/revisions"}],"predecessor-version":[{"id":20794,"href":"https:\/\/agora.xtec.cat\/escolacanfabra\/wp-json\/wp\/v2\/posts\/20792\/revisions\/20794"}],"wp:featuredmedia":[{"embeddable":true,"href":"https:\/\/agora.xtec.cat\/escolacanfabra\/wp-json\/wp\/v2\/media\/20722"}],"wp:attachment":[{"href":"https:\/\/agora.xtec.cat\/escolacanfabra\/wp-json\/wp\/v2\/media?parent=20792"}],"wp:term":[{"taxonomy":"category","embeddable":true,"href":"https:\/\/agora.xtec.cat\/escolacanfabra\/wp-json\/wp\/v2\/categories?post=20792"},{"taxonomy":"post_tag","embeddable":true,"href":"https:\/\/agora.xtec.cat\/escolacanfabra\/wp-json\/wp\/v2\/tags?post=20792"}],"curies":[{"name":"wp","href":"https:\/\/api.w.org\/{rel}","templated":true}]}}