{"id":20421,"date":"2020-04-26T11:56:25","date_gmt":"2020-04-26T09:56:25","guid":{"rendered":"https:\/\/agora.xtec.cat\/escolacanfabra\/?p=20421"},"modified":"2020-04-26T22:21:10","modified_gmt":"2020-04-26T20:21:10","slug":"propostes-musicals-en-confinament","status":"publish","type":"post","link":"https:\/\/agora.xtec.cat\/escolacanfabra\/general\/propostes-musicals-en-confinament\/","title":{"rendered":"PROPOSTES MUSICALS &#8230;en confinament!"},"content":{"rendered":"<p style=\"text-align: center;\"><strong>Benvinguts i benvingudes a la nova p\u00e0gina de m\u00fasica!<\/strong><\/p>\n<p>En aquesta \u00e8poca confinada trobareu moltes propostes musicals a internet!<\/p>\n<p>En aquest raconet de m\u00fasica trobar\u00e0s v\u00eddeos i recomanacions de propostes elaborades per fer m\u00fasica a casa amb jocs i activitats que he anat proposant cada setmana des de l&#8217;escola:<\/p>\n<p><strong>Setmana Confinada 1:<\/strong><\/p>\n<p><a href=\"https:\/\/www.youtube.com\/watch?v=mkJXh52fF8c\"><img loading=\"lazy\" decoding=\"async\" class=\"size-full wp-image-20417 aligncenter\" src=\"https:\/\/agora.xtec.cat\/escolacanfabra\/wp-content\/uploads\/usu1954\/2020\/04\/please-stay-homa.png\" alt=\"\" width=\"296\" height=\"297\" srcset=\"https:\/\/agora.xtec.cat\/escolacanfabra\/wp-content\/uploads\/usu1954\/2020\/04\/please-stay-homa.png 296w, https:\/\/agora.xtec.cat\/escolacanfabra\/wp-content\/uploads\/usu1954\/2020\/04\/please-stay-homa-150x150.png 150w\" sizes=\"auto, (max-width: 296px) 100vw, 296px\" \/><\/a><\/p>\n<p>&nbsp;<\/p>\n<p><strong>Setmana Confinada 2:<\/strong><\/p>\n<p>PROPOSTES DE CREATIVITAT.<\/p>\n<p>Aqu\u00ed podrem trobar idees per a fer una can\u00e7\u00f3 i inventar una coreografia!<\/p>\n<p><a href=\"https:\/\/musicaenaccio.blogspot.com\/p\/creativitat.html\"><img loading=\"lazy\" decoding=\"async\" class=\"alignnone size-large wp-image-20420\" src=\"https:\/\/agora.xtec.cat\/escolacanfabra\/wp-content\/uploads\/usu1954\/2020\/04\/IMG_20200405_175022-760x1024.jpg\" alt=\"\" width=\"760\" height=\"1024\" srcset=\"https:\/\/agora.xtec.cat\/escolacanfabra\/wp-content\/uploads\/usu1954\/2020\/04\/IMG_20200405_175022-760x1024.jpg 760w, https:\/\/agora.xtec.cat\/escolacanfabra\/wp-content\/uploads\/usu1954\/2020\/04\/IMG_20200405_175022-223x300.jpg 223w, https:\/\/agora.xtec.cat\/escolacanfabra\/wp-content\/uploads\/usu1954\/2020\/04\/IMG_20200405_175022-768x1035.jpg 768w, https:\/\/agora.xtec.cat\/escolacanfabra\/wp-content\/uploads\/usu1954\/2020\/04\/IMG_20200405_175022.jpg 1080w\" sizes=\"auto, (max-width: 760px) 100vw, 760px\" \/><\/a><\/p>\n<p>&nbsp;<\/p>\n<p>&nbsp;<\/p>\n<p>&nbsp;<\/p>\n<p><strong>Setmana Confinada 3: <\/strong><\/p>\n<p>T&#8217;animes a fer PERCUSSI\u00d3 CORPORAL?<\/p>\n<p>Amb la m\u00fasica que m\u00e9s t&#8217;agradi i picant r\u00edtmicament mans, peus, cuixes, dits&#8230;.<\/p>\n<p>Trobar\u00e0s propostes seq\u00fcenciades adaptades des d&#8217;infantil i prim\u00e0ria, clica la imatge!<\/p>\n<p><a href=\"https:\/\/musicaenaccio.blogspot.com\/p\/passatemps-musicals.html\"><img loading=\"lazy\" decoding=\"async\" class=\"alignnone size-large wp-image-20415\" src=\"https:\/\/agora.xtec.cat\/escolacanfabra\/wp-content\/uploads\/usu1954\/2020\/04\/1586103019311-1024x640.jpeg\" alt=\"\" width=\"1024\" height=\"640\" srcset=\"https:\/\/agora.xtec.cat\/escolacanfabra\/wp-content\/uploads\/usu1954\/2020\/04\/1586103019311-1024x640.jpeg 1024w, https:\/\/agora.xtec.cat\/escolacanfabra\/wp-content\/uploads\/usu1954\/2020\/04\/1586103019311-300x188.jpeg 300w, https:\/\/agora.xtec.cat\/escolacanfabra\/wp-content\/uploads\/usu1954\/2020\/04\/1586103019311-768x480.jpeg 768w, https:\/\/agora.xtec.cat\/escolacanfabra\/wp-content\/uploads\/usu1954\/2020\/04\/1586103019311.jpeg 1728w\" sizes=\"auto, (max-width: 1024px) 100vw, 1024px\" \/><\/a><\/p>\n<p>&nbsp;<\/p>\n<p>&nbsp;<\/p>\n<p><strong>Setmana confinada 4:<\/strong><\/p>\n<p>Coneixes Bach? T&#8217;engrescaries a fer una composici\u00f3 com les que feia aquest gran mestre de la m\u00fasica?<\/p>\n<p>Sembla complicat, oi?<\/p>\n<p>En aquest espai, trobar\u00e0s eines i jocs per a poder explotar al m\u00e0xim la teva creativitat! I potser ser\u00e0s capa\u00e7 de crear les teves pr\u00f2pies melodies: tria i remena al lloc web que et proposem,<\/p>\n<p>&nbsp;<\/p>\n<p><a href=\"https:\/\/musicaenaccio.blogspot.com\/p\/composicio-musical.html\"><img loading=\"lazy\" decoding=\"async\" class=\"alignnone size-large wp-image-20414\" src=\"https:\/\/agora.xtec.cat\/escolacanfabra\/wp-content\/uploads\/usu1954\/2020\/04\/IMG_20200402_222234-995x1024.jpg\" alt=\"\" width=\"995\" height=\"1024\" srcset=\"https:\/\/agora.xtec.cat\/escolacanfabra\/wp-content\/uploads\/usu1954\/2020\/04\/IMG_20200402_222234-995x1024.jpg 995w, https:\/\/agora.xtec.cat\/escolacanfabra\/wp-content\/uploads\/usu1954\/2020\/04\/IMG_20200402_222234-291x300.jpg 291w, https:\/\/agora.xtec.cat\/escolacanfabra\/wp-content\/uploads\/usu1954\/2020\/04\/IMG_20200402_222234-768x791.jpg 768w, https:\/\/agora.xtec.cat\/escolacanfabra\/wp-content\/uploads\/usu1954\/2020\/04\/IMG_20200402_222234.jpg 1391w\" sizes=\"auto, (max-width: 995px) 100vw, 995px\" \/><\/a><\/p>\n<p><strong>Setmana confinada 5:<\/strong><\/p>\n<p>Fem una BATUCADA CASOLANA!<\/p>\n<p>Encara que no tinguem instruments no tenim excusa per no fer m\u00fasica!<\/p>\n<p>El el soroll es converteix en m\u00fasica quan el ritme es fa present. Atreveix-te a crear els teus propis instruments, aqu\u00ed trobar\u00e0s diverses propostes,<\/p>\n<p><a href=\"https:\/\/musicaenaccio.blogspot.com\/p\/batucada-casolana.html\"><img loading=\"lazy\" decoding=\"async\" class=\"alignnone size-large wp-image-20416\" src=\"https:\/\/agora.xtec.cat\/escolacanfabra\/wp-content\/uploads\/usu1954\/2020\/04\/1586723295566-768x1024.jpeg\" alt=\"\" width=\"768\" height=\"1024\" srcset=\"https:\/\/agora.xtec.cat\/escolacanfabra\/wp-content\/uploads\/usu1954\/2020\/04\/1586723295566-768x1024.jpeg 768w, https:\/\/agora.xtec.cat\/escolacanfabra\/wp-content\/uploads\/usu1954\/2020\/04\/1586723295566-225x300.jpeg 225w, https:\/\/agora.xtec.cat\/escolacanfabra\/wp-content\/uploads\/usu1954\/2020\/04\/1586723295566.jpeg 1222w\" sizes=\"auto, (max-width: 768px) 100vw, 768px\" \/><\/a><\/p>\n<p>&nbsp;<\/p>\n<p><strong>Setmana\u00a0 Confinada 6:<\/strong><\/p>\n<p>Sant Jordi ha arribat CANTANT <a href=\"https:\/\/www.youtube.com\/watch?v=5Blo20LToGM\">clica aqu\u00ed<\/a> i un munt de reptes t&#8217;esperen!<\/p>\n<p>Aqu\u00ed en trobar\u00e0s uns quants, clica la imatge:<\/p>\n<p><a href=\"https:\/\/musicaenaccio.blogspot.com\/p\/can.html\"><img loading=\"lazy\" decoding=\"async\" class=\"alignnone size-large wp-image-20402\" src=\"https:\/\/agora.xtec.cat\/escolacanfabra\/wp-content\/uploads\/usu1954\/2020\/03\/IMG_20200417_152451-1024x664.jpg\" alt=\"\" width=\"1024\" height=\"664\" srcset=\"https:\/\/agora.xtec.cat\/escolacanfabra\/wp-content\/uploads\/usu1954\/2020\/03\/IMG_20200417_152451-1024x664.jpg 1024w, https:\/\/agora.xtec.cat\/escolacanfabra\/wp-content\/uploads\/usu1954\/2020\/03\/IMG_20200417_152451-300x194.jpg 300w, https:\/\/agora.xtec.cat\/escolacanfabra\/wp-content\/uploads\/usu1954\/2020\/03\/IMG_20200417_152451-768x498.jpg 768w\" sizes=\"auto, (max-width: 1024px) 100vw, 1024px\" \/><\/a><\/p>\n<p><strong>Setmana Confinada 7:<\/strong><\/p>\n<p>La proposta musical de les ODS per aquesta setmana \u00e9s cantar la can\u00e7\u00f3 de la <a href=\"https:\/\/musicaenaccio.blogspot.com\/p\/sopa-amb-trossets-de-pa.html\">SOPA AMB TROSSETS DE PA<\/a> i aprendre&#8217;n la lletra!<\/p>\n<p>Nom\u00e9s els m\u00e9s grans faran la <a href=\"https:\/\/musicaenaccio.blogspot.com\/p\/sopa-amb-trossets-de-pa-cs.html\">percussi\u00f3 corporal de Sopa amb Trossets de Pa<\/a>, amb un element molt original: una olla i cullera al davant, per poder anar menjant entre estrofa i estrofa!<\/p>\n<p>T&#8217;hi atreveixes? Clica la imatge,<\/p>\n<p><a href=\"https:\/\/musicaenaccio.blogspot.com\/\"><img loading=\"lazy\" decoding=\"async\" class=\"alignnone size-full wp-image-20428\" src=\"https:\/\/agora.xtec.cat\/escolacanfabra\/wp-content\/uploads\/usu1954\/2020\/04\/SOPA-CI.jpg\" alt=\"\" width=\"992\" height=\"558\" srcset=\"https:\/\/agora.xtec.cat\/escolacanfabra\/wp-content\/uploads\/usu1954\/2020\/04\/SOPA-CI.jpg 992w, https:\/\/agora.xtec.cat\/escolacanfabra\/wp-content\/uploads\/usu1954\/2020\/04\/SOPA-CI-300x169.jpg 300w, https:\/\/agora.xtec.cat\/escolacanfabra\/wp-content\/uploads\/usu1954\/2020\/04\/SOPA-CI-768x432.jpg 768w\" sizes=\"auto, (max-width: 992px) 100vw, 992px\" \/><\/a><\/p>\n<p>I aqu\u00ed tens la proposta ja acabada,<\/p>\n<p>vols veure uns quants profes de m\u00fasica fent el teu repte? <a href=\"https:\/\/www.youtube.com\/watch?v=23LXOCe351M\">CLICA AQU\u00cd!<\/a><\/p>\n<p>RECORDA: <strong>Les imatges i mini-v\u00eddeos de CICLE INICIAL I CICLE SUPERIOR<\/strong> els podeu penjar al padlet: <a href=\"https:\/\/padlet.com\/musicacf\/6ywfw88kafnrx1bu\">SOPA AMB TROSSETS DE PA <\/a>o enviar-los al correu-classe, com sempre!!<\/p>\n<p style=\"text-align: center;\"><strong>Endavant m\u00fasics, bons m\u00fasics i superm\u00fasics!<\/strong><\/p>\n","protected":false},"excerpt":{"rendered":"<p>Benvinguts i benvingudes a la nova p\u00e0gina de m\u00fasica! En aquesta \u00e8poca confinada trobareu moltes propostes musicals a internet! En aquest raconet de m\u00fasica trobar\u00e0s v\u00eddeos i recomanacions de propostes elaborades per fer m\u00fasica a casa amb jocs i activitats que he anat proposant cada setmana des de l&#8217;escola: Setmana Confinada 1: &nbsp; Setmana Confinada [&hellip;]<\/p>\n","protected":false},"author":3,"featured_media":20417,"comment_status":"open","ping_status":"closed","sticky":false,"template":"","format":"standard","meta":{"_bbp_topic_count":0,"_bbp_reply_count":0,"_bbp_total_topic_count":0,"_bbp_total_reply_count":0,"_bbp_voice_count":0,"_bbp_anonymous_reply_count":0,"_bbp_topic_count_hidden":0,"_bbp_reply_count_hidden":0,"_bbp_forum_subforum_count":0,"site-sidebar-layout":"default","site-content-layout":"","ast-site-content-layout":"","site-content-style":"default","site-sidebar-style":"default","ast-global-header-display":"","ast-banner-title-visibility":"","ast-main-header-display":"","ast-hfb-above-header-display":"","ast-hfb-below-header-display":"","ast-hfb-mobile-header-display":"","site-post-title":"","ast-breadcrumbs-content":"","ast-featured-img":"","footer-sml-layout":"","theme-transparent-header-meta":"","adv-header-id-meta":"","stick-header-meta":"","header-above-stick-meta":"","header-main-stick-meta":"","header-below-stick-meta":"","astra-migrate-meta-layouts":"default","ast-page-background-enabled":"default","ast-page-background-meta":{"desktop":{"background-color":"var(--ast-global-color-5)","background-image":"","background-repeat":"repeat","background-position":"center center","background-size":"auto","background-attachment":"scroll","background-type":"","background-media":"","overlay-type":"","overlay-color":"","overlay-opacity":"","overlay-gradient":""},"tablet":{"background-color":"","background-image":"","background-repeat":"repeat","background-position":"center center","background-size":"auto","background-attachment":"scroll","background-type":"","background-media":"","overlay-type":"","overlay-color":"","overlay-opacity":"","overlay-gradient":""},"mobile":{"background-color":"","background-image":"","background-repeat":"repeat","background-position":"center center","background-size":"auto","background-attachment":"scroll","background-type":"","background-media":"","overlay-type":"","overlay-color":"","overlay-opacity":"","overlay-gradient":""}},"ast-content-background-meta":{"desktop":{"background-color":"var(--ast-global-color-4)","background-image":"","background-repeat":"repeat","background-position":"center center","background-size":"auto","background-attachment":"scroll","background-type":"","background-media":"","overlay-type":"","overlay-color":"","overlay-opacity":"","overlay-gradient":""},"tablet":{"background-color":"var(--ast-global-color-4)","background-image":"","background-repeat":"repeat","background-position":"center center","background-size":"auto","background-attachment":"scroll","background-type":"","background-media":"","overlay-type":"","overlay-color":"","overlay-opacity":"","overlay-gradient":""},"mobile":{"background-color":"var(--ast-global-color-4)","background-image":"","background-repeat":"repeat","background-position":"center center","background-size":"auto","background-attachment":"scroll","background-type":"","background-media":"","overlay-type":"","overlay-color":"","overlay-opacity":"","overlay-gradient":""}},"footnotes":""},"categories":[1,2,65,62,61,133,82,241,262,4,263],"tags":[],"class_list":["post-20421","post","type-post","status-publish","format-standard","has-post-thumbnail","hentry","category-general","category-infantil","category-nascuts-2006","category-nascuts-2010","category-nascuts-2011","category-nascuts-2012","category-nascuts-2013","category-nascuts-2015","category-nascuts-2016","category-portada","category-primaria"],"post_mailing_queue_ids":[],"_links":{"self":[{"href":"https:\/\/agora.xtec.cat\/escolacanfabra\/wp-json\/wp\/v2\/posts\/20421","targetHints":{"allow":["GET"]}}],"collection":[{"href":"https:\/\/agora.xtec.cat\/escolacanfabra\/wp-json\/wp\/v2\/posts"}],"about":[{"href":"https:\/\/agora.xtec.cat\/escolacanfabra\/wp-json\/wp\/v2\/types\/post"}],"author":[{"embeddable":true,"href":"https:\/\/agora.xtec.cat\/escolacanfabra\/wp-json\/wp\/v2\/users\/3"}],"replies":[{"embeddable":true,"href":"https:\/\/agora.xtec.cat\/escolacanfabra\/wp-json\/wp\/v2\/comments?post=20421"}],"version-history":[{"count":4,"href":"https:\/\/agora.xtec.cat\/escolacanfabra\/wp-json\/wp\/v2\/posts\/20421\/revisions"}],"predecessor-version":[{"id":20469,"href":"https:\/\/agora.xtec.cat\/escolacanfabra\/wp-json\/wp\/v2\/posts\/20421\/revisions\/20469"}],"wp:featuredmedia":[{"embeddable":true,"href":"https:\/\/agora.xtec.cat\/escolacanfabra\/wp-json\/wp\/v2\/media\/20417"}],"wp:attachment":[{"href":"https:\/\/agora.xtec.cat\/escolacanfabra\/wp-json\/wp\/v2\/media?parent=20421"}],"wp:term":[{"taxonomy":"category","embeddable":true,"href":"https:\/\/agora.xtec.cat\/escolacanfabra\/wp-json\/wp\/v2\/categories?post=20421"},{"taxonomy":"post_tag","embeddable":true,"href":"https:\/\/agora.xtec.cat\/escolacanfabra\/wp-json\/wp\/v2\/tags?post=20421"}],"curies":[{"name":"wp","href":"https:\/\/api.w.org\/{rel}","templated":true}]}}