{"id":19963,"date":"2020-03-21T12:46:59","date_gmt":"2020-03-21T11:46:59","guid":{"rendered":"https:\/\/agora.xtec.cat\/escolacanfabra\/?p=19963"},"modified":"2020-04-19T14:29:57","modified_gmt":"2020-04-19T12:29:57","slug":"musica-2","status":"publish","type":"post","link":"https:\/\/agora.xtec.cat\/escolacanfabra\/infantil\/musica-2\/","title":{"rendered":"M\u00fasica"},"content":{"rendered":"<p><strong>Hola a TOTES I TOTS ELS CANFABRATS I CANFABRADES a casa!<\/strong><\/p>\n<p>A tots els confinats i a\u00efllats, mainada i fam\u00edlies que volem fer coses divertides! La proposta musical de la setmana \u00e9s:<\/p>\n<p style=\"text-align: center;\"><strong>CANTEM PER SANT JORDI !!<a href=\"https:\/\/agora.xtec.cat\/escolacanfabra\/wp-content\/uploads\/usu1954\/2020\/03\/IMG_20200417_152451.jpg\"><img loading=\"lazy\" decoding=\"async\" class=\"alignnone size-large wp-image-20402\" src=\"https:\/\/agora.xtec.cat\/escolacanfabra\/wp-content\/uploads\/usu1954\/2020\/03\/IMG_20200417_152451-1024x664.jpg\" alt=\"\" width=\"1024\" height=\"664\" srcset=\"https:\/\/agora.xtec.cat\/escolacanfabra\/wp-content\/uploads\/usu1954\/2020\/03\/IMG_20200417_152451-1024x664.jpg 1024w, https:\/\/agora.xtec.cat\/escolacanfabra\/wp-content\/uploads\/usu1954\/2020\/03\/IMG_20200417_152451-300x194.jpg 300w, https:\/\/agora.xtec.cat\/escolacanfabra\/wp-content\/uploads\/usu1954\/2020\/03\/IMG_20200417_152451-768x498.jpg 768w\" sizes=\"auto, (max-width: 1024px) 100vw, 1024px\" \/><\/a><\/strong><\/p>\n<p style=\"text-align: center;\"><strong><span style=\"text-align: center;\">A l&#8217;enlla\u00e7, ho trobareu tot. Cliqueu\u00a0<\/span><a style=\"text-align: center;\" href=\"https:\/\/musicaenaccio.blogspot.com\/\">AQU\u00cd<\/a><span style=\"text-align: center;\">!!<\/span><\/strong><\/p>\n<p>Podeu seguir <strong>COMPARTINT FOTOS I V\u00cdDEOS\u00a0 al correu classe<\/strong>!<\/p>\n<p><strong>CADA SETMANA<\/strong>\u00a0s&#8217;aniran afegint <strong>NOVES<\/strong> <strong>PROPOSTES I NOUS REPTES<\/strong>, activitats i jocs musicals per fer a casa!!<\/p>\n<p style=\"text-align: center;\"><strong>FINS BEN AVIAT&#8230;<\/strong><\/p>\n<p style=\"text-align: center;\"><strong>&#8230;M\u00daSICS, BONS M\u00daSICS I SUPERM\u00daSICS!!<\/strong><\/p>\n<p>&nbsp;<\/p>\n","protected":false},"excerpt":{"rendered":"<p>Hola a TOTES I TOTS ELS CANFABRATS I CANFABRADES a casa! A tots els confinats i a\u00efllats, mainada i fam\u00edlies que volem fer coses divertides! La proposta musical de la setmana \u00e9s: CANTEM PER SANT JORDI !! A l&#8217;enlla\u00e7, ho trobareu tot. Cliqueu\u00a0AQU\u00cd!! Podeu seguir COMPARTINT FOTOS I V\u00cdDEOS\u00a0 al correu classe! CADA SETMANA\u00a0s&#8217;aniran afegint [&hellip;]<\/p>\n","protected":false},"author":3,"featured_media":20402,"comment_status":"open","ping_status":"closed","sticky":false,"template":"","format":"standard","meta":{"_bbp_topic_count":0,"_bbp_reply_count":0,"_bbp_total_topic_count":0,"_bbp_total_reply_count":0,"_bbp_voice_count":0,"_bbp_anonymous_reply_count":0,"_bbp_topic_count_hidden":0,"_bbp_reply_count_hidden":0,"_bbp_forum_subforum_count":0,"site-sidebar-layout":"default","site-content-layout":"","ast-site-content-layout":"","site-content-style":"default","site-sidebar-style":"default","ast-global-header-display":"","ast-banner-title-visibility":"","ast-main-header-display":"","ast-hfb-above-header-display":"","ast-hfb-below-header-display":"","ast-hfb-mobile-header-display":"","site-post-title":"","ast-breadcrumbs-content":"","ast-featured-img":"","footer-sml-layout":"","theme-transparent-header-meta":"","adv-header-id-meta":"","stick-header-meta":"","header-above-stick-meta":"","header-main-stick-meta":"","header-below-stick-meta":"","astra-migrate-meta-layouts":"default","ast-page-background-enabled":"default","ast-page-background-meta":{"desktop":{"background-color":"var(--ast-global-color-5)","background-image":"","background-repeat":"repeat","background-position":"center center","background-size":"auto","background-attachment":"scroll","background-type":"","background-media":"","overlay-type":"","overlay-color":"","overlay-opacity":"","overlay-gradient":""},"tablet":{"background-color":"","background-image":"","background-repeat":"repeat","background-position":"center center","background-size":"auto","background-attachment":"scroll","background-type":"","background-media":"","overlay-type":"","overlay-color":"","overlay-opacity":"","overlay-gradient":""},"mobile":{"background-color":"","background-image":"","background-repeat":"repeat","background-position":"center center","background-size":"auto","background-attachment":"scroll","background-type":"","background-media":"","overlay-type":"","overlay-color":"","overlay-opacity":"","overlay-gradient":""}},"ast-content-background-meta":{"desktop":{"background-color":"var(--ast-global-color-4)","background-image":"","background-repeat":"repeat","background-position":"center center","background-size":"auto","background-attachment":"scroll","background-type":"","background-media":"","overlay-type":"","overlay-color":"","overlay-opacity":"","overlay-gradient":""},"tablet":{"background-color":"var(--ast-global-color-4)","background-image":"","background-repeat":"repeat","background-position":"center center","background-size":"auto","background-attachment":"scroll","background-type":"","background-media":"","overlay-type":"","overlay-color":"","overlay-opacity":"","overlay-gradient":""},"mobile":{"background-color":"var(--ast-global-color-4)","background-image":"","background-repeat":"repeat","background-position":"center center","background-size":"auto","background-attachment":"scroll","background-type":"","background-media":"","overlay-type":"","overlay-color":"","overlay-opacity":"","overlay-gradient":""}},"footnotes":""},"categories":[2,62,61,133,82,241,262,4,263],"tags":[],"class_list":["post-19963","post","type-post","status-publish","format-standard","has-post-thumbnail","hentry","category-infantil","category-nascuts-2010","category-nascuts-2011","category-nascuts-2012","category-nascuts-2013","category-nascuts-2015","category-nascuts-2016","category-portada","category-primaria"],"post_mailing_queue_ids":[],"_links":{"self":[{"href":"https:\/\/agora.xtec.cat\/escolacanfabra\/wp-json\/wp\/v2\/posts\/19963","targetHints":{"allow":["GET"]}}],"collection":[{"href":"https:\/\/agora.xtec.cat\/escolacanfabra\/wp-json\/wp\/v2\/posts"}],"about":[{"href":"https:\/\/agora.xtec.cat\/escolacanfabra\/wp-json\/wp\/v2\/types\/post"}],"author":[{"embeddable":true,"href":"https:\/\/agora.xtec.cat\/escolacanfabra\/wp-json\/wp\/v2\/users\/3"}],"replies":[{"embeddable":true,"href":"https:\/\/agora.xtec.cat\/escolacanfabra\/wp-json\/wp\/v2\/comments?post=19963"}],"version-history":[{"count":3,"href":"https:\/\/agora.xtec.cat\/escolacanfabra\/wp-json\/wp\/v2\/posts\/19963\/revisions"}],"predecessor-version":[{"id":20403,"href":"https:\/\/agora.xtec.cat\/escolacanfabra\/wp-json\/wp\/v2\/posts\/19963\/revisions\/20403"}],"wp:featuredmedia":[{"embeddable":true,"href":"https:\/\/agora.xtec.cat\/escolacanfabra\/wp-json\/wp\/v2\/media\/20402"}],"wp:attachment":[{"href":"https:\/\/agora.xtec.cat\/escolacanfabra\/wp-json\/wp\/v2\/media?parent=19963"}],"wp:term":[{"taxonomy":"category","embeddable":true,"href":"https:\/\/agora.xtec.cat\/escolacanfabra\/wp-json\/wp\/v2\/categories?post=19963"},{"taxonomy":"post_tag","embeddable":true,"href":"https:\/\/agora.xtec.cat\/escolacanfabra\/wp-json\/wp\/v2\/tags?post=19963"}],"curies":[{"name":"wp","href":"https:\/\/api.w.org\/{rel}","templated":true}]}}