{"id":19907,"date":"2020-03-02T14:46:32","date_gmt":"2020-03-02T13:46:32","guid":{"rendered":"https:\/\/agora.xtec.cat\/escolacanfabra\/?p=19907"},"modified":"2020-03-02T16:36:53","modified_gmt":"2020-03-02T15:36:53","slug":"sortida-de-3r-a-al-museu-de-minerals-darenys-de-mar","status":"publish","type":"post","link":"https:\/\/agora.xtec.cat\/escolacanfabra\/general\/sortida-de-3r-a-al-museu-de-minerals-darenys-de-mar\/","title":{"rendered":"VISITA de 3r A AL MUSEU de minerals d\u2019Arenys de Mar"},"content":{"rendered":"<p style=\"text-align: left;\">Fa uns dies van fer una sortida al Museu de Mineralogia &#8220;Mollfulleda&#8221; d&#8217;Arenys de Mar. Va ser un dia molt interessant, vam gaudir de les instal\u00b7lacions del museu, i van recordar i aprendre moltes coses sobre els minerals: diferencia entre roca i mineral, escala de\u00a0<span class=\"hiddenSpellError\">Mohs<\/span>, la duresa, la imantaci\u00f3 dels minerals, els colors, els usos dels minerals. Van entrar a una sala de fluoresc\u00e8ncia on van poder gaudir d&#8217;un joc de color, i que els nens i nenes poguessin saber en quin color es transformava els minerals.<\/p>\n<p style=\"text-align: left;\">Tamb\u00e9 van fer un taller, on van treballar diferents aspectes com: la duresa, el color, on per descobrir les caracter\u00edstiques dels minerals van fer un parell d&#8217;experiments per esbrinar quins minerals s\u00f3n necessaris per a la nostra vida. Finalment van fer un altre experiment on els nens havien de tastar minerals&#8221; Halita&#8221;, que \u00e9s la sal\u00a0com\u00fa, tenien tres plats i havien d&#8217;identificar quins eren i quin els agradava m\u00e9s al gust.<\/p>\n<p style=\"text-align: left;\">A continuaci\u00f3 van anar a dinar a la platja, que en taules de p\u00edcnic van estar molt b\u00e9, van poder jugar una estona, i acabar de gaudir d&#8217;aquest dia\u00a0tan\u00a0fant\u00e0stic.<\/p>\n<p style=\"text-align: left;\">Finalment\u00a0us ensenyem un seguit de<a href=\"https:\/\/agora.xtec.cat\/escolacanfabra\/serveis\/fotos-de-les-classes\/fotos-de-primaria-cicle-mitja\/fotos-de-3r-a\/\"> fotografies<\/a> perqu\u00e8 pugueu compartir una mica de la nostra experi\u00e8ncia.<\/p>\n","protected":false},"excerpt":{"rendered":"<p>Fa uns dies van fer una sortida al Museu de Mineralogia &#8220;Mollfulleda&#8221; d&#8217;Arenys de Mar. Va ser un dia molt interessant, vam gaudir de les instal\u00b7lacions del museu, i van recordar i aprendre moltes coses sobre els minerals: diferencia entre roca i mineral, escala de\u00a0Mohs, la duresa, la imantaci\u00f3 dels minerals, els colors, els usos [&hellip;]<\/p>\n","protected":false},"author":3,"featured_media":19908,"comment_status":"open","ping_status":"closed","sticky":false,"template":"","format":"standard","meta":{"_bbp_topic_count":0,"_bbp_reply_count":0,"_bbp_total_topic_count":0,"_bbp_total_reply_count":0,"_bbp_voice_count":0,"_bbp_anonymous_reply_count":0,"_bbp_topic_count_hidden":0,"_bbp_reply_count_hidden":0,"_bbp_forum_subforum_count":0,"site-sidebar-layout":"default","site-content-layout":"","ast-site-content-layout":"","site-content-style":"default","site-sidebar-style":"default","ast-global-header-display":"","ast-banner-title-visibility":"","ast-main-header-display":"","ast-hfb-above-header-display":"","ast-hfb-below-header-display":"","ast-hfb-mobile-header-display":"","site-post-title":"","ast-breadcrumbs-content":"","ast-featured-img":"","footer-sml-layout":"","theme-transparent-header-meta":"","adv-header-id-meta":"","stick-header-meta":"","header-above-stick-meta":"","header-main-stick-meta":"","header-below-stick-meta":"","astra-migrate-meta-layouts":"default","ast-page-background-enabled":"default","ast-page-background-meta":{"desktop":{"background-color":"var(--ast-global-color-5)","background-image":"","background-repeat":"repeat","background-position":"center center","background-size":"auto","background-attachment":"scroll","background-type":"","background-media":"","overlay-type":"","overlay-color":"","overlay-opacity":"","overlay-gradient":""},"tablet":{"background-color":"","background-image":"","background-repeat":"repeat","background-position":"center center","background-size":"auto","background-attachment":"scroll","background-type":"","background-media":"","overlay-type":"","overlay-color":"","overlay-opacity":"","overlay-gradient":""},"mobile":{"background-color":"","background-image":"","background-repeat":"repeat","background-position":"center center","background-size":"auto","background-attachment":"scroll","background-type":"","background-media":"","overlay-type":"","overlay-color":"","overlay-opacity":"","overlay-gradient":""}},"ast-content-background-meta":{"desktop":{"background-color":"var(--ast-global-color-4)","background-image":"","background-repeat":"repeat","background-position":"center center","background-size":"auto","background-attachment":"scroll","background-type":"","background-media":"","overlay-type":"","overlay-color":"","overlay-opacity":"","overlay-gradient":""},"tablet":{"background-color":"var(--ast-global-color-4)","background-image":"","background-repeat":"repeat","background-position":"center center","background-size":"auto","background-attachment":"scroll","background-type":"","background-media":"","overlay-type":"","overlay-color":"","overlay-opacity":"","overlay-gradient":""},"mobile":{"background-color":"var(--ast-global-color-4)","background-image":"","background-repeat":"repeat","background-position":"center center","background-size":"auto","background-attachment":"scroll","background-type":"","background-media":"","overlay-type":"","overlay-color":"","overlay-opacity":"","overlay-gradient":""}},"footnotes":""},"categories":[1,61,4,263],"tags":[],"class_list":["post-19907","post","type-post","status-publish","format-standard","has-post-thumbnail","hentry","category-general","category-nascuts-2011","category-portada","category-primaria"],"post_mailing_queue_ids":[],"_links":{"self":[{"href":"https:\/\/agora.xtec.cat\/escolacanfabra\/wp-json\/wp\/v2\/posts\/19907","targetHints":{"allow":["GET"]}}],"collection":[{"href":"https:\/\/agora.xtec.cat\/escolacanfabra\/wp-json\/wp\/v2\/posts"}],"about":[{"href":"https:\/\/agora.xtec.cat\/escolacanfabra\/wp-json\/wp\/v2\/types\/post"}],"author":[{"embeddable":true,"href":"https:\/\/agora.xtec.cat\/escolacanfabra\/wp-json\/wp\/v2\/users\/3"}],"replies":[{"embeddable":true,"href":"https:\/\/agora.xtec.cat\/escolacanfabra\/wp-json\/wp\/v2\/comments?post=19907"}],"version-history":[{"count":3,"href":"https:\/\/agora.xtec.cat\/escolacanfabra\/wp-json\/wp\/v2\/posts\/19907\/revisions"}],"predecessor-version":[{"id":19929,"href":"https:\/\/agora.xtec.cat\/escolacanfabra\/wp-json\/wp\/v2\/posts\/19907\/revisions\/19929"}],"wp:featuredmedia":[{"embeddable":true,"href":"https:\/\/agora.xtec.cat\/escolacanfabra\/wp-json\/wp\/v2\/media\/19908"}],"wp:attachment":[{"href":"https:\/\/agora.xtec.cat\/escolacanfabra\/wp-json\/wp\/v2\/media?parent=19907"}],"wp:term":[{"taxonomy":"category","embeddable":true,"href":"https:\/\/agora.xtec.cat\/escolacanfabra\/wp-json\/wp\/v2\/categories?post=19907"},{"taxonomy":"post_tag","embeddable":true,"href":"https:\/\/agora.xtec.cat\/escolacanfabra\/wp-json\/wp\/v2\/tags?post=19907"}],"curies":[{"name":"wp","href":"https:\/\/api.w.org\/{rel}","templated":true}]}}