{"id":19629,"date":"2020-01-17T16:52:30","date_gmt":"2020-01-17T15:52:30","guid":{"rendered":"https:\/\/agora.xtec.cat\/escolacanfabra\/?p=19629"},"modified":"2020-01-17T16:54:00","modified_gmt":"2020-01-17T15:54:00","slug":"que-son-aquests-paquets","status":"publish","type":"post","link":"https:\/\/agora.xtec.cat\/escolacanfabra\/portada\/que-son-aquests-paquets\/","title":{"rendered":"QU\u00c8 S\u00d3N AQUESTS PAQUETS??"},"content":{"rendered":"<p>Aquesta setmana, a la classe dels Volcans i dels Lloros han arribat uns paquets.<\/p>\n<ul>\n<li>Qu\u00e8 poden ser? Pesen? Hi ha per tots?<\/li>\n<\/ul>\n<p>Pluja d&#8217;idees i propostes nom\u00e9s mirant com s\u00f3n: cartes de Pokemon, fotos de lloros o volcans, llapis, cromos&#8230;<\/p>\n<ul>\n<li>Una pista: tot i que hi ha un per cadasc\u00fa, s\u00f3n per la classe.<\/li>\n<li>Els obrim tots a l&#8217;hora?<\/li>\n<\/ul>\n<p>R\u00e0pidament estripem el paper i descobrim que dins hi ha una lletra. Est\u00e0 escrita en lletra lligada. Cadasc\u00fa en t\u00e9 una de diferent i tamb\u00e9 hi ha de colors diferents. Tots l&#8217;ensenyem als altres companys\/es.<\/p>\n<ul style=\"list-style-type: disc;\">\n<li>Ens ajuntem segons el color de la lletra? Perqu\u00e8 hi ha una que s&#8217;ha quedat sola? Qu\u00e8 tenen totes aquestes en com\u00fa per poder ser del mateix color?<\/li>\n<\/ul>\n<p>Si voleu saber la soluci\u00f3, <a href=\"https:\/\/agora.xtec.cat\/escolacanfabra\/serveis\/fotos-de-les-classes\/fotos-de-primaria-cicle-inicial\/sortides-i-activitats-cicle-inicial\/\">mireu les fotos amb ells\/es<\/a>, i que us ho expliquin! <img loading=\"lazy\" decoding=\"async\" class=\"\" src=\"https:\/\/images.vexels.com\/media\/users\/3\/134880\/isolated\/preview\/0240fc6e7b742f250cdcfe9d9061678f-gui--o-emoticon-emoji-by-vexels.png\" alt=\"Resultat d'imatges de emogi gui\u00f1o\" width=\"18\" height=\"18\" \/><\/p>\n<p><em>(A partir d&#8217;ara comen\u00e7arem el treball de la lletra lligada a l&#8217;aula. Anirem parlant i fent la presentaci\u00f3 de totes les lletres i animarem que cadasc\u00fa es llenci a utilitzar-la per escriure el seu nom i cognom i aix\u00ed anar practicant. Respectarem els diferents ritmes\u00a0 i necessitats per\u00f2, sobretot, seguirem donant prioritat a aprendre a escriure, un proc\u00e9s que va molt m\u00e9s enll\u00e0 del tipus de lletra que s&#8217;utilitza)\u00a0\u00a0<\/em><\/p>\n<p>&nbsp;<\/p>\n<p>&nbsp;<\/p>\n","protected":false},"excerpt":{"rendered":"<p>Aquesta setmana, a la classe dels Volcans i dels Lloros han arribat uns paquets. Qu\u00e8 poden ser? Pesen? Hi ha per tots? Pluja d&#8217;idees i propostes nom\u00e9s mirant com s\u00f3n: cartes de Pokemon, fotos de lloros o volcans, llapis, cromos&#8230; Una pista: tot i que hi ha un per cadasc\u00fa, s\u00f3n per la classe. Els [&hellip;]<\/p>\n","protected":false},"author":3,"featured_media":19631,"comment_status":"open","ping_status":"closed","sticky":false,"template":"","format":"standard","meta":{"_bbp_topic_count":0,"_bbp_reply_count":0,"_bbp_total_topic_count":0,"_bbp_total_reply_count":0,"_bbp_voice_count":0,"_bbp_anonymous_reply_count":0,"_bbp_topic_count_hidden":0,"_bbp_reply_count_hidden":0,"_bbp_forum_subforum_count":0,"site-sidebar-layout":"default","site-content-layout":"","ast-site-content-layout":"","site-content-style":"default","site-sidebar-style":"default","ast-global-header-display":"","ast-banner-title-visibility":"","ast-main-header-display":"","ast-hfb-above-header-display":"","ast-hfb-below-header-display":"","ast-hfb-mobile-header-display":"","site-post-title":"","ast-breadcrumbs-content":"","ast-featured-img":"","footer-sml-layout":"","theme-transparent-header-meta":"","adv-header-id-meta":"","stick-header-meta":"","header-above-stick-meta":"","header-main-stick-meta":"","header-below-stick-meta":"","astra-migrate-meta-layouts":"default","ast-page-background-enabled":"default","ast-page-background-meta":{"desktop":{"background-color":"var(--ast-global-color-5)","background-image":"","background-repeat":"repeat","background-position":"center center","background-size":"auto","background-attachment":"scroll","background-type":"","background-media":"","overlay-type":"","overlay-color":"","overlay-opacity":"","overlay-gradient":""},"tablet":{"background-color":"","background-image":"","background-repeat":"repeat","background-position":"center center","background-size":"auto","background-attachment":"scroll","background-type":"","background-media":"","overlay-type":"","overlay-color":"","overlay-opacity":"","overlay-gradient":""},"mobile":{"background-color":"","background-image":"","background-repeat":"repeat","background-position":"center center","background-size":"auto","background-attachment":"scroll","background-type":"","background-media":"","overlay-type":"","overlay-color":"","overlay-opacity":"","overlay-gradient":""}},"ast-content-background-meta":{"desktop":{"background-color":"var(--ast-global-color-4)","background-image":"","background-repeat":"repeat","background-position":"center center","background-size":"auto","background-attachment":"scroll","background-type":"","background-media":"","overlay-type":"","overlay-color":"","overlay-opacity":"","overlay-gradient":""},"tablet":{"background-color":"var(--ast-global-color-4)","background-image":"","background-repeat":"repeat","background-position":"center center","background-size":"auto","background-attachment":"scroll","background-type":"","background-media":"","overlay-type":"","overlay-color":"","overlay-opacity":"","overlay-gradient":""},"mobile":{"background-color":"var(--ast-global-color-4)","background-image":"","background-repeat":"repeat","background-position":"center center","background-size":"auto","background-attachment":"scroll","background-type":"","background-media":"","overlay-type":"","overlay-color":"","overlay-opacity":"","overlay-gradient":""}},"footnotes":""},"categories":[133,4],"tags":[],"class_list":["post-19629","post","type-post","status-publish","format-standard","has-post-thumbnail","hentry","category-nascuts-2012","category-portada"],"post_mailing_queue_ids":[],"_links":{"self":[{"href":"https:\/\/agora.xtec.cat\/escolacanfabra\/wp-json\/wp\/v2\/posts\/19629","targetHints":{"allow":["GET"]}}],"collection":[{"href":"https:\/\/agora.xtec.cat\/escolacanfabra\/wp-json\/wp\/v2\/posts"}],"about":[{"href":"https:\/\/agora.xtec.cat\/escolacanfabra\/wp-json\/wp\/v2\/types\/post"}],"author":[{"embeddable":true,"href":"https:\/\/agora.xtec.cat\/escolacanfabra\/wp-json\/wp\/v2\/users\/3"}],"replies":[{"embeddable":true,"href":"https:\/\/agora.xtec.cat\/escolacanfabra\/wp-json\/wp\/v2\/comments?post=19629"}],"version-history":[{"count":3,"href":"https:\/\/agora.xtec.cat\/escolacanfabra\/wp-json\/wp\/v2\/posts\/19629\/revisions"}],"predecessor-version":[{"id":19636,"href":"https:\/\/agora.xtec.cat\/escolacanfabra\/wp-json\/wp\/v2\/posts\/19629\/revisions\/19636"}],"wp:featuredmedia":[{"embeddable":true,"href":"https:\/\/agora.xtec.cat\/escolacanfabra\/wp-json\/wp\/v2\/media\/19631"}],"wp:attachment":[{"href":"https:\/\/agora.xtec.cat\/escolacanfabra\/wp-json\/wp\/v2\/media?parent=19629"}],"wp:term":[{"taxonomy":"category","embeddable":true,"href":"https:\/\/agora.xtec.cat\/escolacanfabra\/wp-json\/wp\/v2\/categories?post=19629"},{"taxonomy":"post_tag","embeddable":true,"href":"https:\/\/agora.xtec.cat\/escolacanfabra\/wp-json\/wp\/v2\/tags?post=19629"}],"curies":[{"name":"wp","href":"https:\/\/api.w.org\/{rel}","templated":true}]}}