{"id":18809,"date":"2019-09-20T13:42:30","date_gmt":"2019-09-20T11:42:30","guid":{"rendered":"https:\/\/agora.xtec.cat\/escolacanfabra\/?p=18809"},"modified":"2019-09-20T13:43:43","modified_gmt":"2019-09-20T11:43:43","slug":"projecte-refugis-climatics","status":"publish","type":"post","link":"https:\/\/agora.xtec.cat\/escolacanfabra\/general\/projecte-refugis-climatics\/","title":{"rendered":"Projecte Refugis Clim\u00e0tics"},"content":{"rendered":"<p><img loading=\"lazy\" decoding=\"async\" class=\"alignleft size-full wp-image-18810\" src=\"https:\/\/agora.xtec.cat\/escolacanfabra\/wp-content\/uploads\/usu1954\/2019\/09\/refugi-climatic.jpg\" alt=\"\" width=\"278\" height=\"224\" \/>Ens fa molta il\u00b7lusi\u00f3 comunicar-vos que enguany formarem part del projecte <a href=\"http:\/\/lameva.barcelona.cat\/barcelona-pel-clima\/ca\/escoles-refugi-climatic\" target=\"_blank\" rel=\"noopener noreferrer\">Refugis Clim\u00e0tics a les escoles<\/a>. L\u2019Ajuntament de Barcelona ha rebut el finan\u00e7ament d&#8217;un programa de la Comissi\u00f3 Europea per a dur a terme el projecte, que planteja intervencions a onze escoles amb un paquet de mesures blaves (incorporaci\u00f3 de punts d\u2019aigua), verdes (espais d\u2019ombra i vegetaci\u00f3) i grises (actuacions sobre els edificis per millorar-ne l\u2019a\u00efllament). Aquestes intervencions han d&#8217;ajudar a que l&#8217;escola estigui preparada per a esdevenir un<strong> Refugi Clim\u00e0tic<\/strong>, obert al barri i millorar el benestar dels vostres fills i les vostres filles.<\/p>\n<p>ix\u00f2 implica que com a escola treballarem per prendre consci\u00e8ncia de les causes i els efectes del canvi clim\u00e0tic, de com podem mitigar-ne aquests efectes i com ens podem adaptar als canvis en el clima. La nostra intenci\u00f3 \u00e9s fer part\u00edcips tots els membres de la comunitat educativa, tot i que qui far\u00e0 el treball amb m\u00e9s profunditat ser\u00e0 l\u2019alumnat de 5\u00e8.<\/p>\n<p>Aqu\u00ed podeu veure el <strong><a href=\"https:\/\/www.youtube.com\/watch?v=1M-J2tmDH5I\" target=\"_blank\" rel=\"noopener noreferrer\">v\u00eddeo que ha preparat l\u2019organitzaci\u00f3<\/a><\/strong> (atents i atentes perqu\u00e8 hi sortim un parell de cops).<\/p>\n<p>Us anirem informant de les accions que durem a terme i de les not\u00edcies que anem rebent.<\/p>\n","protected":false},"excerpt":{"rendered":"<p>Ens fa molta il\u00b7lusi\u00f3 comunicar-vos que enguany formarem part del projecte Refugis Clim\u00e0tics a les escoles. L\u2019Ajuntament de Barcelona ha rebut el finan\u00e7ament d&#8217;un programa de la Comissi\u00f3 Europea per a dur a terme el projecte, que planteja intervencions a onze escoles amb un paquet de mesures blaves (incorporaci\u00f3 de punts d\u2019aigua), verdes (espais d\u2019ombra [&hellip;]<\/p>\n","protected":false},"author":1,"featured_media":18810,"comment_status":"open","ping_status":"closed","sticky":false,"template":"","format":"standard","meta":{"_bbp_topic_count":0,"_bbp_reply_count":0,"_bbp_total_topic_count":0,"_bbp_total_reply_count":0,"_bbp_voice_count":0,"_bbp_anonymous_reply_count":0,"_bbp_topic_count_hidden":0,"_bbp_reply_count_hidden":0,"_bbp_forum_subforum_count":0,"site-sidebar-layout":"default","site-content-layout":"","ast-site-content-layout":"","site-content-style":"default","site-sidebar-style":"default","ast-global-header-display":"","ast-banner-title-visibility":"","ast-main-header-display":"","ast-hfb-above-header-display":"","ast-hfb-below-header-display":"","ast-hfb-mobile-header-display":"","site-post-title":"","ast-breadcrumbs-content":"","ast-featured-img":"","footer-sml-layout":"","theme-transparent-header-meta":"","adv-header-id-meta":"","stick-header-meta":"","header-above-stick-meta":"","header-main-stick-meta":"","header-below-stick-meta":"","astra-migrate-meta-layouts":"default","ast-page-background-enabled":"default","ast-page-background-meta":{"desktop":{"background-color":"var(--ast-global-color-5)","background-image":"","background-repeat":"repeat","background-position":"center center","background-size":"auto","background-attachment":"scroll","background-type":"","background-media":"","overlay-type":"","overlay-color":"","overlay-opacity":"","overlay-gradient":""},"tablet":{"background-color":"","background-image":"","background-repeat":"repeat","background-position":"center center","background-size":"auto","background-attachment":"scroll","background-type":"","background-media":"","overlay-type":"","overlay-color":"","overlay-opacity":"","overlay-gradient":""},"mobile":{"background-color":"","background-image":"","background-repeat":"repeat","background-position":"center center","background-size":"auto","background-attachment":"scroll","background-type":"","background-media":"","overlay-type":"","overlay-color":"","overlay-opacity":"","overlay-gradient":""}},"ast-content-background-meta":{"desktop":{"background-color":"var(--ast-global-color-4)","background-image":"","background-repeat":"repeat","background-position":"center center","background-size":"auto","background-attachment":"scroll","background-type":"","background-media":"","overlay-type":"","overlay-color":"","overlay-opacity":"","overlay-gradient":""},"tablet":{"background-color":"var(--ast-global-color-4)","background-image":"","background-repeat":"repeat","background-position":"center center","background-size":"auto","background-attachment":"scroll","background-type":"","background-media":"","overlay-type":"","overlay-color":"","overlay-opacity":"","overlay-gradient":""},"mobile":{"background-color":"var(--ast-global-color-4)","background-image":"","background-repeat":"repeat","background-position":"center center","background-size":"auto","background-attachment":"scroll","background-type":"","background-media":"","overlay-type":"","overlay-color":"","overlay-opacity":"","overlay-gradient":""}},"footnotes":""},"categories":[1,71,4],"tags":[],"class_list":["post-18809","post","type-post","status-publish","format-standard","has-post-thumbnail","hentry","category-general","category-noticies","category-portada"],"post_mailing_queue_ids":[],"_links":{"self":[{"href":"https:\/\/agora.xtec.cat\/escolacanfabra\/wp-json\/wp\/v2\/posts\/18809","targetHints":{"allow":["GET"]}}],"collection":[{"href":"https:\/\/agora.xtec.cat\/escolacanfabra\/wp-json\/wp\/v2\/posts"}],"about":[{"href":"https:\/\/agora.xtec.cat\/escolacanfabra\/wp-json\/wp\/v2\/types\/post"}],"author":[{"embeddable":true,"href":"https:\/\/agora.xtec.cat\/escolacanfabra\/wp-json\/wp\/v2\/users\/1"}],"replies":[{"embeddable":true,"href":"https:\/\/agora.xtec.cat\/escolacanfabra\/wp-json\/wp\/v2\/comments?post=18809"}],"version-history":[{"count":2,"href":"https:\/\/agora.xtec.cat\/escolacanfabra\/wp-json\/wp\/v2\/posts\/18809\/revisions"}],"predecessor-version":[{"id":18812,"href":"https:\/\/agora.xtec.cat\/escolacanfabra\/wp-json\/wp\/v2\/posts\/18809\/revisions\/18812"}],"wp:featuredmedia":[{"embeddable":true,"href":"https:\/\/agora.xtec.cat\/escolacanfabra\/wp-json\/wp\/v2\/media\/18810"}],"wp:attachment":[{"href":"https:\/\/agora.xtec.cat\/escolacanfabra\/wp-json\/wp\/v2\/media?parent=18809"}],"wp:term":[{"taxonomy":"category","embeddable":true,"href":"https:\/\/agora.xtec.cat\/escolacanfabra\/wp-json\/wp\/v2\/categories?post=18809"},{"taxonomy":"post_tag","embeddable":true,"href":"https:\/\/agora.xtec.cat\/escolacanfabra\/wp-json\/wp\/v2\/tags?post=18809"}],"curies":[{"name":"wp","href":"https:\/\/api.w.org\/{rel}","templated":true}]}}