{"id":18633,"date":"2019-03-08T16:18:03","date_gmt":"2019-03-08T15:18:03","guid":{"rendered":"https:\/\/agora.xtec.cat\/escolacanfabra\/?p=18633"},"modified":"2019-09-24T11:21:24","modified_gmt":"2019-09-24T09:21:24","slug":"benvingudes-i-benvinguts-al-nou-web-de-lescola","status":"publish","type":"post","link":"https:\/\/agora.xtec.cat\/escolacanfabra\/general\/benvingudes-i-benvinguts-al-nou-web-de-lescola\/","title":{"rendered":"Benvingudes i benvinguts a la nova web de l\u2019Escola,"},"content":{"rendered":"<p><img loading=\"lazy\" decoding=\"async\" class=\"alignleft size-medium wp-image-18670\" src=\"https:\/\/agora.xtec.cat\/escolacanfabra\/wp-content\/uploads\/usu1954\/2019\/07\/Sense-t\u00edtol-300x236.jpg\" alt=\"\" width=\"300\" height=\"236\" srcset=\"https:\/\/agora.xtec.cat\/escolacanfabra\/wp-content\/uploads\/usu1954\/2019\/07\/Sense-t\u00edtol-300x236.jpg 300w, https:\/\/agora.xtec.cat\/escolacanfabra\/wp-content\/uploads\/usu1954\/2019\/07\/Sense-t\u00edtol.jpg 327w\" sizes=\"auto, (max-width: 300px) 100vw, 300px\" \/>Per tal de millorar la comunicaci\u00f3 de l\u2019escola i fer una web m\u00e9s accessible i usable, n&#8217;hem canviat el disseny.<\/p>\n<p>De moment el contingut \u00e9s molt semblant al que ja hi havia, per\u00f2 esperem oferir-vos m\u00e9s serveis. Una de les novetats que hi ha \u00e9s un <strong>calendari<\/strong> amb les activitats principals de l\u2019escola. Aix\u00ed que si no us en recordeu de quan s\u00f3n les portes obertes, ja teniu un lloc on mirar-ho!<\/p>\n<p>Veureu tamb\u00e9 que alguns espais s\u00f3n privats i per entrar-hi cal una contrasenya, des d&#8217;aquestes p\u00e0gines tindreu acc\u00e9s als formularis d&#8217;<strong>autoritzacions de recollida<\/strong> i de <strong>comunicacions di\u00e0ries<\/strong> i a les fotos de les activitats que es fan a l&#8217;escola.<\/p>\n<p>Desitgem que us trobeu b\u00e9 en aquest nou entorn i si trobeu a faltar alguna informaci\u00f3 o us agradaria fer-nos algun suggeriment de millora no dubteu en deixar-nos un missatge a <a href=\"mailto:canfabra.tac@escolacanfabra.cat\" target=\"_blank\" rel=\"noopener noreferrer\">canfabra.tac@escolacanfabra.cat<\/a>. Segur que entre tots fem una web millor!!!<\/p>\n","protected":false},"excerpt":{"rendered":"<p>Per tal de millorar la comunicaci\u00f3 de l\u2019escola i fer una web m\u00e9s accessible i usable, n&#8217;hem canviat el disseny. De moment el contingut \u00e9s molt semblant al que ja hi havia, per\u00f2 esperem oferir-vos m\u00e9s serveis. Una de les novetats que hi ha \u00e9s un calendari amb les activitats principals de l\u2019escola. Aix\u00ed que [&hellip;]<\/p>\n","protected":false},"author":1,"featured_media":18670,"comment_status":"open","ping_status":"closed","sticky":false,"template":"","format":"standard","meta":{"_bbp_topic_count":0,"_bbp_reply_count":0,"_bbp_total_topic_count":0,"_bbp_total_reply_count":0,"_bbp_voice_count":0,"_bbp_anonymous_reply_count":0,"_bbp_topic_count_hidden":0,"_bbp_reply_count_hidden":0,"_bbp_forum_subforum_count":0,"site-sidebar-layout":"default","site-content-layout":"","ast-site-content-layout":"","site-content-style":"default","site-sidebar-style":"default","ast-global-header-display":"","ast-banner-title-visibility":"","ast-main-header-display":"","ast-hfb-above-header-display":"","ast-hfb-below-header-display":"","ast-hfb-mobile-header-display":"","site-post-title":"","ast-breadcrumbs-content":"","ast-featured-img":"","footer-sml-layout":"","theme-transparent-header-meta":"","adv-header-id-meta":"","stick-header-meta":"","header-above-stick-meta":"","header-main-stick-meta":"","header-below-stick-meta":"","astra-migrate-meta-layouts":"default","ast-page-background-enabled":"default","ast-page-background-meta":{"desktop":{"background-color":"var(--ast-global-color-5)","background-image":"","background-repeat":"repeat","background-position":"center center","background-size":"auto","background-attachment":"scroll","background-type":"","background-media":"","overlay-type":"","overlay-color":"","overlay-opacity":"","overlay-gradient":""},"tablet":{"background-color":"","background-image":"","background-repeat":"repeat","background-position":"center center","background-size":"auto","background-attachment":"scroll","background-type":"","background-media":"","overlay-type":"","overlay-color":"","overlay-opacity":"","overlay-gradient":""},"mobile":{"background-color":"","background-image":"","background-repeat":"repeat","background-position":"center center","background-size":"auto","background-attachment":"scroll","background-type":"","background-media":"","overlay-type":"","overlay-color":"","overlay-opacity":"","overlay-gradient":""}},"ast-content-background-meta":{"desktop":{"background-color":"var(--ast-global-color-4)","background-image":"","background-repeat":"repeat","background-position":"center center","background-size":"auto","background-attachment":"scroll","background-type":"","background-media":"","overlay-type":"","overlay-color":"","overlay-opacity":"","overlay-gradient":""},"tablet":{"background-color":"var(--ast-global-color-4)","background-image":"","background-repeat":"repeat","background-position":"center center","background-size":"auto","background-attachment":"scroll","background-type":"","background-media":"","overlay-type":"","overlay-color":"","overlay-opacity":"","overlay-gradient":""},"mobile":{"background-color":"var(--ast-global-color-4)","background-image":"","background-repeat":"repeat","background-position":"center center","background-size":"auto","background-attachment":"scroll","background-type":"","background-media":"","overlay-type":"","overlay-color":"","overlay-opacity":"","overlay-gradient":""}},"footnotes":""},"categories":[1,4],"tags":[],"class_list":["post-18633","post","type-post","status-publish","format-standard","has-post-thumbnail","hentry","category-general","category-portada"],"post_mailing_queue_ids":[],"_links":{"self":[{"href":"https:\/\/agora.xtec.cat\/escolacanfabra\/wp-json\/wp\/v2\/posts\/18633","targetHints":{"allow":["GET"]}}],"collection":[{"href":"https:\/\/agora.xtec.cat\/escolacanfabra\/wp-json\/wp\/v2\/posts"}],"about":[{"href":"https:\/\/agora.xtec.cat\/escolacanfabra\/wp-json\/wp\/v2\/types\/post"}],"author":[{"embeddable":true,"href":"https:\/\/agora.xtec.cat\/escolacanfabra\/wp-json\/wp\/v2\/users\/1"}],"replies":[{"embeddable":true,"href":"https:\/\/agora.xtec.cat\/escolacanfabra\/wp-json\/wp\/v2\/comments?post=18633"}],"version-history":[{"count":4,"href":"https:\/\/agora.xtec.cat\/escolacanfabra\/wp-json\/wp\/v2\/posts\/18633\/revisions"}],"predecessor-version":[{"id":18744,"href":"https:\/\/agora.xtec.cat\/escolacanfabra\/wp-json\/wp\/v2\/posts\/18633\/revisions\/18744"}],"wp:featuredmedia":[{"embeddable":true,"href":"https:\/\/agora.xtec.cat\/escolacanfabra\/wp-json\/wp\/v2\/media\/18670"}],"wp:attachment":[{"href":"https:\/\/agora.xtec.cat\/escolacanfabra\/wp-json\/wp\/v2\/media?parent=18633"}],"wp:term":[{"taxonomy":"category","embeddable":true,"href":"https:\/\/agora.xtec.cat\/escolacanfabra\/wp-json\/wp\/v2\/categories?post=18633"},{"taxonomy":"post_tag","embeddable":true,"href":"https:\/\/agora.xtec.cat\/escolacanfabra\/wp-json\/wp\/v2\/tags?post=18633"}],"curies":[{"name":"wp","href":"https:\/\/api.w.org\/{rel}","templated":true}]}}