{"id":18132,"date":"2018-12-28T11:12:34","date_gmt":"2018-12-28T09:12:34","guid":{"rendered":"https:\/\/escolacanfabra.cat\/?p=18132"},"modified":"2018-12-28T11:12:34","modified_gmt":"2018-12-28T09:12:34","slug":"larribada-del-tio","status":"publish","type":"post","link":"https:\/\/agora.xtec.cat\/escolacanfabra\/noticies\/larribada-del-tio\/","title":{"rendered":"L&#8217;ARRIBADA DEL TI\u00d3."},"content":{"rendered":"<p>UN ANY M\u00c9S S&#8217;APROPA LA DATA DE LA VISITA DE L&#8217;ONCLE BUSCALL. SABEU QUI \u00c9S?<br \/>\nDONCS L&#8217;ONCLE BUSCALL T\u00c9 CURA DELS TIONS QUE ES DESPERTEN ALS ARBRES. VA VOLTANT PELS BOSCOS DEL M\u00d3N DESPENJANT ELS TIONS QUE VA TROBANT, SEMPRE AMB L&#8217;AJUT DE LA SEVA COSINA I ACOMPANYAT DEL COLGAFOCS, L&#8217;HEURA I LA BASTONA.<\/p>\n<p>I AVUI HEM TINGUT LA CERTESA QUE L&#8217;ONCLE BUSCALL \u00c9S A PROP. HEM TROBAT ELS ULLS A LA PALMERA DE L&#8217;ESCOLA!!!<br \/>\nJA PODEM TRUCAR A L&#8217;ONCLE BUSCALL.<img loading=\"lazy\" decoding=\"async\" src=\"https:\/\/agora.xtec.cat\/escolacanfabra\/wp-content\/uploads\/usu1954\/2018\/12\/IMG_20181211_122155-600x450.jpg\" alt=\"\" width=\"600\" height=\"450\" class=\"alignnone size-medium wp-image-18134\" \/><\/p>\n<p><img loading=\"lazy\" decoding=\"async\" src=\"https:\/\/agora.xtec.cat\/escolacanfabra\/wp-content\/uploads\/usu1954\/2018\/12\/IMG_20181211_122200-600x450.jpg\" alt=\"\" width=\"600\" height=\"450\" class=\"alignnone size-medium wp-image-18135\" \/><\/p>\n<p><img loading=\"lazy\" decoding=\"async\" src=\"https:\/\/agora.xtec.cat\/escolacanfabra\/wp-content\/uploads\/usu1954\/2018\/12\/IMG_20181211_122205-600x450.jpg\" alt=\"\" width=\"600\" height=\"450\" class=\"alignnone size-medium wp-image-18136\" \/><\/p>\n<p>L&#8217;ONCLE BUSCALL ENS AVISA QUE ARRIBAR\u00c0 DIVENDRES 14, EL MATEIX DIA DEL CONCERT DE NADAL !!!<br \/>\nJA PODEM COMEN\u00c7AR A ASSAJAR LA SEVA CAN\u00c7\u00d3: JO TINC UNA BARRETINA, JO EN TINC, TU EN TENS. JO VAIG CAP A LA MUNTANYA, JO HI VAIG, TU HI VAS&#8230;<img loading=\"lazy\" decoding=\"async\" src=\"https:\/\/agora.xtec.cat\/escolacanfabra\/wp-content\/uploads\/usu1954\/2018\/12\/IMG_20181211_122151-450x600.jpg\" alt=\"\" width=\"450\" height=\"600\" class=\"alignnone size-medium wp-image-18133\" \/><\/p>\n<p>PER F\u00cd, L&#8217;ONCLE BUSCALL I LA SEVA COSINA ENS HAN PORTAT EL TI\u00d3 !!!<br \/>\n<img loading=\"lazy\" decoding=\"async\" src=\"https:\/\/agora.xtec.cat\/escolacanfabra\/wp-content\/uploads\/usu1954\/2018\/12\/ONCLE-BUSCALL-338x600.jpg\" alt=\"\" width=\"338\" height=\"600\" class=\"alignnone size-medium wp-image-18138\" \/><\/p>\n<p>DESPR\u00c9S D&#8217;ALIMENTAR-LO LI CANTEM AMB IL\u00b7LUSI\u00d3:<br \/>\nCAGA TI\u00d3, AVELLANES I TORR\u00d3, NO CAGUIS ARENGADES QUE S\u00d3N MASSA SALADES&#8230;<br \/>\n<img loading=\"lazy\" decoding=\"async\" src=\"https:\/\/agora.xtec.cat\/escolacanfabra\/wp-content\/uploads\/usu1954\/2018\/12\/IMG_20181220_121941-600x450.jpg\" alt=\"\" width=\"600\" height=\"450\" class=\"alignnone size-medium wp-image-18139\" \/><\/p>\n<p><img loading=\"lazy\" decoding=\"async\" src=\"https:\/\/agora.xtec.cat\/escolacanfabra\/wp-content\/uploads\/usu1954\/2018\/12\/IMG_20181220_121954-600x450.jpg\" alt=\"\" width=\"600\" height=\"450\" class=\"alignnone size-medium wp-image-18140\" \/><\/p>\n<p><img loading=\"lazy\" decoding=\"async\" src=\"https:\/\/agora.xtec.cat\/escolacanfabra\/wp-content\/uploads\/usu1954\/2018\/12\/IMG_20181220_122127-600x450.jpg\" alt=\"\" width=\"600\" height=\"450\" class=\"alignnone size-medium wp-image-18141\" \/><\/p>\n<p><img loading=\"lazy\" decoding=\"async\" src=\"https:\/\/agora.xtec.cat\/escolacanfabra\/wp-content\/uploads\/usu1954\/2018\/12\/IMG_20181220_122134-450x600.jpg\" alt=\"\" width=\"450\" height=\"600\" class=\"alignnone size-medium wp-image-18142\" \/><\/p>\n<p><img loading=\"lazy\" decoding=\"async\" src=\"https:\/\/agora.xtec.cat\/escolacanfabra\/wp-content\/uploads\/usu1954\/2018\/12\/IMG_20181220_122223-600x450.jpg\" alt=\"\" width=\"600\" height=\"450\" class=\"alignnone size-medium wp-image-18143\" \/><\/p>\n<p><img loading=\"lazy\" decoding=\"async\" src=\"https:\/\/agora.xtec.cat\/escolacanfabra\/wp-content\/uploads\/usu1954\/2018\/12\/IMG_20181220_122229-600x450.jpg\" alt=\"\" width=\"600\" height=\"450\" class=\"alignnone size-medium wp-image-18144\" \/><\/p>\n<p><img loading=\"lazy\" decoding=\"async\" src=\"https:\/\/agora.xtec.cat\/escolacanfabra\/wp-content\/uploads\/usu1954\/2018\/12\/IMG_20181220_122326-600x450.jpg\" alt=\"\" width=\"600\" height=\"450\" class=\"alignnone size-medium wp-image-18145\" \/><\/p>\n<p><img loading=\"lazy\" decoding=\"async\" src=\"https:\/\/agora.xtec.cat\/escolacanfabra\/wp-content\/uploads\/usu1954\/2018\/12\/IMG_20181220_122334-600x450.jpg\" alt=\"\" width=\"600\" height=\"450\" class=\"alignnone size-medium wp-image-18146\" \/><\/p>\n<p><img loading=\"lazy\" decoding=\"async\" src=\"https:\/\/agora.xtec.cat\/escolacanfabra\/wp-content\/uploads\/usu1954\/2018\/12\/IMG_20181220_122431-600x450.jpg\" alt=\"\" width=\"600\" height=\"450\" class=\"alignnone size-medium wp-image-18147\" \/><\/p>\n<p><img loading=\"lazy\" decoding=\"async\" src=\"https:\/\/agora.xtec.cat\/escolacanfabra\/wp-content\/uploads\/usu1954\/2018\/12\/IMG_20181220_122444-600x450.jpg\" alt=\"\" width=\"600\" height=\"450\" class=\"alignnone size-medium wp-image-18148\" \/><\/p>\n<p><img loading=\"lazy\" decoding=\"async\" src=\"https:\/\/agora.xtec.cat\/escolacanfabra\/wp-content\/uploads\/usu1954\/2018\/12\/IMG_20181220_122550-600x450.jpg\" alt=\"\" width=\"600\" height=\"450\" class=\"alignnone size-medium wp-image-18149\" \/><\/p>\n<p><img loading=\"lazy\" decoding=\"async\" src=\"https:\/\/agora.xtec.cat\/escolacanfabra\/wp-content\/uploads\/usu1954\/2018\/12\/IMG_20181220_122601-600x450.jpg\" alt=\"\" width=\"600\" height=\"450\" class=\"alignnone size-medium wp-image-18150\" \/><\/p>\n<p><img loading=\"lazy\" decoding=\"async\" src=\"https:\/\/agora.xtec.cat\/escolacanfabra\/wp-content\/uploads\/usu1954\/2018\/12\/IMG_20181220_122654-600x450.jpg\" alt=\"\" width=\"600\" height=\"450\" class=\"alignnone size-medium wp-image-18151\" \/><\/p>\n<p><img loading=\"lazy\" decoding=\"async\" src=\"https:\/\/agora.xtec.cat\/escolacanfabra\/wp-content\/uploads\/usu1954\/2018\/12\/IMG_20181220_122701-600x450.jpg\" alt=\"\" width=\"600\" height=\"450\" class=\"alignnone size-medium wp-image-18152\" \/><\/p>\n<p><img loading=\"lazy\" decoding=\"async\" src=\"https:\/\/agora.xtec.cat\/escolacanfabra\/wp-content\/uploads\/usu1954\/2018\/12\/IMG_20181220_122825-600x450.jpg\" alt=\"\" width=\"600\" height=\"450\" class=\"alignnone size-medium wp-image-18153\" \/><\/p>\n<p><img loading=\"lazy\" decoding=\"async\" src=\"https:\/\/agora.xtec.cat\/escolacanfabra\/wp-content\/uploads\/usu1954\/2018\/12\/IMG_20181220_122826-600x450.jpg\" alt=\"\" width=\"600\" height=\"450\" class=\"alignnone size-medium wp-image-18154\" \/><\/p>\n<p><img loading=\"lazy\" decoding=\"async\" src=\"https:\/\/agora.xtec.cat\/escolacanfabra\/wp-content\/uploads\/usu1954\/2018\/12\/IMG_20181220_122833-600x450.jpg\" alt=\"\" width=\"600\" height=\"450\" class=\"alignnone size-medium wp-image-18155\" \/><\/p>\n<p><img loading=\"lazy\" decoding=\"async\" src=\"https:\/\/agora.xtec.cat\/escolacanfabra\/wp-content\/uploads\/usu1954\/2018\/12\/IMG_20181220_123005-600x450.jpg\" alt=\"\" width=\"600\" height=\"450\" class=\"alignnone size-medium wp-image-18156\" \/><\/p>\n<p><img loading=\"lazy\" decoding=\"async\" src=\"https:\/\/agora.xtec.cat\/escolacanfabra\/wp-content\/uploads\/usu1954\/2018\/12\/IMG_20181220_123008-600x450.jpg\" alt=\"\" width=\"600\" height=\"450\" class=\"alignnone size-medium wp-image-18157\" \/><\/p>\n<p><img loading=\"lazy\" decoding=\"async\" src=\"https:\/\/agora.xtec.cat\/escolacanfabra\/wp-content\/uploads\/usu1954\/2018\/12\/IMG_20181220_123015-600x450.jpg\" alt=\"\" width=\"600\" height=\"450\" class=\"alignnone size-medium wp-image-18158\" \/><\/p>\n<p>I ENS PREPAREM A GAUDIR DEL QUE ENS HA CAGAT: NEULES, TORRONS I BOMBOLLES DE SAB\u00d3 !<br \/>\n<img loading=\"lazy\" decoding=\"async\" src=\"https:\/\/agora.xtec.cat\/escolacanfabra\/wp-content\/uploads\/usu1954\/2018\/12\/IMG_20181220_124208-c\u00f2pia-600x450.jpg\" alt=\"\" width=\"600\" height=\"450\" class=\"alignnone size-medium wp-image-18159\" \/><\/p>\n<p><img loading=\"lazy\" decoding=\"async\" src=\"https:\/\/agora.xtec.cat\/escolacanfabra\/wp-content\/uploads\/usu1954\/2018\/12\/IMG_20181220_124226-c\u00f2pia-600x450.jpg\" alt=\"\" width=\"600\" height=\"450\" class=\"alignnone size-medium wp-image-18160\" \/><\/p>\n<p><img loading=\"lazy\" decoding=\"async\" src=\"https:\/\/agora.xtec.cat\/escolacanfabra\/wp-content\/uploads\/usu1954\/2018\/12\/IMG_20181220_124243-c\u00f2pia-600x450.jpg\" alt=\"\" width=\"600\" height=\"450\" class=\"alignnone size-medium wp-image-18161\" \/><\/p>\n<p><img loading=\"lazy\" decoding=\"async\" src=\"https:\/\/agora.xtec.cat\/escolacanfabra\/wp-content\/uploads\/usu1954\/2018\/12\/IMG_20181220_132311-c\u00f2pia-600x450.jpg\" alt=\"\" width=\"600\" height=\"450\" class=\"alignnone size-medium wp-image-18162\" \/><\/p>\n<p><img loading=\"lazy\" decoding=\"async\" src=\"https:\/\/agora.xtec.cat\/escolacanfabra\/wp-content\/uploads\/usu1954\/2018\/12\/IMG_20181220_132323-c\u00f2pia-600x450.jpg\" alt=\"\" width=\"600\" height=\"450\" class=\"alignnone size-medium wp-image-18163\" \/><\/p>\n<div class=\"ast-oembed-container \" style=\"height: 100%;\"><iframe loading=\"lazy\" title=\"L&#039;Oncle Buscall baixa a ciutat\" width=\"500\" height=\"281\" src=\"https:\/\/www.youtube.com\/embed\/xxK2D1xlQ8s?feature=oembed\" frameborder=\"0\" allow=\"accelerometer; autoplay; clipboard-write; encrypted-media; gyroscope; picture-in-picture; web-share\" referrerpolicy=\"strict-origin-when-cross-origin\" allowfullscreen><\/iframe><\/div>\n","protected":false},"excerpt":{"rendered":"<p>UN ANY M\u00c9S S&#8217;APROPA LA DATA DE LA VISITA DE L&#8217;ONCLE BUSCALL. SABEU QUI \u00c9S? DONCS L&#8217;ONCLE BUSCALL T\u00c9 CURA DELS TIONS QUE ES DESPERTEN ALS ARBRES. VA VOLTANT PELS BOSCOS DEL M\u00d3N DESPENJANT ELS TIONS QUE VA TROBANT, SEMPRE AMB L&#8217;AJUT DE LA SEVA COSINA I ACOMPANYAT DEL COLGAFOCS, L&#8217;HEURA I LA BASTONA. I [&hellip;]<\/p>\n","protected":false},"author":3,"featured_media":18138,"comment_status":"open","ping_status":"open","sticky":false,"template":"","format":"standard","meta":{"_bbp_topic_count":0,"_bbp_reply_count":0,"_bbp_total_topic_count":0,"_bbp_total_reply_count":0,"_bbp_voice_count":0,"_bbp_anonymous_reply_count":0,"_bbp_topic_count_hidden":0,"_bbp_reply_count_hidden":0,"_bbp_forum_subforum_count":0,"site-sidebar-layout":"default","site-content-layout":"","ast-site-content-layout":"","site-content-style":"default","site-sidebar-style":"default","ast-global-header-display":"","ast-banner-title-visibility":"","ast-main-header-display":"","ast-hfb-above-header-display":"","ast-hfb-below-header-display":"","ast-hfb-mobile-header-display":"","site-post-title":"","ast-breadcrumbs-content":"","ast-featured-img":"","footer-sml-layout":"","theme-transparent-header-meta":"","adv-header-id-meta":"","stick-header-meta":"","header-above-stick-meta":"","header-main-stick-meta":"","header-below-stick-meta":"","astra-migrate-meta-layouts":"default","ast-page-background-enabled":"default","ast-page-background-meta":{"desktop":{"background-color":"var(--ast-global-color-5)","background-image":"","background-repeat":"repeat","background-position":"center center","background-size":"auto","background-attachment":"scroll","background-type":"","background-media":"","overlay-type":"","overlay-color":"","overlay-opacity":"","overlay-gradient":""},"tablet":{"background-color":"","background-image":"","background-repeat":"repeat","background-position":"center center","background-size":"auto","background-attachment":"scroll","background-type":"","background-media":"","overlay-type":"","overlay-color":"","overlay-opacity":"","overlay-gradient":""},"mobile":{"background-color":"","background-image":"","background-repeat":"repeat","background-position":"center center","background-size":"auto","background-attachment":"scroll","background-type":"","background-media":"","overlay-type":"","overlay-color":"","overlay-opacity":"","overlay-gradient":""}},"ast-content-background-meta":{"desktop":{"background-color":"var(--ast-global-color-4)","background-image":"","background-repeat":"repeat","background-position":"center center","background-size":"auto","background-attachment":"scroll","background-type":"","background-media":"","overlay-type":"","overlay-color":"","overlay-opacity":"","overlay-gradient":""},"tablet":{"background-color":"var(--ast-global-color-4)","background-image":"","background-repeat":"repeat","background-position":"center center","background-size":"auto","background-attachment":"scroll","background-type":"","background-media":"","overlay-type":"","overlay-color":"","overlay-opacity":"","overlay-gradient":""},"mobile":{"background-color":"var(--ast-global-color-4)","background-image":"","background-repeat":"repeat","background-position":"center center","background-size":"auto","background-attachment":"scroll","background-type":"","background-media":"","overlay-type":"","overlay-color":"","overlay-opacity":"","overlay-gradient":""}},"footnotes":""},"categories":[71],"tags":[258],"class_list":["post-18132","post","type-post","status-publish","format-standard","has-post-thumbnail","hentry","category-noticies","tag-educacio-infantil"],"post_mailing_queue_ids":[],"_links":{"self":[{"href":"https:\/\/agora.xtec.cat\/escolacanfabra\/wp-json\/wp\/v2\/posts\/18132","targetHints":{"allow":["GET"]}}],"collection":[{"href":"https:\/\/agora.xtec.cat\/escolacanfabra\/wp-json\/wp\/v2\/posts"}],"about":[{"href":"https:\/\/agora.xtec.cat\/escolacanfabra\/wp-json\/wp\/v2\/types\/post"}],"author":[{"embeddable":true,"href":"https:\/\/agora.xtec.cat\/escolacanfabra\/wp-json\/wp\/v2\/users\/3"}],"replies":[{"embeddable":true,"href":"https:\/\/agora.xtec.cat\/escolacanfabra\/wp-json\/wp\/v2\/comments?post=18132"}],"version-history":[{"count":0,"href":"https:\/\/agora.xtec.cat\/escolacanfabra\/wp-json\/wp\/v2\/posts\/18132\/revisions"}],"wp:featuredmedia":[{"embeddable":true,"href":"https:\/\/agora.xtec.cat\/escolacanfabra\/wp-json\/wp\/v2\/media\/18138"}],"wp:attachment":[{"href":"https:\/\/agora.xtec.cat\/escolacanfabra\/wp-json\/wp\/v2\/media?parent=18132"}],"wp:term":[{"taxonomy":"category","embeddable":true,"href":"https:\/\/agora.xtec.cat\/escolacanfabra\/wp-json\/wp\/v2\/categories?post=18132"},{"taxonomy":"post_tag","embeddable":true,"href":"https:\/\/agora.xtec.cat\/escolacanfabra\/wp-json\/wp\/v2\/tags?post=18132"}],"curies":[{"name":"wp","href":"https:\/\/api.w.org\/{rel}","templated":true}]}}