{"id":17916,"date":"2018-12-21T13:41:14","date_gmt":"2018-12-21T11:41:14","guid":{"rendered":"https:\/\/escolacanfabra.cat\/?p=17916"},"modified":"2018-12-21T13:41:14","modified_gmt":"2018-12-21T11:41:14","slug":"quina-emocio","status":"publish","type":"post","link":"https:\/\/agora.xtec.cat\/escolacanfabra\/nascuts-2010\/quina-emocio\/","title":{"rendered":"QUINA EMOCI\u00d3!!!"},"content":{"rendered":"<p>Ahir 20 de desembre de 2018 vam fer l&#8217;amic invisible. Ens donava igual que sigues nen o nena, el qu\u00e8 ens importava era fer feli\u00e7 al nostre amic invisible i veure com les cares s&#8217;omplien d&#8217;emoci\u00f3.<br \/>\nDespr\u00e9s del pati pujar\u00edem a la classe i ens trobar\u00edem a sobre de la cadira el regal que la Rosa havia repartit \u201ctoqui qui toqui\u201d. Puj\u00e0vem les escales emocionats i amb moltes ganes de saber qu\u00e8 ens havia tocat.<br \/>\nQuan la professora va obrir la porta tothom va anar corrents al seu lloc a veure qu\u00e8 havia a sobre de la cadira.<br \/>\nVam obrir tots els regals i es van ficar tots molt contents. Els regals eren s\u00faper bonics, tots ells!!<br \/>\nAra us direm uns quants:<br \/>\n&#8211; Llum de tauleta de nit amb una foto de la classe:<br \/>\n&#8211; Guardioles de diferents materials i models.<br \/>\n&#8211; Ninots de neu fets amb arr\u00f2s i mitjons.<br \/>\n&#8211; Bola decorativa amb un Bon Nadal.<br \/>\n&#8211; I moltes coses m\u00e9s.<br \/>\nMoltes gr\u00e0cies a tots els que heu fet possible aquest moment tan bonic!!<br \/>\nLa classe dels Pa\u00efsos us desitja un Bon Nadal I bones festes<\/p>\n<p><img loading=\"lazy\" decoding=\"async\" class=\"alignnone size-medium wp-image-18024\" src=\"https:\/\/agora.xtec.cat\/escolacanfabra\/wp-content\/uploads\/usu1954\/2018\/12\/IMG_6503-600x450.jpg\" alt=\"\" width=\"600\" height=\"450\" \/><\/p>\n","protected":false},"excerpt":{"rendered":"<p>Ahir 20 de desembre de 2018 vam fer l&#8217;amic invisible. Ens donava igual que sigues nen o nena, el qu\u00e8 ens importava era fer feli\u00e7 al nostre amic invisible i veure com les cares s&#8217;omplien d&#8217;emoci\u00f3. Despr\u00e9s del pati pujar\u00edem a la classe i ens trobar\u00edem a sobre de la cadira el regal que la [&hellip;]<\/p>\n","protected":false},"author":3,"featured_media":0,"comment_status":"open","ping_status":"open","sticky":false,"template":"","format":"standard","meta":{"_bbp_topic_count":0,"_bbp_reply_count":0,"_bbp_total_topic_count":0,"_bbp_total_reply_count":0,"_bbp_voice_count":0,"_bbp_anonymous_reply_count":0,"_bbp_topic_count_hidden":0,"_bbp_reply_count_hidden":0,"_bbp_forum_subforum_count":0,"site-sidebar-layout":"default","site-content-layout":"","ast-site-content-layout":"","site-content-style":"default","site-sidebar-style":"default","ast-global-header-display":"","ast-banner-title-visibility":"","ast-main-header-display":"","ast-hfb-above-header-display":"","ast-hfb-below-header-display":"","ast-hfb-mobile-header-display":"","site-post-title":"","ast-breadcrumbs-content":"","ast-featured-img":"","footer-sml-layout":"","theme-transparent-header-meta":"","adv-header-id-meta":"","stick-header-meta":"","header-above-stick-meta":"","header-main-stick-meta":"","header-below-stick-meta":"","astra-migrate-meta-layouts":"default","ast-page-background-enabled":"default","ast-page-background-meta":{"desktop":{"background-color":"var(--ast-global-color-5)","background-image":"","background-repeat":"repeat","background-position":"center center","background-size":"auto","background-attachment":"scroll","background-type":"","background-media":"","overlay-type":"","overlay-color":"","overlay-opacity":"","overlay-gradient":""},"tablet":{"background-color":"","background-image":"","background-repeat":"repeat","background-position":"center center","background-size":"auto","background-attachment":"scroll","background-type":"","background-media":"","overlay-type":"","overlay-color":"","overlay-opacity":"","overlay-gradient":""},"mobile":{"background-color":"","background-image":"","background-repeat":"repeat","background-position":"center center","background-size":"auto","background-attachment":"scroll","background-type":"","background-media":"","overlay-type":"","overlay-color":"","overlay-opacity":"","overlay-gradient":""}},"ast-content-background-meta":{"desktop":{"background-color":"var(--ast-global-color-4)","background-image":"","background-repeat":"repeat","background-position":"center center","background-size":"auto","background-attachment":"scroll","background-type":"","background-media":"","overlay-type":"","overlay-color":"","overlay-opacity":"","overlay-gradient":""},"tablet":{"background-color":"var(--ast-global-color-4)","background-image":"","background-repeat":"repeat","background-position":"center center","background-size":"auto","background-attachment":"scroll","background-type":"","background-media":"","overlay-type":"","overlay-color":"","overlay-opacity":"","overlay-gradient":""},"mobile":{"background-color":"var(--ast-global-color-4)","background-image":"","background-repeat":"repeat","background-position":"center center","background-size":"auto","background-attachment":"scroll","background-type":"","background-media":"","overlay-type":"","overlay-color":"","overlay-opacity":"","overlay-gradient":""}},"footnotes":""},"categories":[62,71],"tags":[],"class_list":["post-17916","post","type-post","status-publish","format-standard","hentry","category-nascuts-2010","category-noticies"],"post_mailing_queue_ids":[],"_links":{"self":[{"href":"https:\/\/agora.xtec.cat\/escolacanfabra\/wp-json\/wp\/v2\/posts\/17916","targetHints":{"allow":["GET"]}}],"collection":[{"href":"https:\/\/agora.xtec.cat\/escolacanfabra\/wp-json\/wp\/v2\/posts"}],"about":[{"href":"https:\/\/agora.xtec.cat\/escolacanfabra\/wp-json\/wp\/v2\/types\/post"}],"author":[{"embeddable":true,"href":"https:\/\/agora.xtec.cat\/escolacanfabra\/wp-json\/wp\/v2\/users\/3"}],"replies":[{"embeddable":true,"href":"https:\/\/agora.xtec.cat\/escolacanfabra\/wp-json\/wp\/v2\/comments?post=17916"}],"version-history":[{"count":0,"href":"https:\/\/agora.xtec.cat\/escolacanfabra\/wp-json\/wp\/v2\/posts\/17916\/revisions"}],"wp:attachment":[{"href":"https:\/\/agora.xtec.cat\/escolacanfabra\/wp-json\/wp\/v2\/media?parent=17916"}],"wp:term":[{"taxonomy":"category","embeddable":true,"href":"https:\/\/agora.xtec.cat\/escolacanfabra\/wp-json\/wp\/v2\/categories?post=17916"},{"taxonomy":"post_tag","embeddable":true,"href":"https:\/\/agora.xtec.cat\/escolacanfabra\/wp-json\/wp\/v2\/tags?post=17916"}],"curies":[{"name":"wp","href":"https:\/\/api.w.org\/{rel}","templated":true}]}}