{"id":17839,"date":"2018-12-13T15:29:54","date_gmt":"2018-12-13T13:29:54","guid":{"rendered":"https:\/\/escolacanfabra.cat\/?p=17839"},"modified":"2018-12-13T15:29:54","modified_gmt":"2018-12-13T13:29:54","slug":"la-nadala-compartida-daquest-any-2018-a-can-fabra","status":"publish","type":"post","link":"https:\/\/agora.xtec.cat\/escolacanfabra\/nascuts-2011\/la-nadala-compartida-daquest-any-2018-a-can-fabra\/","title":{"rendered":"LA NADALA COMPARTIDA D\u00b4AQUEST ANY 2018 A CAN FABRA"},"content":{"rendered":"<p>Hola, fam\u00edlies! Aquest curs, com ja \u00e9s tradici\u00f3 a la nostra escola, un cop finalitzat el concert de Nadal del pr\u00f2xim divendres 14 de desembre, tots plegats: mestres, infants i fam\u00edlies compartirem una nadala ben especial!<\/p>\n<p>La volem compartir amb tots vosaltres, per tal que la pugueu anar assajant abans del dia del concert, i aix\u00ed, cantar- la tots i totes amb molta il\u00b7lusi\u00f3 i emoci\u00f3 compartida.<!--[if lt IE 9]><script>document.createElement('audio');<\/script><![endif]-->\n\t<div class=\"wp-playlist wp-audio-playlist wp-playlist-light\">\n\t\t\t<div class=\"wp-playlist-current-item\"><\/div>\n\t\t<audio controls=\"controls\" preload=\"none\" width=\"640\"\n\t\t\t><\/audio>\n\t<div class=\"wp-playlist-next\"><\/div>\n\t<div class=\"wp-playlist-prev\"><\/div>\n\t<noscript>\n\t<ol>\n\t\t<li><a href='https:\/\/agora.xtec.cat\/escolacanfabra\/wp-content\/uploads\/usu1954\/2018\/12\/AUD-20181212-WA00101.mp3'>Can\u00e7\u00f3 Nadal Compartida 2018<\/a><\/li>\t<\/ol>\n\t<\/noscript>\n\t<script type=\"application\/json\" class=\"wp-playlist-script\">{\"type\":\"audio\",\"tracklist\":true,\"tracknumbers\":true,\"images\":true,\"artists\":true,\"tracks\":[{\"src\":\"https:\\\/\\\/agora.xtec.cat\\\/escolacanfabra\\\/wp-content\\\/uploads\\\/usu1954\\\/2018\\\/12\\\/AUD-20181212-WA00101.mp3\",\"type\":\"audio\\\/mpeg\",\"title\":\"Can\\u00e7\\u00f3 Nadal Compartida 2018\",\"caption\":\"\",\"description\":\"\\\"AUD-20181212-WA0010[1]\\\".\",\"meta\":{\"length_formatted\":\"3:08\"},\"image\":{\"src\":\"https:\\\/\\\/agora.xtec.cat\\\/escolacanfabra\\\/wp-includes\\\/images\\\/media\\\/audio.svg\",\"width\":48,\"height\":64},\"thumb\":{\"src\":\"https:\\\/\\\/agora.xtec.cat\\\/escolacanfabra\\\/wp-includes\\\/images\\\/media\\\/audio.svg\",\"width\":48,\"height\":64}}]}<\/script>\n<\/div>\n\t<\/p>\n<p><a href=\"https:\/\/www.dropbox.com\/s\/jy8u11c4xz1r1av\/Can%C3%A7%C3%B3_equip%20mestres_Nadal%202018.pdf?dl=0\">https:\/\/www.dropbox.com\/s\/jy8u11c4xz1r1av\/Can%C3%A7%C3%B3_equip%20mestres_Nadal%202018.pdf?dl=0<\/a><\/p>\n","protected":false},"excerpt":{"rendered":"<p>Hola, fam\u00edlies! Aquest curs, com ja \u00e9s tradici\u00f3 a la nostra escola, un cop finalitzat el concert de Nadal del pr\u00f2xim divendres 14 de desembre, tots plegats: mestres, infants i fam\u00edlies compartirem una nadala ben especial! La volem compartir amb tots vosaltres, per tal que la pugueu anar assajant abans del dia del concert, i [&hellip;]<\/p>\n","protected":false},"author":3,"featured_media":0,"comment_status":"open","ping_status":"open","sticky":false,"template":"","format":"standard","meta":{"_bbp_topic_count":0,"_bbp_reply_count":0,"_bbp_total_topic_count":0,"_bbp_total_reply_count":0,"_bbp_voice_count":0,"_bbp_anonymous_reply_count":0,"_bbp_topic_count_hidden":0,"_bbp_reply_count_hidden":0,"_bbp_forum_subforum_count":0,"site-sidebar-layout":"default","site-content-layout":"","ast-site-content-layout":"","site-content-style":"default","site-sidebar-style":"default","ast-global-header-display":"","ast-banner-title-visibility":"","ast-main-header-display":"","ast-hfb-above-header-display":"","ast-hfb-below-header-display":"","ast-hfb-mobile-header-display":"","site-post-title":"","ast-breadcrumbs-content":"","ast-featured-img":"","footer-sml-layout":"","theme-transparent-header-meta":"","adv-header-id-meta":"","stick-header-meta":"","header-above-stick-meta":"","header-main-stick-meta":"","header-below-stick-meta":"","astra-migrate-meta-layouts":"default","ast-page-background-enabled":"default","ast-page-background-meta":{"desktop":{"background-color":"var(--ast-global-color-5)","background-image":"","background-repeat":"repeat","background-position":"center center","background-size":"auto","background-attachment":"scroll","background-type":"","background-media":"","overlay-type":"","overlay-color":"","overlay-opacity":"","overlay-gradient":""},"tablet":{"background-color":"","background-image":"","background-repeat":"repeat","background-position":"center center","background-size":"auto","background-attachment":"scroll","background-type":"","background-media":"","overlay-type":"","overlay-color":"","overlay-opacity":"","overlay-gradient":""},"mobile":{"background-color":"","background-image":"","background-repeat":"repeat","background-position":"center center","background-size":"auto","background-attachment":"scroll","background-type":"","background-media":"","overlay-type":"","overlay-color":"","overlay-opacity":"","overlay-gradient":""}},"ast-content-background-meta":{"desktop":{"background-color":"var(--ast-global-color-4)","background-image":"","background-repeat":"repeat","background-position":"center center","background-size":"auto","background-attachment":"scroll","background-type":"","background-media":"","overlay-type":"","overlay-color":"","overlay-opacity":"","overlay-gradient":""},"tablet":{"background-color":"var(--ast-global-color-4)","background-image":"","background-repeat":"repeat","background-position":"center center","background-size":"auto","background-attachment":"scroll","background-type":"","background-media":"","overlay-type":"","overlay-color":"","overlay-opacity":"","overlay-gradient":""},"mobile":{"background-color":"var(--ast-global-color-4)","background-image":"","background-repeat":"repeat","background-position":"center center","background-size":"auto","background-attachment":"scroll","background-type":"","background-media":"","overlay-type":"","overlay-color":"","overlay-opacity":"","overlay-gradient":""}},"footnotes":""},"categories":[65,62,61,133,82,241,71],"tags":[],"class_list":["post-17839","post","type-post","status-publish","format-standard","hentry","category-nascuts-2006","category-nascuts-2010","category-nascuts-2011","category-nascuts-2012","category-nascuts-2013","category-nascuts-2015","category-noticies"],"post_mailing_queue_ids":[],"_links":{"self":[{"href":"https:\/\/agora.xtec.cat\/escolacanfabra\/wp-json\/wp\/v2\/posts\/17839","targetHints":{"allow":["GET"]}}],"collection":[{"href":"https:\/\/agora.xtec.cat\/escolacanfabra\/wp-json\/wp\/v2\/posts"}],"about":[{"href":"https:\/\/agora.xtec.cat\/escolacanfabra\/wp-json\/wp\/v2\/types\/post"}],"author":[{"embeddable":true,"href":"https:\/\/agora.xtec.cat\/escolacanfabra\/wp-json\/wp\/v2\/users\/3"}],"replies":[{"embeddable":true,"href":"https:\/\/agora.xtec.cat\/escolacanfabra\/wp-json\/wp\/v2\/comments?post=17839"}],"version-history":[{"count":0,"href":"https:\/\/agora.xtec.cat\/escolacanfabra\/wp-json\/wp\/v2\/posts\/17839\/revisions"}],"wp:attachment":[{"href":"https:\/\/agora.xtec.cat\/escolacanfabra\/wp-json\/wp\/v2\/media?parent=17839"}],"wp:term":[{"taxonomy":"category","embeddable":true,"href":"https:\/\/agora.xtec.cat\/escolacanfabra\/wp-json\/wp\/v2\/categories?post=17839"},{"taxonomy":"post_tag","embeddable":true,"href":"https:\/\/agora.xtec.cat\/escolacanfabra\/wp-json\/wp\/v2\/tags?post=17839"}],"curies":[{"name":"wp","href":"https:\/\/api.w.org\/{rel}","templated":true}]}}