{"id":17804,"date":"2018-12-03T16:13:35","date_gmt":"2018-12-03T14:13:35","guid":{"rendered":"https:\/\/escolacanfabra.cat\/?p=17804"},"modified":"2018-12-03T16:13:35","modified_gmt":"2018-12-03T14:13:35","slug":"concert-de-nadal-4t","status":"publish","type":"post","link":"https:\/\/agora.xtec.cat\/escolacanfabra\/english\/concert-de-nadal-4t\/","title":{"rendered":"Concert de nadal 4t"},"content":{"rendered":"<p>Benvolgudes fam\u00edlies de 4t,<\/p>\n<p>Com ja sabeu, Nadal s&#8217;apropa. El dia 14 de desembre celebrem a l&#8217;escola el nostre ja tradicional concert. Aquest any els\/les vostres fills\/es cantaran dues can\u00e7ons de la pel\u00b7l\u00edcula Brave (una en catal\u00e0 i una altra en angl\u00e8s).<br \/>\nUs passem l&#8217;\u00e0udio i la lletra de la can\u00e7\u00f3 en catal\u00e0 i l&#8217;enlla\u00e7 per poder practicar la can\u00e7\u00f3 en angl\u00e8s.<br \/>\nCom veureu, us hem enviat tres documents de la can\u00e7\u00f3 d&#8217;angl\u00e8s, perqu\u00e8 hi ha tres grups d&#8217;angl\u00e8s. Aquella part que han de practicar els vostres fills \u00e9s aquella que est\u00e0 en vermell (\u00e9s l&#8217;estrofa que cantaran i en cursiva apareix la tornada,que cantar\u00e0 tothom). A sota del document d&#8217;angl\u00e8s est\u00e0 l&#8217;enlla\u00e7 al youtube per a que pugueu assajar).<br \/>\nEls nens\/es tenen ja les can\u00e7ons en format paper i ja saben a quin grup pertanyen. Sols queda ara practicar i gaudir de la m\u00fasica!<br \/>\nAtentament,[gview file=&#8221;https:\/\/agora.xtec.cat\/escolacanfabra\/wp-content\/uploads\/usu1954\/2018\/12\/grup-1-angl\u00e8s-dimecres.docx&#8221;]<\/p>\n<p>[gview file=&#8221;https:\/\/agora.xtec.cat\/escolacanfabra\/wp-content\/uploads\/usu1954\/2018\/12\/grup-2-angl\u00e8s-dijous.docx&#8221;]<\/p>\n<p>[gview file=&#8221;https:\/\/agora.xtec.cat\/escolacanfabra\/wp-content\/uploads\/usu1954\/2018\/12\/grup-3-angl\u00e8s-divendres.docx&#8221;]<\/p>\n<p>[gview file=&#8221;https:\/\/agora.xtec.cat\/escolacanfabra\/wp-content\/uploads\/usu1954\/2018\/12\/A-cel-obert2.docx&#8221;]<\/p>\n<!--[if lt IE 9]><script>document.createElement('audio');<\/script><![endif]-->\n<audio class=\"wp-audio-shortcode\" id=\"audio-17804-1\" preload=\"none\" style=\"width: 100%;\" controls=\"controls\"><source type=\"audio\/mpeg\" src=\"https:\/\/agora.xtec.cat\/escolacanfabra\/wp-content\/uploads\/usu1954\/2018\/12\/can\u00e7\u00f3-catal\u00e0.m4a?_=1\" \/><a href=\"https:\/\/agora.xtec.cat\/escolacanfabra\/wp-content\/uploads\/usu1954\/2018\/12\/can\u00e7\u00f3-catal\u00e0.m4a\">https:\/\/agora.xtec.cat\/escolacanfabra\/wp-content\/uploads\/usu1954\/2018\/12\/can\u00e7\u00f3-catal\u00e0.m4a<\/a><\/audio>\n","protected":false},"excerpt":{"rendered":"<p>Benvolgudes fam\u00edlies de 4t, Com ja sabeu, Nadal s&#8217;apropa. El dia 14 de desembre celebrem a l&#8217;escola el nostre ja tradicional concert. Aquest any els\/les vostres fills\/es cantaran dues can\u00e7ons de la pel\u00b7l\u00edcula Brave (una en catal\u00e0 i una altra en angl\u00e8s). Us passem l&#8217;\u00e0udio i la lletra de la can\u00e7\u00f3 en catal\u00e0 i l&#8217;enlla\u00e7 [&hellip;]<\/p>\n","protected":false},"author":3,"featured_media":0,"comment_status":"open","ping_status":"open","sticky":false,"template":"","format":"standard","meta":{"_bbp_topic_count":0,"_bbp_reply_count":0,"_bbp_total_topic_count":0,"_bbp_total_reply_count":0,"_bbp_voice_count":0,"_bbp_anonymous_reply_count":0,"_bbp_topic_count_hidden":0,"_bbp_reply_count_hidden":0,"_bbp_forum_subforum_count":0,"site-sidebar-layout":"default","site-content-layout":"","ast-site-content-layout":"","site-content-style":"default","site-sidebar-style":"default","ast-global-header-display":"","ast-banner-title-visibility":"","ast-main-header-display":"","ast-hfb-above-header-display":"","ast-hfb-below-header-display":"","ast-hfb-mobile-header-display":"","site-post-title":"","ast-breadcrumbs-content":"","ast-featured-img":"","footer-sml-layout":"","theme-transparent-header-meta":"","adv-header-id-meta":"","stick-header-meta":"","header-above-stick-meta":"","header-main-stick-meta":"","header-below-stick-meta":"","astra-migrate-meta-layouts":"default","ast-page-background-enabled":"default","ast-page-background-meta":{"desktop":{"background-color":"var(--ast-global-color-5)","background-image":"","background-repeat":"repeat","background-position":"center center","background-size":"auto","background-attachment":"scroll","background-type":"","background-media":"","overlay-type":"","overlay-color":"","overlay-opacity":"","overlay-gradient":""},"tablet":{"background-color":"","background-image":"","background-repeat":"repeat","background-position":"center center","background-size":"auto","background-attachment":"scroll","background-type":"","background-media":"","overlay-type":"","overlay-color":"","overlay-opacity":"","overlay-gradient":""},"mobile":{"background-color":"","background-image":"","background-repeat":"repeat","background-position":"center center","background-size":"auto","background-attachment":"scroll","background-type":"","background-media":"","overlay-type":"","overlay-color":"","overlay-opacity":"","overlay-gradient":""}},"ast-content-background-meta":{"desktop":{"background-color":"var(--ast-global-color-4)","background-image":"","background-repeat":"repeat","background-position":"center center","background-size":"auto","background-attachment":"scroll","background-type":"","background-media":"","overlay-type":"","overlay-color":"","overlay-opacity":"","overlay-gradient":""},"tablet":{"background-color":"var(--ast-global-color-4)","background-image":"","background-repeat":"repeat","background-position":"center center","background-size":"auto","background-attachment":"scroll","background-type":"","background-media":"","overlay-type":"","overlay-color":"","overlay-opacity":"","overlay-gradient":""},"mobile":{"background-color":"var(--ast-global-color-4)","background-image":"","background-repeat":"repeat","background-position":"center center","background-size":"auto","background-attachment":"scroll","background-type":"","background-media":"","overlay-type":"","overlay-color":"","overlay-opacity":"","overlay-gradient":""}},"footnotes":""},"categories":[69,71],"tags":[],"class_list":["post-17804","post","type-post","status-publish","format-standard","hentry","category-english","category-noticies"],"post_mailing_queue_ids":[],"_links":{"self":[{"href":"https:\/\/agora.xtec.cat\/escolacanfabra\/wp-json\/wp\/v2\/posts\/17804","targetHints":{"allow":["GET"]}}],"collection":[{"href":"https:\/\/agora.xtec.cat\/escolacanfabra\/wp-json\/wp\/v2\/posts"}],"about":[{"href":"https:\/\/agora.xtec.cat\/escolacanfabra\/wp-json\/wp\/v2\/types\/post"}],"author":[{"embeddable":true,"href":"https:\/\/agora.xtec.cat\/escolacanfabra\/wp-json\/wp\/v2\/users\/3"}],"replies":[{"embeddable":true,"href":"https:\/\/agora.xtec.cat\/escolacanfabra\/wp-json\/wp\/v2\/comments?post=17804"}],"version-history":[{"count":0,"href":"https:\/\/agora.xtec.cat\/escolacanfabra\/wp-json\/wp\/v2\/posts\/17804\/revisions"}],"wp:attachment":[{"href":"https:\/\/agora.xtec.cat\/escolacanfabra\/wp-json\/wp\/v2\/media?parent=17804"}],"wp:term":[{"taxonomy":"category","embeddable":true,"href":"https:\/\/agora.xtec.cat\/escolacanfabra\/wp-json\/wp\/v2\/categories?post=17804"},{"taxonomy":"post_tag","embeddable":true,"href":"https:\/\/agora.xtec.cat\/escolacanfabra\/wp-json\/wp\/v2\/tags?post=17804"}],"curies":[{"name":"wp","href":"https:\/\/api.w.org\/{rel}","templated":true}]}}