{"id":17253,"date":"2018-10-10T23:21:21","date_gmt":"2018-10-10T21:21:21","guid":{"rendered":"http:\/\/escolacanfabra.cat\/?p=17253"},"modified":"2018-10-10T23:21:21","modified_gmt":"2018-10-10T21:21:21","slug":"les-colonies-de-cicle-mitja","status":"publish","type":"post","link":"https:\/\/agora.xtec.cat\/escolacanfabra\/nascuts-2010\/les-colonies-de-cicle-mitja\/","title":{"rendered":"LES COL\u00d2NIES DE CICLE MITJ\u00c0"},"content":{"rendered":"<p>Hola fam\u00edlies!<\/p>\n<p>A continuaci\u00f3 podeu veure totes les fotos de les nostres fant\u00e0stiques i divertides col\u00f2nies on hem pogut compartir experi\u00e8ncies, gaudir de diferents activitats, admirar l&#8217;espectacular Monestir de Poblet, patrimoni de la humanitat, experimentar amb la natura&#8230; per\u00f2 sobretot el que tamb\u00e9 hem fet ha estat con\u00e8ixer companys\/es nous, aprendre a separar-nos de la fam\u00edlia, potenciar l&#8217;autonomia i sobretot sobretot RIURE MOOOOLT!<\/p>\n<p style=\"text-align: center;\">CLICA LA IMATGE<\/p>\n<p><a href=\"http:\/\/www.kizoa.es\/Editar-V\u00eddeos-Movie-Maker\/d223065904k2123629o1l1\/colnies-cicle-mitj\u00e0\"><img loading=\"lazy\" decoding=\"async\" class=\"wp-image-17254 aligncenter\" src=\"http:\/\/escolacanfabra.cat\/wp-content\/uploads\/2018\/10\/IMG_20181004_102755-600x337.jpg\" alt=\"\" width=\"221\" height=\"124\" \/><\/a><\/p>\n<p style=\"text-align: center;\">\n<p><img loading=\"lazy\" decoding=\"async\" class=\"size-medium wp-image-17264 aligncenter\" src=\"http:\/\/escolacanfabra.cat\/wp-content\/uploads\/2018\/10\/IMG_0481-600x448.jpg\" alt=\"\" width=\"600\" height=\"448\" \/> <img loading=\"lazy\" decoding=\"async\" class=\"size-medium wp-image-17265 aligncenter\" src=\"http:\/\/escolacanfabra.cat\/wp-content\/uploads\/2018\/10\/IMG_0483-600x448.jpg\" alt=\"\" width=\"600\" height=\"448\" \/> <img loading=\"lazy\" decoding=\"async\" class=\"size-medium wp-image-17266 aligncenter\" src=\"http:\/\/escolacanfabra.cat\/wp-content\/uploads\/2018\/10\/IMG_0485-600x448.jpg\" alt=\"\" width=\"600\" height=\"448\" \/> <img loading=\"lazy\" decoding=\"async\" class=\"size-medium wp-image-17268 aligncenter\" src=\"http:\/\/escolacanfabra.cat\/wp-content\/uploads\/2018\/10\/IMG_0479-600x448.jpg\" alt=\"\" width=\"600\" height=\"448\" \/><\/p>\n","protected":false},"excerpt":{"rendered":"<p>Hola fam\u00edlies! A continuaci\u00f3 podeu veure totes les fotos de les nostres fant\u00e0stiques i divertides col\u00f2nies on hem pogut compartir experi\u00e8ncies, gaudir de diferents activitats, admirar l&#8217;espectacular Monestir de Poblet, patrimoni de la humanitat, experimentar amb la natura&#8230; per\u00f2 sobretot el que tamb\u00e9 hem fet ha estat con\u00e8ixer companys\/es nous, aprendre a separar-nos de la [&hellip;]<\/p>\n","protected":false},"author":3,"featured_media":0,"comment_status":"open","ping_status":"open","sticky":false,"template":"","format":"standard","meta":{"_bbp_topic_count":0,"_bbp_reply_count":0,"_bbp_total_topic_count":0,"_bbp_total_reply_count":0,"_bbp_voice_count":0,"_bbp_anonymous_reply_count":0,"_bbp_topic_count_hidden":0,"_bbp_reply_count_hidden":0,"_bbp_forum_subforum_count":0,"site-sidebar-layout":"default","site-content-layout":"","ast-site-content-layout":"","site-content-style":"default","site-sidebar-style":"default","ast-global-header-display":"","ast-banner-title-visibility":"","ast-main-header-display":"","ast-hfb-above-header-display":"","ast-hfb-below-header-display":"","ast-hfb-mobile-header-display":"","site-post-title":"","ast-breadcrumbs-content":"","ast-featured-img":"","footer-sml-layout":"","theme-transparent-header-meta":"","adv-header-id-meta":"","stick-header-meta":"","header-above-stick-meta":"","header-main-stick-meta":"","header-below-stick-meta":"","astra-migrate-meta-layouts":"default","ast-page-background-enabled":"default","ast-page-background-meta":{"desktop":{"background-color":"var(--ast-global-color-5)","background-image":"","background-repeat":"repeat","background-position":"center center","background-size":"auto","background-attachment":"scroll","background-type":"","background-media":"","overlay-type":"","overlay-color":"","overlay-opacity":"","overlay-gradient":""},"tablet":{"background-color":"","background-image":"","background-repeat":"repeat","background-position":"center center","background-size":"auto","background-attachment":"scroll","background-type":"","background-media":"","overlay-type":"","overlay-color":"","overlay-opacity":"","overlay-gradient":""},"mobile":{"background-color":"","background-image":"","background-repeat":"repeat","background-position":"center center","background-size":"auto","background-attachment":"scroll","background-type":"","background-media":"","overlay-type":"","overlay-color":"","overlay-opacity":"","overlay-gradient":""}},"ast-content-background-meta":{"desktop":{"background-color":"var(--ast-global-color-4)","background-image":"","background-repeat":"repeat","background-position":"center center","background-size":"auto","background-attachment":"scroll","background-type":"","background-media":"","overlay-type":"","overlay-color":"","overlay-opacity":"","overlay-gradient":""},"tablet":{"background-color":"var(--ast-global-color-4)","background-image":"","background-repeat":"repeat","background-position":"center center","background-size":"auto","background-attachment":"scroll","background-type":"","background-media":"","overlay-type":"","overlay-color":"","overlay-opacity":"","overlay-gradient":""},"mobile":{"background-color":"var(--ast-global-color-4)","background-image":"","background-repeat":"repeat","background-position":"center center","background-size":"auto","background-attachment":"scroll","background-type":"","background-media":"","overlay-type":"","overlay-color":"","overlay-opacity":"","overlay-gradient":""}},"footnotes":""},"categories":[62,71],"tags":[],"class_list":["post-17253","post","type-post","status-publish","format-standard","hentry","category-nascuts-2010","category-noticies"],"post_mailing_queue_ids":[],"_links":{"self":[{"href":"https:\/\/agora.xtec.cat\/escolacanfabra\/wp-json\/wp\/v2\/posts\/17253","targetHints":{"allow":["GET"]}}],"collection":[{"href":"https:\/\/agora.xtec.cat\/escolacanfabra\/wp-json\/wp\/v2\/posts"}],"about":[{"href":"https:\/\/agora.xtec.cat\/escolacanfabra\/wp-json\/wp\/v2\/types\/post"}],"author":[{"embeddable":true,"href":"https:\/\/agora.xtec.cat\/escolacanfabra\/wp-json\/wp\/v2\/users\/3"}],"replies":[{"embeddable":true,"href":"https:\/\/agora.xtec.cat\/escolacanfabra\/wp-json\/wp\/v2\/comments?post=17253"}],"version-history":[{"count":0,"href":"https:\/\/agora.xtec.cat\/escolacanfabra\/wp-json\/wp\/v2\/posts\/17253\/revisions"}],"wp:attachment":[{"href":"https:\/\/agora.xtec.cat\/escolacanfabra\/wp-json\/wp\/v2\/media?parent=17253"}],"wp:term":[{"taxonomy":"category","embeddable":true,"href":"https:\/\/agora.xtec.cat\/escolacanfabra\/wp-json\/wp\/v2\/categories?post=17253"},{"taxonomy":"post_tag","embeddable":true,"href":"https:\/\/agora.xtec.cat\/escolacanfabra\/wp-json\/wp\/v2\/tags?post=17253"}],"curies":[{"name":"wp","href":"https:\/\/api.w.org\/{rel}","templated":true}]}}