{"id":17126,"date":"2018-10-10T15:04:09","date_gmt":"2018-10-10T13:04:09","guid":{"rendered":"http:\/\/escolacanfabra.cat\/?p=17126"},"modified":"2018-10-10T15:04:09","modified_gmt":"2018-10-10T13:04:09","slug":"la-verema-a-can-montcau","status":"publish","type":"post","link":"https:\/\/agora.xtec.cat\/escolacanfabra\/primaria\/nascuts-2013\/la-verema-a-can-montcau\/","title":{"rendered":"LA VEREMA A CAN MONTCAU."},"content":{"rendered":"<h4><strong>El 20 DE SETEMBRE VA SER UN DIA MOLT ESPECIAL: LA VEREMA ENS ESPERAVA A CAN MONTCAU.<\/strong><\/h4>\n<h4><strong>EN ARRIBAR CAL ESMORZAR<\/strong><br \/>\n<strong>DONCS CAL TENIR FORCES PEL QUE HEM DE REALITZAR.<\/strong><br \/>\n<img loading=\"lazy\" decoding=\"async\" class=\"alignnone size-medium wp-image-17127\" src=\"http:\/\/escolacanfabra.cat\/wp-content\/uploads\/2018\/09\/IMG-20180920-WA0094-600x338.jpg\" alt=\"\" width=\"600\" height=\"338\" \/> <img loading=\"lazy\" decoding=\"async\" class=\"alignnone size-medium wp-image-17128\" src=\"http:\/\/escolacanfabra.cat\/wp-content\/uploads\/2018\/09\/IMG-20180920-WA0095-600x338.jpg\" alt=\"\" width=\"600\" height=\"338\" \/><br \/>\n<strong>COMENCEM EL DIA<\/strong><br \/>\n<strong>AMB UN PASSEIG PER LA VINYA.<\/strong><br \/>\n<img loading=\"lazy\" decoding=\"async\" class=\"alignnone size-medium wp-image-17131\" src=\"http:\/\/escolacanfabra.cat\/wp-content\/uploads\/2018\/09\/IMG_20180920_110017ESCAP-562x600.jpg\" alt=\"\" width=\"562\" height=\"600\" \/><img loading=\"lazy\" decoding=\"async\" class=\"alignnone size-medium wp-image-17130\" src=\"http:\/\/escolacanfabra.cat\/wp-content\/uploads\/2018\/09\/IMG-20180920-WA0014-600x338.jpg\" alt=\"\" width=\"600\" height=\"338\" \/><img loading=\"lazy\" decoding=\"async\" class=\"alignnone size-medium wp-image-17155\" src=\"http:\/\/escolacanfabra.cat\/wp-content\/uploads\/2018\/09\/IMG-20180920-WA0086-600x338.jpg\" alt=\"\" width=\"600\" height=\"338\" \/><br \/>\n<strong>EL RA\u00cfM A PUNT EST\u00c0<\/strong><br \/>\n<strong>PER PODER-LO TREPITJAR.<\/strong><br \/>\n<img loading=\"lazy\" decoding=\"async\" class=\"alignnone size-medium wp-image-17132\" src=\"http:\/\/escolacanfabra.cat\/wp-content\/uploads\/2018\/09\/IMG_20180920_113021-600x450.jpg\" alt=\"\" width=\"600\" height=\"450\" \/> <img loading=\"lazy\" decoding=\"async\" class=\"alignnone size-medium wp-image-17133\" src=\"http:\/\/escolacanfabra.cat\/wp-content\/uploads\/2018\/09\/IMG-20180920-WA0057-600x338.jpg\" alt=\"\" width=\"600\" height=\"338\" \/> <img loading=\"lazy\" decoding=\"async\" class=\"alignnone size-medium wp-image-17134\" src=\"http:\/\/escolacanfabra.cat\/wp-content\/uploads\/2018\/09\/IMG-20180920-WA0058-600x338.jpg\" alt=\"\" width=\"600\" height=\"338\" \/> <img loading=\"lazy\" decoding=\"async\" class=\"alignnone size-medium wp-image-17135\" src=\"http:\/\/escolacanfabra.cat\/wp-content\/uploads\/2018\/09\/IMG-20180920-WA0065-600x338.jpg\" alt=\"\" width=\"600\" height=\"338\" \/> <img loading=\"lazy\" decoding=\"async\" class=\"alignnone size-medium wp-image-17136\" src=\"http:\/\/escolacanfabra.cat\/wp-content\/uploads\/2018\/09\/IMG-20180920-WA0072-338x600.jpg\" alt=\"\" width=\"338\" height=\"600\" \/> <img loading=\"lazy\" decoding=\"async\" class=\"alignnone size-medium wp-image-17137\" src=\"http:\/\/escolacanfabra.cat\/wp-content\/uploads\/2018\/09\/IMG-20180920-WA0074-600x338.jpg\" alt=\"\" width=\"600\" height=\"338\" \/> <img loading=\"lazy\" decoding=\"async\" class=\"alignnone size-medium wp-image-17138\" src=\"http:\/\/escolacanfabra.cat\/wp-content\/uploads\/2018\/09\/IMG-20180920-WA0076-600x338.jpg\" alt=\"\" width=\"600\" height=\"338\" \/> <img loading=\"lazy\" decoding=\"async\" class=\"alignnone size-medium wp-image-17139\" src=\"http:\/\/escolacanfabra.cat\/wp-content\/uploads\/2018\/09\/IMG-20180920-WA0077-600x338.jpg\" alt=\"\" width=\"600\" height=\"338\" \/><img loading=\"lazy\" decoding=\"async\" class=\"alignnone size-medium wp-image-17154\" src=\"http:\/\/escolacanfabra.cat\/wp-content\/uploads\/2018\/09\/IMG-20180920-WA0051-600x338.jpg\" alt=\"\" width=\"600\" height=\"338\" \/><br \/>\n<strong>EL MOST SORTIR\u00c0<\/strong><br \/>\n<strong>SI LA PREMSA AMB FOR\u00c7A FEM GIRAR.<\/strong><br \/>\n<img loading=\"lazy\" decoding=\"async\" class=\"alignnone size-medium wp-image-17140\" src=\"http:\/\/escolacanfabra.cat\/wp-content\/uploads\/2018\/09\/IMG-20180920-WA0106-600x450.jpg\" alt=\"\" width=\"600\" height=\"450\" \/><br \/>\n<img loading=\"lazy\" decoding=\"async\" class=\"alignnone size-medium wp-image-17141\" src=\"http:\/\/escolacanfabra.cat\/wp-content\/uploads\/2018\/09\/IMG-20180920-WA0107-600x450.jpg\" alt=\"\" width=\"600\" height=\"450\" \/><br \/>\n<img loading=\"lazy\" decoding=\"async\" class=\"alignnone size-medium wp-image-17142\" src=\"http:\/\/escolacanfabra.cat\/wp-content\/uploads\/2018\/09\/IMG-20180920-WA0109-600x450.jpg\" alt=\"\" width=\"600\" height=\"450\" \/><br \/>\n<img loading=\"lazy\" decoding=\"async\" class=\"alignnone size-medium wp-image-17143\" src=\"http:\/\/escolacanfabra.cat\/wp-content\/uploads\/2018\/09\/IMG-20180920-WA0110escap-600x441.jpg\" alt=\"\" width=\"600\" height=\"441\" \/><br \/>\n<img loading=\"lazy\" decoding=\"async\" class=\"alignnone size-medium wp-image-17144\" src=\"http:\/\/escolacanfabra.cat\/wp-content\/uploads\/2018\/09\/IMG-20180920-WA0111-600x450.jpg\" alt=\"\" width=\"600\" height=\"450\" \/><br \/>\n<img loading=\"lazy\" decoding=\"async\" class=\"alignnone size-medium wp-image-17145\" src=\"http:\/\/escolacanfabra.cat\/wp-content\/uploads\/2018\/09\/IMG-20180920-WA0113-600x450.jpg\" alt=\"\" width=\"600\" height=\"450\" \/><br \/>\n<img loading=\"lazy\" decoding=\"async\" class=\"alignnone size-medium wp-image-17146\" src=\"http:\/\/escolacanfabra.cat\/wp-content\/uploads\/2018\/09\/IMG-20180920-WA0114escap-600x526.jpg\" alt=\"\" width=\"600\" height=\"526\" \/><br \/>\n<img loading=\"lazy\" decoding=\"async\" class=\"alignnone size-medium wp-image-17147\" src=\"http:\/\/escolacanfabra.cat\/wp-content\/uploads\/2018\/09\/IMG-20180920-WA0117-600x450.jpg\" alt=\"\" width=\"600\" height=\"450\" \/><br \/>\nDINS DEL CELLER APRENEM QUE&#8230;<br \/>\nFINS A SANT MART\u00cd<br \/>\nNO TAPIS EL VI.<br \/>\n<img loading=\"lazy\" decoding=\"async\" class=\"alignnone size-medium wp-image-17148\" src=\"http:\/\/escolacanfabra.cat\/wp-content\/uploads\/2018\/09\/IMG_20180920_115307-450x600.jpg\" alt=\"\" width=\"450\" height=\"600\" \/><br \/>\n<img loading=\"lazy\" decoding=\"async\" class=\"alignnone size-medium wp-image-17149\" src=\"http:\/\/escolacanfabra.cat\/wp-content\/uploads\/2018\/09\/IMG-20180920-WA0042-338x600.jpg\" alt=\"\" width=\"338\" height=\"600\" \/><br \/>\nEL RA\u00cfM VERD I MORAT<br \/>\nHEM DEGUSTAT.<br \/>\n<img loading=\"lazy\" decoding=\"async\" class=\"alignnone size-medium wp-image-17150\" src=\"http:\/\/escolacanfabra.cat\/wp-content\/uploads\/2018\/09\/IMG-20180920-WA0017-600x338.jpg\" alt=\"\" width=\"600\" height=\"338\" \/><br \/>\n<img loading=\"lazy\" decoding=\"async\" class=\"alignnone size-medium wp-image-17151\" src=\"http:\/\/escolacanfabra.cat\/wp-content\/uploads\/2018\/09\/IMG-20180920-WA0034-600x338.jpg\" alt=\"\" width=\"600\" height=\"338\" \/><br \/>\n<img loading=\"lazy\" decoding=\"async\" class=\"alignnone size-medium wp-image-17152\" src=\"http:\/\/escolacanfabra.cat\/wp-content\/uploads\/2018\/09\/IMG-20180920-WA0039-338x600.jpg\" alt=\"\" width=\"338\" height=\"600\" \/><br \/>\n<img loading=\"lazy\" decoding=\"async\" class=\"alignnone size-medium wp-image-17153\" src=\"http:\/\/escolacanfabra.cat\/wp-content\/uploads\/2018\/09\/IMG-20180920-WA0044-600x338.jpg\" alt=\"\" width=\"600\" height=\"338\" \/><br \/>\n<strong>PER ACABAR<\/strong><br \/>\nANEM A DINAR<img loading=\"lazy\" decoding=\"async\" class=\"alignnone size-medium wp-image-17156\" src=\"http:\/\/escolacanfabra.cat\/wp-content\/uploads\/2018\/09\/IMG_20180920_131315-600x450.jpg\" alt=\"\" width=\"600\" height=\"450\" \/><br \/>\nI LA MARE NATURA<br \/>\nENS CONVIDA A VIURE AVENTURES.<\/h4>\n","protected":false},"excerpt":{"rendered":"<p>El 20 DE SETEMBRE VA SER UN DIA MOLT ESPECIAL: LA VEREMA ENS ESPERAVA A CAN MONTCAU. EN ARRIBAR CAL ESMORZAR DONCS CAL TENIR FORCES PEL QUE HEM DE REALITZAR. COMENCEM EL DIA AMB UN PASSEIG PER LA VINYA. EL RA\u00cfM A PUNT EST\u00c0 PER PODER-LO TREPITJAR. EL MOST SORTIR\u00c0 SI LA PREMSA AMB FOR\u00c7A [&hellip;]<\/p>\n","protected":false},"author":3,"featured_media":0,"comment_status":"open","ping_status":"open","sticky":false,"template":"","format":"standard","meta":{"_bbp_topic_count":0,"_bbp_reply_count":0,"_bbp_total_topic_count":0,"_bbp_total_reply_count":0,"_bbp_voice_count":0,"_bbp_anonymous_reply_count":0,"_bbp_topic_count_hidden":0,"_bbp_reply_count_hidden":0,"_bbp_forum_subforum_count":0,"site-sidebar-layout":"default","site-content-layout":"","ast-site-content-layout":"","site-content-style":"default","site-sidebar-style":"default","ast-global-header-display":"","ast-banner-title-visibility":"","ast-main-header-display":"","ast-hfb-above-header-display":"","ast-hfb-below-header-display":"","ast-hfb-mobile-header-display":"","site-post-title":"","ast-breadcrumbs-content":"","ast-featured-img":"","footer-sml-layout":"","theme-transparent-header-meta":"","adv-header-id-meta":"","stick-header-meta":"","header-above-stick-meta":"","header-main-stick-meta":"","header-below-stick-meta":"","astra-migrate-meta-layouts":"default","ast-page-background-enabled":"default","ast-page-background-meta":{"desktop":{"background-color":"var(--ast-global-color-5)","background-image":"","background-repeat":"repeat","background-position":"center center","background-size":"auto","background-attachment":"scroll","background-type":"","background-media":"","overlay-type":"","overlay-color":"","overlay-opacity":"","overlay-gradient":""},"tablet":{"background-color":"","background-image":"","background-repeat":"repeat","background-position":"center center","background-size":"auto","background-attachment":"scroll","background-type":"","background-media":"","overlay-type":"","overlay-color":"","overlay-opacity":"","overlay-gradient":""},"mobile":{"background-color":"","background-image":"","background-repeat":"repeat","background-position":"center center","background-size":"auto","background-attachment":"scroll","background-type":"","background-media":"","overlay-type":"","overlay-color":"","overlay-opacity":"","overlay-gradient":""}},"ast-content-background-meta":{"desktop":{"background-color":"var(--ast-global-color-4)","background-image":"","background-repeat":"repeat","background-position":"center center","background-size":"auto","background-attachment":"scroll","background-type":"","background-media":"","overlay-type":"","overlay-color":"","overlay-opacity":"","overlay-gradient":""},"tablet":{"background-color":"var(--ast-global-color-4)","background-image":"","background-repeat":"repeat","background-position":"center center","background-size":"auto","background-attachment":"scroll","background-type":"","background-media":"","overlay-type":"","overlay-color":"","overlay-opacity":"","overlay-gradient":""},"mobile":{"background-color":"var(--ast-global-color-4)","background-image":"","background-repeat":"repeat","background-position":"center center","background-size":"auto","background-attachment":"scroll","background-type":"","background-media":"","overlay-type":"","overlay-color":"","overlay-opacity":"","overlay-gradient":""}},"footnotes":""},"categories":[82],"tags":[249],"class_list":["post-17126","post","type-post","status-publish","format-standard","hentry","category-nascuts-2013","tag-sortida-de-p5"],"post_mailing_queue_ids":[],"_links":{"self":[{"href":"https:\/\/agora.xtec.cat\/escolacanfabra\/wp-json\/wp\/v2\/posts\/17126","targetHints":{"allow":["GET"]}}],"collection":[{"href":"https:\/\/agora.xtec.cat\/escolacanfabra\/wp-json\/wp\/v2\/posts"}],"about":[{"href":"https:\/\/agora.xtec.cat\/escolacanfabra\/wp-json\/wp\/v2\/types\/post"}],"author":[{"embeddable":true,"href":"https:\/\/agora.xtec.cat\/escolacanfabra\/wp-json\/wp\/v2\/users\/3"}],"replies":[{"embeddable":true,"href":"https:\/\/agora.xtec.cat\/escolacanfabra\/wp-json\/wp\/v2\/comments?post=17126"}],"version-history":[{"count":0,"href":"https:\/\/agora.xtec.cat\/escolacanfabra\/wp-json\/wp\/v2\/posts\/17126\/revisions"}],"wp:attachment":[{"href":"https:\/\/agora.xtec.cat\/escolacanfabra\/wp-json\/wp\/v2\/media?parent=17126"}],"wp:term":[{"taxonomy":"category","embeddable":true,"href":"https:\/\/agora.xtec.cat\/escolacanfabra\/wp-json\/wp\/v2\/categories?post=17126"},{"taxonomy":"post_tag","embeddable":true,"href":"https:\/\/agora.xtec.cat\/escolacanfabra\/wp-json\/wp\/v2\/tags?post=17126"}],"curies":[{"name":"wp","href":"https:\/\/api.w.org\/{rel}","templated":true}]}}