{"id":16949,"date":"2018-06-19T21:45:43","date_gmt":"2018-06-19T19:45:43","guid":{"rendered":"http:\/\/escolacanfabra.cat\/?p=16949"},"modified":"2018-06-19T21:45:43","modified_gmt":"2018-06-19T19:45:43","slug":"matriculacio-curs-2018-2019","status":"publish","type":"post","link":"https:\/\/agora.xtec.cat\/escolacanfabra\/primaria\/nascuts-2015\/matriculacio-curs-2018-2019\/","title":{"rendered":"Matriculaci\u00f3 Curs 2018-2019"},"content":{"rendered":"<p><strong>Per\u00edode de Matriculaci\u00f3<\/strong>: del 21 al 27 de juny<\/p>\n<div><strong>DOCUMENTACI\u00d3 NECESS\u00c0RIA:<\/strong><\/div>\n<ul>\n<li>Fitxa de dades b\u00e0siques<\/li>\n<li>Carta de comprom\u00eds educatiu<\/li>\n<li>Full d\u2019autoritzaci\u00f3 drets d\u2019imatge<\/li>\n<li>Autoritzaci\u00f3 per a l\u2019administraci\u00f3 de paracetamol<\/li>\n<li>Full d\u2019autoritzaci\u00f3 per les sortides escolars<\/li>\n<li>2 fotos carnet<\/li>\n<li>Original i fotoc\u00f2pia del carnet de vacunacions<\/li>\n<\/ul>\n<div><strong>SI NO ES VA LLIURAR A LA PREINSCRIPCI\u00d3:<\/strong><\/div>\n<div><\/div>\n<div>&#8211; Original i fotoc\u00f2pia del llibre de fam\u00edlia o altres documents relatius a la filiaci\u00f3. Si l\u2019alumne\/a est\u00e0 en situaci\u00f3\u00a0d\u2019acolliment, la resoluci\u00f3 d\u2019acolliment del Departament de Benestar Social i Fam\u00edlia.<\/div>\n<div>&#8211; Original i fotoc\u00f2pia del DNI del pare, mare o tutor\/a o guardador\/a de fet) o de la targeta de resid\u00e8ncia on consta el\u00a0NIE si es tracta de persones estrangeres.<\/div>\n<div>&#8211; Original i fotoc\u00f2pia del DNI de l\u2019alumne\/a tot i \u00e9sser menor de 14 anys.<\/div>\n<div>&#8211; De forma extraordin\u00e0ria, les dades d\u2019identificaci\u00f3 o de filiaci\u00f3 dels alumnes estrangers es poden acreditar amb el\u00a0document d\u2019identitat, el passaport o el llibre de fam\u00edlia del pa\u00eds d\u2019origen.<\/div>\n<div>&#8211; Original i fotoc\u00f2pia de la TSI.<\/div>\n<div><\/div>\n<div><em>Alumnes de prim\u00e0ria: informe de l\u2019\u00faltim trimestre<\/em><\/div>\n","protected":false},"excerpt":{"rendered":"<p>Per\u00edode de Matriculaci\u00f3: del 21 al 27 de juny DOCUMENTACI\u00d3 NECESS\u00c0RIA: Fitxa de dades b\u00e0siques Carta de comprom\u00eds educatiu Full d\u2019autoritzaci\u00f3 drets d\u2019imatge Autoritzaci\u00f3 per a l\u2019administraci\u00f3 de paracetamol Full d\u2019autoritzaci\u00f3 per les sortides escolars 2 fotos carnet Original i fotoc\u00f2pia del carnet de vacunacions SI NO ES VA LLIURAR A LA PREINSCRIPCI\u00d3: &#8211; Original [&hellip;]<\/p>\n","protected":false},"author":1,"featured_media":16950,"comment_status":"open","ping_status":"open","sticky":false,"template":"","format":"standard","meta":{"_bbp_topic_count":0,"_bbp_reply_count":0,"_bbp_total_topic_count":0,"_bbp_total_reply_count":0,"_bbp_voice_count":0,"_bbp_anonymous_reply_count":0,"_bbp_topic_count_hidden":0,"_bbp_reply_count_hidden":0,"_bbp_forum_subforum_count":0,"site-sidebar-layout":"default","site-content-layout":"","ast-site-content-layout":"","site-content-style":"default","site-sidebar-style":"default","ast-global-header-display":"","ast-banner-title-visibility":"","ast-main-header-display":"","ast-hfb-above-header-display":"","ast-hfb-below-header-display":"","ast-hfb-mobile-header-display":"","site-post-title":"","ast-breadcrumbs-content":"","ast-featured-img":"","footer-sml-layout":"","theme-transparent-header-meta":"","adv-header-id-meta":"","stick-header-meta":"","header-above-stick-meta":"","header-main-stick-meta":"","header-below-stick-meta":"","astra-migrate-meta-layouts":"default","ast-page-background-enabled":"default","ast-page-background-meta":{"desktop":{"background-color":"var(--ast-global-color-5)","background-image":"","background-repeat":"repeat","background-position":"center center","background-size":"auto","background-attachment":"scroll","background-type":"","background-media":"","overlay-type":"","overlay-color":"","overlay-opacity":"","overlay-gradient":""},"tablet":{"background-color":"","background-image":"","background-repeat":"repeat","background-position":"center center","background-size":"auto","background-attachment":"scroll","background-type":"","background-media":"","overlay-type":"","overlay-color":"","overlay-opacity":"","overlay-gradient":""},"mobile":{"background-color":"","background-image":"","background-repeat":"repeat","background-position":"center center","background-size":"auto","background-attachment":"scroll","background-type":"","background-media":"","overlay-type":"","overlay-color":"","overlay-opacity":"","overlay-gradient":""}},"ast-content-background-meta":{"desktop":{"background-color":"var(--ast-global-color-4)","background-image":"","background-repeat":"repeat","background-position":"center center","background-size":"auto","background-attachment":"scroll","background-type":"","background-media":"","overlay-type":"","overlay-color":"","overlay-opacity":"","overlay-gradient":""},"tablet":{"background-color":"var(--ast-global-color-4)","background-image":"","background-repeat":"repeat","background-position":"center center","background-size":"auto","background-attachment":"scroll","background-type":"","background-media":"","overlay-type":"","overlay-color":"","overlay-opacity":"","overlay-gradient":""},"mobile":{"background-color":"var(--ast-global-color-4)","background-image":"","background-repeat":"repeat","background-position":"center center","background-size":"auto","background-attachment":"scroll","background-type":"","background-media":"","overlay-type":"","overlay-color":"","overlay-opacity":"","overlay-gradient":""}},"footnotes":""},"categories":[241],"tags":[],"class_list":["post-16949","post","type-post","status-publish","format-standard","has-post-thumbnail","hentry","category-nascuts-2015"],"post_mailing_queue_ids":[],"_links":{"self":[{"href":"https:\/\/agora.xtec.cat\/escolacanfabra\/wp-json\/wp\/v2\/posts\/16949","targetHints":{"allow":["GET"]}}],"collection":[{"href":"https:\/\/agora.xtec.cat\/escolacanfabra\/wp-json\/wp\/v2\/posts"}],"about":[{"href":"https:\/\/agora.xtec.cat\/escolacanfabra\/wp-json\/wp\/v2\/types\/post"}],"author":[{"embeddable":true,"href":"https:\/\/agora.xtec.cat\/escolacanfabra\/wp-json\/wp\/v2\/users\/1"}],"replies":[{"embeddable":true,"href":"https:\/\/agora.xtec.cat\/escolacanfabra\/wp-json\/wp\/v2\/comments?post=16949"}],"version-history":[{"count":0,"href":"https:\/\/agora.xtec.cat\/escolacanfabra\/wp-json\/wp\/v2\/posts\/16949\/revisions"}],"wp:featuredmedia":[{"embeddable":true,"href":"https:\/\/agora.xtec.cat\/escolacanfabra\/wp-json\/wp\/v2\/media\/16950"}],"wp:attachment":[{"href":"https:\/\/agora.xtec.cat\/escolacanfabra\/wp-json\/wp\/v2\/media?parent=16949"}],"wp:term":[{"taxonomy":"category","embeddable":true,"href":"https:\/\/agora.xtec.cat\/escolacanfabra\/wp-json\/wp\/v2\/categories?post=16949"},{"taxonomy":"post_tag","embeddable":true,"href":"https:\/\/agora.xtec.cat\/escolacanfabra\/wp-json\/wp\/v2\/tags?post=16949"}],"curies":[{"name":"wp","href":"https:\/\/api.w.org\/{rel}","templated":true}]}}