{"id":16916,"date":"2018-06-18T22:45:54","date_gmt":"2018-06-18T20:45:54","guid":{"rendered":"http:\/\/escolacanfabra.cat\/?p=16916"},"modified":"2018-06-18T22:45:54","modified_gmt":"2018-06-18T20:45:54","slug":"16916-2","status":"publish","type":"post","link":"https:\/\/agora.xtec.cat\/escolacanfabra\/noticies\/16916-2\/","title":{"rendered":"PROJECTE: MODEL DE LA TERRA (4t)"},"content":{"rendered":"<p><img loading=\"lazy\" decoding=\"async\" class=\"wp-image-16921 aligncenter\" src=\"http:\/\/escolacanfabra.cat\/wp-content\/uploads\/2018\/06\/terra-600x450.jpg\" alt=\"\" width=\"159\" height=\"119\" \/><\/p>\n<p>Hola a tots i a totes!!!<\/p>\n<p>En la part final del projecte sobre el model de la terra i els seus canvis hem estat treballant una s\u00e8rie d&#8217;aspectes que hem dividit en 7 grups, que us passem ara a explicar:<\/p>\n<p>1. L&#8217;estructura de la terra: Pol, Marc Arranz i Ramon.<br \/>\n2. Teoria deriva continental: Pau, Joan, Izan i Sergi.<br \/>\n3. Teoria tect\u00f2nica de plaques: Naomi, Ainara i Judit.<br \/>\n4. Relleu d&#8217;interior: Lola, Paola, Raquel i Meritxell.<br \/>\n5. Relleu de costa: Carla, Abril Moreno, Laura i Daniel.<br \/>\n6. Globus terraq\u00fci i planisferis o mapes mundi: Telma, Jana, \u00c0lex i Gerard.<\/p>\n<p>El fot\u00f2graf de la classe ha gravat totes les intervencions perqu\u00e8 podeu gaudir tant com nosaltres de tota la recerca, organitzaci\u00f3 d&#8217;informaci\u00f3 i de gran treball en equip que ha demostrat durant el proc\u00e9s.<\/p>\n<p>Esperem que us agradi!!!<\/p>\n<p>Virus<\/p>\n<p style=\"text-align: center;\">CLICA LA IMATGE PER VEURE ELS V\u00cdDEOS<\/p>\n<p><a href=\"https:\/\/www.thinglink.com\/scene\/1065370204348874755\"><img loading=\"lazy\" decoding=\"async\" class=\"aligncenter\" src=\"https:\/\/lh3.googleusercontent.com\/pKu0NwH9dft5OFXVu3P4RKZwwR2Sxmy8kgWR_TPLSWtqpjSLupWWDrpuVkt61IquXdehLwsR2HMIV3ukO2Op8Abdj9DT_ZZgFdswXrRqvueJpx01QKnYl6bu0Kp18XTJE7SP8IYFRPivoPI-lq4SuuK7qfWZ6XmACiXDAHHIDu0Q0kEBGoJvyFFgmgcTqjaeiVBT0fX4WDPQc-IkXXUtx8XSlze0qvXMjQ4H0DcG2GTDZ57MZaJ20h7YWNJnkSOsbqV2LazfvGI6ti8U6yWS2SB7TAIk2MebVc1-Th8kiD1zOUgfOtT6sLjs1ZCxFO3gy3i2WibIgZa38qSWcceohnfaxWpmAeOBI8lT3XMoQAtMs0nEqq1nkGQsrwn1nyQCqF-eAx-PsyHjrA5kSP5G_MWfCnUPn8GIUEeXR7xS_qe02BqcX-X59NhACWfy0K-xBp2JXaXG5fdcKFxkfXVRut0j_8bfUu5UpLjcyrrWanKmbLeaa-Ol_OO0J37xHAZvUpMTUoDYwJbmw-F_imEuHpTELSioun7Bx6_HqP3iBMt1SjpQno60Gv0eOsCUfqsR_eAPnBVgWbA5SJ7NF0vEUrv_TIio0TupJO7sNZOLCA=s693-no\" alt=\"Resultat d'imatges de foto terra\" width=\"315\" height=\"315\" \/><\/a><\/p>\n<p>&nbsp;<\/p>\n","protected":false},"excerpt":{"rendered":"<p>Hola a tots i a totes!!! En la part final del projecte sobre el model de la terra i els seus canvis hem estat treballant una s\u00e8rie d&#8217;aspectes que hem dividit en 7 grups, que us passem ara a explicar: 1. L&#8217;estructura de la terra: Pol, Marc Arranz i Ramon. 2. Teoria deriva continental: Pau, [&hellip;]<\/p>\n","protected":false},"author":3,"featured_media":0,"comment_status":"open","ping_status":"open","sticky":false,"template":"","format":"standard","meta":{"_bbp_topic_count":0,"_bbp_reply_count":0,"_bbp_total_topic_count":0,"_bbp_total_reply_count":0,"_bbp_voice_count":0,"_bbp_anonymous_reply_count":0,"_bbp_topic_count_hidden":0,"_bbp_reply_count_hidden":0,"_bbp_forum_subforum_count":0,"site-sidebar-layout":"default","site-content-layout":"","ast-site-content-layout":"","site-content-style":"default","site-sidebar-style":"default","ast-global-header-display":"","ast-banner-title-visibility":"","ast-main-header-display":"","ast-hfb-above-header-display":"","ast-hfb-below-header-display":"","ast-hfb-mobile-header-display":"","site-post-title":"","ast-breadcrumbs-content":"","ast-featured-img":"","footer-sml-layout":"","theme-transparent-header-meta":"","adv-header-id-meta":"","stick-header-meta":"","header-above-stick-meta":"","header-main-stick-meta":"","header-below-stick-meta":"","astra-migrate-meta-layouts":"default","ast-page-background-enabled":"default","ast-page-background-meta":{"desktop":{"background-color":"var(--ast-global-color-5)","background-image":"","background-repeat":"repeat","background-position":"center center","background-size":"auto","background-attachment":"scroll","background-type":"","background-media":"","overlay-type":"","overlay-color":"","overlay-opacity":"","overlay-gradient":""},"tablet":{"background-color":"","background-image":"","background-repeat":"repeat","background-position":"center center","background-size":"auto","background-attachment":"scroll","background-type":"","background-media":"","overlay-type":"","overlay-color":"","overlay-opacity":"","overlay-gradient":""},"mobile":{"background-color":"","background-image":"","background-repeat":"repeat","background-position":"center center","background-size":"auto","background-attachment":"scroll","background-type":"","background-media":"","overlay-type":"","overlay-color":"","overlay-opacity":"","overlay-gradient":""}},"ast-content-background-meta":{"desktop":{"background-color":"var(--ast-global-color-4)","background-image":"","background-repeat":"repeat","background-position":"center center","background-size":"auto","background-attachment":"scroll","background-type":"","background-media":"","overlay-type":"","overlay-color":"","overlay-opacity":"","overlay-gradient":""},"tablet":{"background-color":"var(--ast-global-color-4)","background-image":"","background-repeat":"repeat","background-position":"center center","background-size":"auto","background-attachment":"scroll","background-type":"","background-media":"","overlay-type":"","overlay-color":"","overlay-opacity":"","overlay-gradient":""},"mobile":{"background-color":"var(--ast-global-color-4)","background-image":"","background-repeat":"repeat","background-position":"center center","background-size":"auto","background-attachment":"scroll","background-type":"","background-media":"","overlay-type":"","overlay-color":"","overlay-opacity":"","overlay-gradient":""}},"footnotes":""},"categories":[71],"tags":[],"class_list":["post-16916","post","type-post","status-publish","format-standard","hentry","category-noticies"],"post_mailing_queue_ids":[],"_links":{"self":[{"href":"https:\/\/agora.xtec.cat\/escolacanfabra\/wp-json\/wp\/v2\/posts\/16916","targetHints":{"allow":["GET"]}}],"collection":[{"href":"https:\/\/agora.xtec.cat\/escolacanfabra\/wp-json\/wp\/v2\/posts"}],"about":[{"href":"https:\/\/agora.xtec.cat\/escolacanfabra\/wp-json\/wp\/v2\/types\/post"}],"author":[{"embeddable":true,"href":"https:\/\/agora.xtec.cat\/escolacanfabra\/wp-json\/wp\/v2\/users\/3"}],"replies":[{"embeddable":true,"href":"https:\/\/agora.xtec.cat\/escolacanfabra\/wp-json\/wp\/v2\/comments?post=16916"}],"version-history":[{"count":0,"href":"https:\/\/agora.xtec.cat\/escolacanfabra\/wp-json\/wp\/v2\/posts\/16916\/revisions"}],"wp:attachment":[{"href":"https:\/\/agora.xtec.cat\/escolacanfabra\/wp-json\/wp\/v2\/media?parent=16916"}],"wp:term":[{"taxonomy":"category","embeddable":true,"href":"https:\/\/agora.xtec.cat\/escolacanfabra\/wp-json\/wp\/v2\/categories?post=16916"},{"taxonomy":"post_tag","embeddable":true,"href":"https:\/\/agora.xtec.cat\/escolacanfabra\/wp-json\/wp\/v2\/tags?post=16916"}],"curies":[{"name":"wp","href":"https:\/\/api.w.org\/{rel}","templated":true}]}}