{"id":16808,"date":"2018-06-04T11:51:03","date_gmt":"2018-06-04T09:51:03","guid":{"rendered":"http:\/\/escolacanfabra.cat\/?p=16808"},"modified":"2018-06-04T11:51:03","modified_gmt":"2018-06-04T09:51:03","slug":"colonies-dinfantil-a-can-vilalta","status":"publish","type":"post","link":"https:\/\/agora.xtec.cat\/escolacanfabra\/noticies\/colonies-dinfantil-a-can-vilalta\/","title":{"rendered":"Col\u00f2nies d\u00b4Infantil a Can Vilalta"},"content":{"rendered":"<p>Hola, fam\u00edlies! Els nens i les nenes de P3, P4 i P5 ja fa una estona que han arribat a la Casa de Col\u00f2nies de Can Vilalta, i estan comen\u00e7ant a gaudir de les activitats. Us seguirem informant&#8230;<\/p>\n<p><img loading=\"lazy\" decoding=\"async\" class=\"alignnone size-medium wp-image-16809\" src=\"http:\/\/escolacanfabra.cat\/wp-content\/uploads\/2018\/06\/IMG-20180604-WA00071-600x450.jpg\" alt=\"\" width=\"600\" height=\"450\" \/> <img loading=\"lazy\" decoding=\"async\" class=\"alignnone size-medium wp-image-16810\" src=\"http:\/\/escolacanfabra.cat\/wp-content\/uploads\/2018\/06\/IMG-20180604-WA00081-600x450.jpg\" alt=\"\" width=\"600\" height=\"450\" \/> <img loading=\"lazy\" decoding=\"async\" class=\"alignnone size-medium wp-image-16811\" src=\"http:\/\/escolacanfabra.cat\/wp-content\/uploads\/2018\/06\/IMG-20180604-WA00091-600x450.jpg\" alt=\"\" width=\"600\" height=\"450\" \/> <img loading=\"lazy\" decoding=\"async\" class=\"alignnone size-medium wp-image-16812\" src=\"http:\/\/escolacanfabra.cat\/wp-content\/uploads\/2018\/06\/IMG-20180604-WA00101-600x450.jpg\" alt=\"\" width=\"600\" height=\"450\" \/> <img loading=\"lazy\" decoding=\"async\" class=\"alignnone size-medium wp-image-16813\" src=\"http:\/\/escolacanfabra.cat\/wp-content\/uploads\/2018\/06\/IMG-20180604-WA00111-600x450.jpg\" alt=\"\" width=\"600\" height=\"450\" \/><\/p>\n<p><img loading=\"lazy\" decoding=\"async\" class=\"alignnone size-medium wp-image-16816\" src=\"http:\/\/escolacanfabra.cat\/wp-content\/uploads\/2018\/06\/IMG-20180605-WA00051-600x450.jpg\" alt=\"\" width=\"600\" height=\"450\" \/><\/p>\n<p><img loading=\"lazy\" decoding=\"async\" class=\"alignnone size-medium wp-image-16817\" src=\"http:\/\/escolacanfabra.cat\/wp-content\/uploads\/2018\/06\/IMG-20180605-WA00101-600x450.jpg\" alt=\"\" width=\"600\" height=\"450\" \/><\/p>\n<p><img loading=\"lazy\" decoding=\"async\" class=\"alignnone size-medium wp-image-16823\" src=\"http:\/\/escolacanfabra.cat\/wp-content\/uploads\/2018\/06\/IMG-20180605-WA00211-600x450.jpg\" alt=\"\" width=\"600\" height=\"450\" \/><\/p>\n<p><img loading=\"lazy\" decoding=\"async\" class=\"alignnone size-medium wp-image-16819\" src=\"http:\/\/escolacanfabra.cat\/wp-content\/uploads\/2018\/06\/IMG-20180605-WA00161-600x450.jpg\" alt=\"\" width=\"600\" height=\"450\" \/><\/p>\n<p><img loading=\"lazy\" decoding=\"async\" class=\"alignnone size-medium wp-image-16820\" src=\"http:\/\/escolacanfabra.cat\/wp-content\/uploads\/2018\/06\/IMG-20180605-WA00171-600x450.jpg\" alt=\"\" width=\"600\" height=\"450\" \/><\/p>\n<p><img loading=\"lazy\" decoding=\"async\" class=\"alignnone size-medium wp-image-16821\" src=\"http:\/\/escolacanfabra.cat\/wp-content\/uploads\/2018\/06\/IMG-20180605-WA00181-600x481.jpg\" alt=\"\" width=\"600\" height=\"481\" \/><\/p>\n<p><img loading=\"lazy\" decoding=\"async\" class=\"alignnone size-medium wp-image-16822\" src=\"http:\/\/escolacanfabra.cat\/wp-content\/uploads\/2018\/06\/IMG-20180605-WA00191-600x450.jpg\" alt=\"\" width=\"600\" height=\"450\" \/><\/p>\n<p><img loading=\"lazy\" decoding=\"async\" class=\"alignnone size-medium wp-image-16824\" src=\"http:\/\/escolacanfabra.cat\/wp-content\/uploads\/2018\/06\/IMG-20180605-WA00231-600x450.jpg\" alt=\"\" width=\"600\" height=\"450\" \/><\/p>\n<p><img loading=\"lazy\" decoding=\"async\" class=\"alignnone size-medium wp-image-16825\" src=\"http:\/\/escolacanfabra.cat\/wp-content\/uploads\/2018\/06\/IMG-20180605-WA00241-600x450.jpg\" alt=\"\" width=\"600\" height=\"450\" \/><\/p>\n<p>&nbsp;<\/p>\n","protected":false},"excerpt":{"rendered":"<p>Hola, fam\u00edlies! Els nens i les nenes de P3, P4 i P5 ja fa una estona que han arribat a la Casa de Col\u00f2nies de Can Vilalta, i estan comen\u00e7ant a gaudir de les activitats. Us seguirem informant&#8230; &nbsp;<\/p>\n","protected":false},"author":3,"featured_media":0,"comment_status":"open","ping_status":"open","sticky":false,"template":"","format":"standard","meta":{"_bbp_topic_count":0,"_bbp_reply_count":0,"_bbp_total_topic_count":0,"_bbp_total_reply_count":0,"_bbp_voice_count":0,"_bbp_anonymous_reply_count":0,"_bbp_topic_count_hidden":0,"_bbp_reply_count_hidden":0,"_bbp_forum_subforum_count":0,"site-sidebar-layout":"default","site-content-layout":"","ast-site-content-layout":"","site-content-style":"default","site-sidebar-style":"default","ast-global-header-display":"","ast-banner-title-visibility":"","ast-main-header-display":"","ast-hfb-above-header-display":"","ast-hfb-below-header-display":"","ast-hfb-mobile-header-display":"","site-post-title":"","ast-breadcrumbs-content":"","ast-featured-img":"","footer-sml-layout":"","theme-transparent-header-meta":"","adv-header-id-meta":"","stick-header-meta":"","header-above-stick-meta":"","header-main-stick-meta":"","header-below-stick-meta":"","astra-migrate-meta-layouts":"default","ast-page-background-enabled":"default","ast-page-background-meta":{"desktop":{"background-color":"var(--ast-global-color-5)","background-image":"","background-repeat":"repeat","background-position":"center center","background-size":"auto","background-attachment":"scroll","background-type":"","background-media":"","overlay-type":"","overlay-color":"","overlay-opacity":"","overlay-gradient":""},"tablet":{"background-color":"","background-image":"","background-repeat":"repeat","background-position":"center center","background-size":"auto","background-attachment":"scroll","background-type":"","background-media":"","overlay-type":"","overlay-color":"","overlay-opacity":"","overlay-gradient":""},"mobile":{"background-color":"","background-image":"","background-repeat":"repeat","background-position":"center center","background-size":"auto","background-attachment":"scroll","background-type":"","background-media":"","overlay-type":"","overlay-color":"","overlay-opacity":"","overlay-gradient":""}},"ast-content-background-meta":{"desktop":{"background-color":"var(--ast-global-color-4)","background-image":"","background-repeat":"repeat","background-position":"center center","background-size":"auto","background-attachment":"scroll","background-type":"","background-media":"","overlay-type":"","overlay-color":"","overlay-opacity":"","overlay-gradient":""},"tablet":{"background-color":"var(--ast-global-color-4)","background-image":"","background-repeat":"repeat","background-position":"center center","background-size":"auto","background-attachment":"scroll","background-type":"","background-media":"","overlay-type":"","overlay-color":"","overlay-opacity":"","overlay-gradient":""},"mobile":{"background-color":"var(--ast-global-color-4)","background-image":"","background-repeat":"repeat","background-position":"center center","background-size":"auto","background-attachment":"scroll","background-type":"","background-media":"","overlay-type":"","overlay-color":"","overlay-opacity":"","overlay-gradient":""}},"footnotes":""},"categories":[133,82,71],"tags":[],"class_list":["post-16808","post","type-post","status-publish","format-standard","hentry","category-nascuts-2012","category-nascuts-2013","category-noticies"],"post_mailing_queue_ids":[],"_links":{"self":[{"href":"https:\/\/agora.xtec.cat\/escolacanfabra\/wp-json\/wp\/v2\/posts\/16808","targetHints":{"allow":["GET"]}}],"collection":[{"href":"https:\/\/agora.xtec.cat\/escolacanfabra\/wp-json\/wp\/v2\/posts"}],"about":[{"href":"https:\/\/agora.xtec.cat\/escolacanfabra\/wp-json\/wp\/v2\/types\/post"}],"author":[{"embeddable":true,"href":"https:\/\/agora.xtec.cat\/escolacanfabra\/wp-json\/wp\/v2\/users\/3"}],"replies":[{"embeddable":true,"href":"https:\/\/agora.xtec.cat\/escolacanfabra\/wp-json\/wp\/v2\/comments?post=16808"}],"version-history":[{"count":0,"href":"https:\/\/agora.xtec.cat\/escolacanfabra\/wp-json\/wp\/v2\/posts\/16808\/revisions"}],"wp:attachment":[{"href":"https:\/\/agora.xtec.cat\/escolacanfabra\/wp-json\/wp\/v2\/media?parent=16808"}],"wp:term":[{"taxonomy":"category","embeddable":true,"href":"https:\/\/agora.xtec.cat\/escolacanfabra\/wp-json\/wp\/v2\/categories?post=16808"},{"taxonomy":"post_tag","embeddable":true,"href":"https:\/\/agora.xtec.cat\/escolacanfabra\/wp-json\/wp\/v2\/tags?post=16808"}],"curies":[{"name":"wp","href":"https:\/\/api.w.org\/{rel}","templated":true}]}}