{"id":16720,"date":"2018-05-30T10:15:24","date_gmt":"2018-05-30T08:15:24","guid":{"rendered":"http:\/\/escolacanfabra.cat\/?p=16720"},"modified":"2018-05-30T10:15:24","modified_gmt":"2018-05-30T08:15:24","slug":"el-dia-de-les-families","status":"publish","type":"post","link":"https:\/\/agora.xtec.cat\/escolacanfabra\/noticies\/el-dia-de-les-families\/","title":{"rendered":"El dia de les fam\u00edlies"},"content":{"rendered":"<p>Hola fam\u00edlies, s\u00f3m la Emma, la Laura i la Gisela de la classe dels Superdetectius.<\/p>\n<p>Aquesta setmana us volem explicar que durant la setmana del 14 de maig es va celebrar el dia internacional de les fam\u00edlies.<\/p>\n<p>Primer vam fer uns dibuixos que ara estan penjats al pati, aquests dibuixos representen que l\u00b4amor es lliure i que cada persona pot estimar a qui vulgui.<\/p>\n<p>Al cap d&#8217;uns quants dies van venir unes noies, que s\u00f3n parella i mares de 2 d&#8217;un fill i una filla.<\/p>\n<p>Aquestes noies son homosexuals, aix\u00f2 vol dir que estimen a alg\u00fa del mateix sexe.<\/p>\n<p>Ens van ensenyar que s&#8217;ha de respectar a les persones siguin del sexe que siguin i estimin a qui estimin, tamb\u00e9 ens van explicar un joc que es diu &#8220;por 13 razones&#8221;.<\/p>\n<p>Aix\u00f2 \u00e9s una din\u00e0mica de grup, on el m\u00e9s important \u00e9s veure el poder que tenen les paraules dolentes o bones en fer sentir b\u00e9 o malament\u00a0 a les persones. Vam estar parlant a la classe sobre tot aix\u00f2, el m\u00e9s important \u00e9s que has de reflexionar.<\/p>\n<p>I aqu\u00ed s&#8217;acaba el noste blog.<\/p>\n<p><a href=\"http:\/\/www.kizoa.es\/Editar-V\u00eddeos-Movie-Maker\/d192583768k8084567o1l1\/dia-de-les-famlies\"><img loading=\"lazy\" decoding=\"async\" class=\"aligncenter\" src=\"https:\/\/dixitdotblogdotgencatdotcat.files.wordpress.com\/2016\/02\/lafamilia.png\" alt=\"Resultat d'imatges de dia de les families internacional\" width=\"262\" height=\"128\" \/><\/a><\/p>\n","protected":false},"excerpt":{"rendered":"<p>Hola fam\u00edlies, s\u00f3m la Emma, la Laura i la Gisela de la classe dels Superdetectius. Aquesta setmana us volem explicar que durant la setmana del 14 de maig es va celebrar el dia internacional de les fam\u00edlies. Primer vam fer uns dibuixos que ara estan penjats al pati, aquests dibuixos representen que l\u00b4amor es lliure [&hellip;]<\/p>\n","protected":false},"author":3,"featured_media":0,"comment_status":"open","ping_status":"open","sticky":false,"template":"","format":"standard","meta":{"_bbp_topic_count":0,"_bbp_reply_count":0,"_bbp_total_topic_count":0,"_bbp_total_reply_count":0,"_bbp_voice_count":0,"_bbp_anonymous_reply_count":0,"_bbp_topic_count_hidden":0,"_bbp_reply_count_hidden":0,"_bbp_forum_subforum_count":0,"site-sidebar-layout":"default","site-content-layout":"","ast-site-content-layout":"","site-content-style":"default","site-sidebar-style":"default","ast-global-header-display":"","ast-banner-title-visibility":"","ast-main-header-display":"","ast-hfb-above-header-display":"","ast-hfb-below-header-display":"","ast-hfb-mobile-header-display":"","site-post-title":"","ast-breadcrumbs-content":"","ast-featured-img":"","footer-sml-layout":"","theme-transparent-header-meta":"","adv-header-id-meta":"","stick-header-meta":"","header-above-stick-meta":"","header-main-stick-meta":"","header-below-stick-meta":"","astra-migrate-meta-layouts":"default","ast-page-background-enabled":"default","ast-page-background-meta":{"desktop":{"background-color":"var(--ast-global-color-5)","background-image":"","background-repeat":"repeat","background-position":"center center","background-size":"auto","background-attachment":"scroll","background-type":"","background-media":"","overlay-type":"","overlay-color":"","overlay-opacity":"","overlay-gradient":""},"tablet":{"background-color":"","background-image":"","background-repeat":"repeat","background-position":"center center","background-size":"auto","background-attachment":"scroll","background-type":"","background-media":"","overlay-type":"","overlay-color":"","overlay-opacity":"","overlay-gradient":""},"mobile":{"background-color":"","background-image":"","background-repeat":"repeat","background-position":"center center","background-size":"auto","background-attachment":"scroll","background-type":"","background-media":"","overlay-type":"","overlay-color":"","overlay-opacity":"","overlay-gradient":""}},"ast-content-background-meta":{"desktop":{"background-color":"var(--ast-global-color-4)","background-image":"","background-repeat":"repeat","background-position":"center center","background-size":"auto","background-attachment":"scroll","background-type":"","background-media":"","overlay-type":"","overlay-color":"","overlay-opacity":"","overlay-gradient":""},"tablet":{"background-color":"var(--ast-global-color-4)","background-image":"","background-repeat":"repeat","background-position":"center center","background-size":"auto","background-attachment":"scroll","background-type":"","background-media":"","overlay-type":"","overlay-color":"","overlay-opacity":"","overlay-gradient":""},"mobile":{"background-color":"var(--ast-global-color-4)","background-image":"","background-repeat":"repeat","background-position":"center center","background-size":"auto","background-attachment":"scroll","background-type":"","background-media":"","overlay-type":"","overlay-color":"","overlay-opacity":"","overlay-gradient":""}},"footnotes":""},"categories":[71],"tags":[],"class_list":["post-16720","post","type-post","status-publish","format-standard","hentry","category-noticies"],"post_mailing_queue_ids":[],"_links":{"self":[{"href":"https:\/\/agora.xtec.cat\/escolacanfabra\/wp-json\/wp\/v2\/posts\/16720","targetHints":{"allow":["GET"]}}],"collection":[{"href":"https:\/\/agora.xtec.cat\/escolacanfabra\/wp-json\/wp\/v2\/posts"}],"about":[{"href":"https:\/\/agora.xtec.cat\/escolacanfabra\/wp-json\/wp\/v2\/types\/post"}],"author":[{"embeddable":true,"href":"https:\/\/agora.xtec.cat\/escolacanfabra\/wp-json\/wp\/v2\/users\/3"}],"replies":[{"embeddable":true,"href":"https:\/\/agora.xtec.cat\/escolacanfabra\/wp-json\/wp\/v2\/comments?post=16720"}],"version-history":[{"count":0,"href":"https:\/\/agora.xtec.cat\/escolacanfabra\/wp-json\/wp\/v2\/posts\/16720\/revisions"}],"wp:attachment":[{"href":"https:\/\/agora.xtec.cat\/escolacanfabra\/wp-json\/wp\/v2\/media?parent=16720"}],"wp:term":[{"taxonomy":"category","embeddable":true,"href":"https:\/\/agora.xtec.cat\/escolacanfabra\/wp-json\/wp\/v2\/categories?post=16720"},{"taxonomy":"post_tag","embeddable":true,"href":"https:\/\/agora.xtec.cat\/escolacanfabra\/wp-json\/wp\/v2\/tags?post=16720"}],"curies":[{"name":"wp","href":"https:\/\/api.w.org\/{rel}","templated":true}]}}