{"id":16488,"date":"2018-04-26T23:15:08","date_gmt":"2018-04-26T21:15:08","guid":{"rendered":"http:\/\/escolacanfabra.cat\/?p=16488"},"modified":"2018-04-26T23:15:08","modified_gmt":"2018-04-26T21:15:08","slug":"escriiu-la-teva-llegenda","status":"publish","type":"post","link":"https:\/\/agora.xtec.cat\/escolacanfabra\/noticies\/escriiu-la-teva-llegenda\/","title":{"rendered":"ESCRIU LA TEVA LLEGENDA&#8230;"},"content":{"rendered":"<p>Hi havia una vegada uns nens i unes nenes nascuts al 2008 i al 2009 que un bon dilluns de <strong><span style=\"color: #ff0000;\">SANT JORDI<\/span><\/strong> van anar a l&#8217;escola i es van trobar que hi havia un munt de murals penjats per tota l&#8217;escola.<\/p>\n<p>Ells no sabien r\u00e9s, per\u00f2 resulta que serien els principals protagonistes d&#8217;omplir aquells murals on posava&#8230;.<strong><span style=\"color: #00ff00;\">ESCRIU LA TEVA LLEGENDA&#8230;.<\/span><\/strong><\/p>\n<p>Ui quins nervis, qu\u00e8 ser\u00e0 aix\u00f2? es preguntaven uns als altres &#8230;.i aviat ho van descobrir.<\/p>\n<p>Els seus mestres, els van reunir a tots a les grades i els ho van explicar <strong><span style=\"color: #ff0000;\">TOT<\/span><\/strong>! &#8230;.I vet aqu\u00ed que en aquells murals que de nom\u00e9s veure&#8217;ls ja eren atractius els havien d&#8217;omplir en hist\u00f2ries fant\u00e0stiques!<\/p>\n<p>Es van crear grups de 6 membres; 3 nascuts al 2008 i 3 nascuts al 2009&#8230;per\u00f2 qu\u00e8 havien de fer?<\/p>\n<p>Ells estaven acostumats a treballar en grup, per\u00f2 aquest treball seria en grup per\u00f2 en <strong><span style=\"color: #993366;\">GRUP COOPERATIU<\/span><\/strong>, on cada membre del grup seria <strong><span style=\"color: #ff9900;\">MOOOOLT<\/span><\/strong> important i adoptaria un <strong><span style=\"color: #333399;\">ROL<\/span><\/strong>, per tant, tots serien <span style=\"color: #00ffff;\"><strong>INDISPENSABLES!\u00a0<\/strong><\/span><\/p>\n<p><strong><span style=\"color: #ff0000;\">-Un\/a s&#8217;encarregaria del contingut de la hist\u00f2ria (coher\u00e8ncia, bona estructura del text&#8230;)<\/span><\/strong><\/p>\n<p><strong><span style=\"color: #000080;\">-Un\/a altre\/a del l\u00e8xic (aquest hauria de ser ric i variat)<\/span><\/strong><\/p>\n<p><strong>-Un\/a altre\/a de l&#8217;ortografia (podria demanar ajuda als mestres per a la correcci\u00f3)<\/strong><\/p>\n<p><span style=\"color: #00ff00;\"><strong>-Un\/a altre\/a de la presentaci\u00f3.<\/strong><\/span><\/p>\n<p><span style=\"color: #993366;\"><strong>-Un\/a altre\/a de la creativitat (originalitat i imaginaci\u00f3)<\/strong><\/span><\/p>\n<p><span style=\"color: #ff00ff;\"><strong>-i l&#8217;\u00faltim\/a de la decoraci\u00f3.<\/strong><\/span><\/p>\n<p>Per\u00f2 aix\u00f2 no era tot perqu\u00e8 a cada equip se li proporcionaria una plantilla on havien d&#8217;elegir el personatge, el seu car\u00e0cter, el lloc on passaria la hist\u00f2ria, l&#8217;hora i el problema.<\/p>\n<p>I aix\u00ed va ser com aquells nens i nenes es van posar a treballar de valent creant 18 hist\u00f2ries diferents!<\/p>\n<p>I aix\u00ed va ser com caminar pels passadissos d&#8217;aquella escola es va convertir en un cam\u00ed ple de lletres, paraules, frases i hist\u00f2ries meravelloses creades per aquells nens i nenes.<\/p>\n<p>Rosa, Paloma, Carla, David i Judit<\/p>\n<p style=\"text-align: center;\"><strong><span style=\"color: #00ffff;\">CLICA CLICA!<\/span><\/strong><\/p>\n<p><a href=\"http:\/\/www.kizoa.es\/Editar-V\u00eddeos-Movie-Maker\/d187136437k8875839o1l1\/sant-jordi-18\"><img loading=\"lazy\" decoding=\"async\" class=\"wp-image-16489 aligncenter\" src=\"http:\/\/escolacanfabra.cat\/wp-content\/uploads\/2018\/04\/editorial05-600x398.jpg\" alt=\"\" width=\"228\" height=\"151\" \/><\/a><\/p>\n<p>&nbsp;<\/p>\n<p>&nbsp;<\/p>\n","protected":false},"excerpt":{"rendered":"<p>Hi havia una vegada uns nens i unes nenes nascuts al 2008 i al 2009 que un bon dilluns de SANT JORDI van anar a l&#8217;escola i es van trobar que hi havia un munt de murals penjats per tota l&#8217;escola. Ells no sabien r\u00e9s, per\u00f2 resulta que serien els principals protagonistes d&#8217;omplir aquells murals [&hellip;]<\/p>\n","protected":false},"author":3,"featured_media":0,"comment_status":"open","ping_status":"open","sticky":false,"template":"","format":"standard","meta":{"_bbp_topic_count":0,"_bbp_reply_count":0,"_bbp_total_topic_count":0,"_bbp_total_reply_count":0,"_bbp_voice_count":0,"_bbp_anonymous_reply_count":0,"_bbp_topic_count_hidden":0,"_bbp_reply_count_hidden":0,"_bbp_forum_subforum_count":0,"site-sidebar-layout":"default","site-content-layout":"","ast-site-content-layout":"","site-content-style":"default","site-sidebar-style":"default","ast-global-header-display":"","ast-banner-title-visibility":"","ast-main-header-display":"","ast-hfb-above-header-display":"","ast-hfb-below-header-display":"","ast-hfb-mobile-header-display":"","site-post-title":"","ast-breadcrumbs-content":"","ast-featured-img":"","footer-sml-layout":"","theme-transparent-header-meta":"","adv-header-id-meta":"","stick-header-meta":"","header-above-stick-meta":"","header-main-stick-meta":"","header-below-stick-meta":"","astra-migrate-meta-layouts":"default","ast-page-background-enabled":"default","ast-page-background-meta":{"desktop":{"background-color":"var(--ast-global-color-5)","background-image":"","background-repeat":"repeat","background-position":"center center","background-size":"auto","background-attachment":"scroll","background-type":"","background-media":"","overlay-type":"","overlay-color":"","overlay-opacity":"","overlay-gradient":""},"tablet":{"background-color":"","background-image":"","background-repeat":"repeat","background-position":"center center","background-size":"auto","background-attachment":"scroll","background-type":"","background-media":"","overlay-type":"","overlay-color":"","overlay-opacity":"","overlay-gradient":""},"mobile":{"background-color":"","background-image":"","background-repeat":"repeat","background-position":"center center","background-size":"auto","background-attachment":"scroll","background-type":"","background-media":"","overlay-type":"","overlay-color":"","overlay-opacity":"","overlay-gradient":""}},"ast-content-background-meta":{"desktop":{"background-color":"var(--ast-global-color-4)","background-image":"","background-repeat":"repeat","background-position":"center center","background-size":"auto","background-attachment":"scroll","background-type":"","background-media":"","overlay-type":"","overlay-color":"","overlay-opacity":"","overlay-gradient":""},"tablet":{"background-color":"var(--ast-global-color-4)","background-image":"","background-repeat":"repeat","background-position":"center center","background-size":"auto","background-attachment":"scroll","background-type":"","background-media":"","overlay-type":"","overlay-color":"","overlay-opacity":"","overlay-gradient":""},"mobile":{"background-color":"var(--ast-global-color-4)","background-image":"","background-repeat":"repeat","background-position":"center center","background-size":"auto","background-attachment":"scroll","background-type":"","background-media":"","overlay-type":"","overlay-color":"","overlay-opacity":"","overlay-gradient":""}},"footnotes":""},"categories":[71],"tags":[],"class_list":["post-16488","post","type-post","status-publish","format-standard","hentry","category-noticies"],"post_mailing_queue_ids":[],"_links":{"self":[{"href":"https:\/\/agora.xtec.cat\/escolacanfabra\/wp-json\/wp\/v2\/posts\/16488","targetHints":{"allow":["GET"]}}],"collection":[{"href":"https:\/\/agora.xtec.cat\/escolacanfabra\/wp-json\/wp\/v2\/posts"}],"about":[{"href":"https:\/\/agora.xtec.cat\/escolacanfabra\/wp-json\/wp\/v2\/types\/post"}],"author":[{"embeddable":true,"href":"https:\/\/agora.xtec.cat\/escolacanfabra\/wp-json\/wp\/v2\/users\/3"}],"replies":[{"embeddable":true,"href":"https:\/\/agora.xtec.cat\/escolacanfabra\/wp-json\/wp\/v2\/comments?post=16488"}],"version-history":[{"count":0,"href":"https:\/\/agora.xtec.cat\/escolacanfabra\/wp-json\/wp\/v2\/posts\/16488\/revisions"}],"wp:attachment":[{"href":"https:\/\/agora.xtec.cat\/escolacanfabra\/wp-json\/wp\/v2\/media?parent=16488"}],"wp:term":[{"taxonomy":"category","embeddable":true,"href":"https:\/\/agora.xtec.cat\/escolacanfabra\/wp-json\/wp\/v2\/categories?post=16488"},{"taxonomy":"post_tag","embeddable":true,"href":"https:\/\/agora.xtec.cat\/escolacanfabra\/wp-json\/wp\/v2\/tags?post=16488"}],"curies":[{"name":"wp","href":"https:\/\/api.w.org\/{rel}","templated":true}]}}