{"id":16293,"date":"2018-04-03T11:12:12","date_gmt":"2018-04-03T09:12:12","guid":{"rendered":"http:\/\/escolacanfabra.cat\/?p=16293"},"modified":"2018-04-03T11:12:12","modified_gmt":"2018-04-03T09:12:12","slug":"visitem-instituts","status":"publish","type":"post","link":"https:\/\/agora.xtec.cat\/escolacanfabra\/nascuts-2006\/visitem-instituts\/","title":{"rendered":"Visitem instituts"},"content":{"rendered":"<h3><strong>INSTITUT PUIGVERT:<\/strong><\/h3>\n<p>El dia 7 de mar\u00e7 vam anar a visitar l&#8217;institut Doctor Puigvert.<\/p>\n<p>Ens van portar a la biblioteca i all\u00e0 ens van rebre uns quants nens.<\/p>\n<p>A cada aula, ens esperaven uns quants alumnes que estudiaven all\u00e0 i ens<\/p>\n<p>van preparar unes activitats.<\/p>\n<p>Quan es va acabar la visita, alguns nois i noies que fan l&#8217;extraescolar de ball ens van ballar unes quantes can\u00e7ons.<\/p>\n<p>&nbsp;<\/p>\n<p><img loading=\"lazy\" decoding=\"async\" class=\"alignnone size-medium wp-image-16294\" src=\"http:\/\/escolacanfabra.cat\/wp-content\/uploads\/2018\/04\/IMG_2399-600x450.jpg\" alt=\"\" width=\"600\" height=\"450\" \/> <img loading=\"lazy\" decoding=\"async\" class=\"alignnone size-medium wp-image-16295\" src=\"http:\/\/escolacanfabra.cat\/wp-content\/uploads\/2018\/04\/IMG_2412-600x450.jpg\" alt=\"\" width=\"600\" height=\"450\" \/><\/p>\n<h3>INSTITUT MART\u00cd POUS:<\/h3>\n<p>El dia 19 de mar\u00e7 vam visitar l&#8217;institut Mart\u00ed Pous.<\/p>\n<p>Vam visitar diferents aules on alguns alumnes ens explicaven diferents tasques que feien all\u00e0.<\/p>\n<p><img loading=\"lazy\" decoding=\"async\" class=\"alignnone size-medium wp-image-16296\" src=\"http:\/\/escolacanfabra.cat\/wp-content\/uploads\/2018\/04\/IMG-2877-600x450.jpg\" alt=\"\" width=\"600\" height=\"450\" \/> <img loading=\"lazy\" decoding=\"async\" class=\"alignnone size-medium wp-image-16297\" src=\"http:\/\/escolacanfabra.cat\/wp-content\/uploads\/2018\/04\/IMG-2874-1-450x600.jpg\" alt=\"\" width=\"450\" height=\"600\" \/><\/p>\n<p>Isaac Penalba i Ona Vall\u00e8s<\/p>\n<p>6\u00e8B Escola Can Fabra 3\/4\/2018<\/p>\n","protected":false},"excerpt":{"rendered":"<p>INSTITUT PUIGVERT: El dia 7 de mar\u00e7 vam anar a visitar l&#8217;institut Doctor Puigvert. Ens van portar a la biblioteca i all\u00e0 ens van rebre uns quants nens. A cada aula, ens esperaven uns quants alumnes que estudiaven all\u00e0 i ens van preparar unes activitats. Quan es va acabar la visita, alguns nois i noies [&hellip;]<\/p>\n","protected":false},"author":3,"featured_media":0,"comment_status":"open","ping_status":"open","sticky":false,"template":"","format":"standard","meta":{"_bbp_topic_count":0,"_bbp_reply_count":0,"_bbp_total_topic_count":0,"_bbp_total_reply_count":0,"_bbp_voice_count":0,"_bbp_anonymous_reply_count":0,"_bbp_topic_count_hidden":0,"_bbp_reply_count_hidden":0,"_bbp_forum_subforum_count":0,"site-sidebar-layout":"default","site-content-layout":"","ast-site-content-layout":"","site-content-style":"default","site-sidebar-style":"default","ast-global-header-display":"","ast-banner-title-visibility":"","ast-main-header-display":"","ast-hfb-above-header-display":"","ast-hfb-below-header-display":"","ast-hfb-mobile-header-display":"","site-post-title":"","ast-breadcrumbs-content":"","ast-featured-img":"","footer-sml-layout":"","theme-transparent-header-meta":"","adv-header-id-meta":"","stick-header-meta":"","header-above-stick-meta":"","header-main-stick-meta":"","header-below-stick-meta":"","astra-migrate-meta-layouts":"default","ast-page-background-enabled":"default","ast-page-background-meta":{"desktop":{"background-color":"var(--ast-global-color-5)","background-image":"","background-repeat":"repeat","background-position":"center center","background-size":"auto","background-attachment":"scroll","background-type":"","background-media":"","overlay-type":"","overlay-color":"","overlay-opacity":"","overlay-gradient":""},"tablet":{"background-color":"","background-image":"","background-repeat":"repeat","background-position":"center center","background-size":"auto","background-attachment":"scroll","background-type":"","background-media":"","overlay-type":"","overlay-color":"","overlay-opacity":"","overlay-gradient":""},"mobile":{"background-color":"","background-image":"","background-repeat":"repeat","background-position":"center center","background-size":"auto","background-attachment":"scroll","background-type":"","background-media":"","overlay-type":"","overlay-color":"","overlay-opacity":"","overlay-gradient":""}},"ast-content-background-meta":{"desktop":{"background-color":"var(--ast-global-color-4)","background-image":"","background-repeat":"repeat","background-position":"center center","background-size":"auto","background-attachment":"scroll","background-type":"","background-media":"","overlay-type":"","overlay-color":"","overlay-opacity":"","overlay-gradient":""},"tablet":{"background-color":"var(--ast-global-color-4)","background-image":"","background-repeat":"repeat","background-position":"center center","background-size":"auto","background-attachment":"scroll","background-type":"","background-media":"","overlay-type":"","overlay-color":"","overlay-opacity":"","overlay-gradient":""},"mobile":{"background-color":"var(--ast-global-color-4)","background-image":"","background-repeat":"repeat","background-position":"center center","background-size":"auto","background-attachment":"scroll","background-type":"","background-media":"","overlay-type":"","overlay-color":"","overlay-opacity":"","overlay-gradient":""}},"footnotes":""},"categories":[65],"tags":[203],"class_list":["post-16293","post","type-post","status-publish","format-standard","hentry","category-nascuts-2006","tag-6eb"],"post_mailing_queue_ids":[],"_links":{"self":[{"href":"https:\/\/agora.xtec.cat\/escolacanfabra\/wp-json\/wp\/v2\/posts\/16293","targetHints":{"allow":["GET"]}}],"collection":[{"href":"https:\/\/agora.xtec.cat\/escolacanfabra\/wp-json\/wp\/v2\/posts"}],"about":[{"href":"https:\/\/agora.xtec.cat\/escolacanfabra\/wp-json\/wp\/v2\/types\/post"}],"author":[{"embeddable":true,"href":"https:\/\/agora.xtec.cat\/escolacanfabra\/wp-json\/wp\/v2\/users\/3"}],"replies":[{"embeddable":true,"href":"https:\/\/agora.xtec.cat\/escolacanfabra\/wp-json\/wp\/v2\/comments?post=16293"}],"version-history":[{"count":0,"href":"https:\/\/agora.xtec.cat\/escolacanfabra\/wp-json\/wp\/v2\/posts\/16293\/revisions"}],"wp:attachment":[{"href":"https:\/\/agora.xtec.cat\/escolacanfabra\/wp-json\/wp\/v2\/media?parent=16293"}],"wp:term":[{"taxonomy":"category","embeddable":true,"href":"https:\/\/agora.xtec.cat\/escolacanfabra\/wp-json\/wp\/v2\/categories?post=16293"},{"taxonomy":"post_tag","embeddable":true,"href":"https:\/\/agora.xtec.cat\/escolacanfabra\/wp-json\/wp\/v2\/tags?post=16293"}],"curies":[{"name":"wp","href":"https:\/\/api.w.org\/{rel}","templated":true}]}}