{"id":16067,"date":"2018-03-19T10:38:31","date_gmt":"2018-03-19T08:38:31","guid":{"rendered":"http:\/\/escolacanfabra.cat\/?p=16067"},"modified":"2018-03-19T10:38:31","modified_gmt":"2018-03-19T08:38:31","slug":"comenca-la-setmana-de-la-poesia","status":"publish","type":"post","link":"https:\/\/agora.xtec.cat\/escolacanfabra\/nascuts-2006\/comenca-la-setmana-de-la-poesia\/","title":{"rendered":"Comen\u00e7a&#8230; la Setmana de la Poesia!"},"content":{"rendered":"<p>Avui comen\u00e7a oficialment la Setmana de la Poesia a Can Fabra!<\/p>\n<p>Tanmateix, ja fa dies que a la biblioteca de l\u2019escola es respira poesia. La setmana passada, l\u2019alumnat de <strong>3r<\/strong>, <strong>4t<\/strong>, <strong>5\u00e8<\/strong> i <strong>6\u00e8<\/strong> de l\u2019escola va poder gaudir d\u2019unes sessions molt especials. La biblioteca es va transformar en un m\u00f3n po\u00e8tic ple de <em>sensacions<\/em>. M\u00fasica relaxant, llum t\u00e8nue, olor perfumada i un riu ple de llibres de poesia.<\/p>\n<p>Tots i totes vam tenir una bona estona per poder llegir tots aquests llibres i, despr\u00e9s, alguns grups van estar escrivint paraules que els agradaven i consideraven po\u00e8tiques i d\u2019altres van estar resolent un enigma per acabar descobrint una frase: <strong>Viu la poesia<\/strong>!<\/p>\n<p>Doncs b\u00e9, aix\u00f2 \u00e9s el que toca ara: viure la poesia! Us desitgem a tots i a totes una setmana molt especial i us convidem a submergir-vos en <em>el m\u00f3n de la poesia<\/em>!<\/p>\n<h1><span style=\"color: #800080;\">***<\/span><\/h1>\n<p>Seguiu atents i atentes al blog, que aix\u00f2 tot just acaba de comen\u00e7ar!<\/p>\n<div id=\"cp_widget_4d825078-3793-4ed9-ac5a-962ecec9693f\">&#8230;<\/div>\n<p><script type=\"text\/javascript\">\nvar cpo = []; cpo[\"_object\"] =\"cp_widget_4d825078-3793-4ed9-ac5a-962ecec9693f\"; cpo[\"_fid\"] = \"AoOArMee8Ig2\";\nvar _cpmp = _cpmp || []; _cpmp.push(cpo);\n(function() { var cp = document.createElement(\"script\"); cp.type = \"text\/javascript\";\ncp.async = true; cp.src = \"\/\/www.cincopa.com\/media-platform\/runtime\/libasync.js\";\nvar c = document.getElementsByTagName(\"script\")[0];\nc.parentNode.insertBefore(cp, c); })(); <\/script><noscript><span>New Gallery 2018\/3\/19<\/span><span>originaldate<\/span><span> 3\/13\/2018 2:20:16 PM<\/span><span>height<\/span><span> 1600<\/span><span>width<\/span><span> 898<\/span><span>orientation<\/span><span> 1<\/span><span>camerasoftware<\/span><span> Windows Photo Editor<\/span><span>originaldate<\/span><span> 3\/13\/2018 2:01:36 PM<\/span><span>height<\/span><span> 898<\/span><span>width<\/span><span> 1600<\/span><span>orientation<\/span><span> 1<\/span><span>camerasoftware<\/span><span> Windows Photo Editor<\/span><span>originaldate<\/span><span> 3\/14\/2018 5:44:34 PM<\/span><span>height<\/span><span> 898<\/span><span>width<\/span><span> 1600<\/span><span>orientation<\/span><span> 1<\/span><span>camerasoftware<\/span><span> Windows Photo Editor<\/span><span>originaldate<\/span><span> 3\/14\/2018 5:45:19 PM<\/span><span>height<\/span><span> 898<\/span><span>width<\/span><span> 1600<\/span><span>orientation<\/span><span> 1<\/span><span>camerasoftware<\/span><span> Windows Photo Editor<\/span><span>originaldate<\/span><span> 3\/14\/2018 5:46:31 PM<\/span><span>height<\/span><span> 898<\/span><span>width<\/span><span> 1600<\/span><span>orientation<\/span><span> 1<\/span><span>camerasoftware<\/span><span> Windows Photo Editor<\/span><span>originaldate<\/span><span> 3\/14\/2018 6:30:16 PM<\/span><span>height<\/span><span> 898<\/span><span>width<\/span><span> 1600<\/span><span>orientation<\/span><span> 1<\/span><span>camerasoftware<\/span><span> Windows Photo Editor<\/span><span>originaldate<\/span><span> 3\/14\/2018 6:30:42 PM<\/span><span>height<\/span><span> 898<\/span><span>width<\/span><span> 1600<\/span><span>orientation<\/span><span> 1<\/span><span>camerasoftware<\/span><span> Windows Photo Editor<\/span><span>originaldate<\/span><span> 3\/14\/2018 6:31:22 PM<\/span><span>height<\/span><span> 898<\/span><span>width<\/span><span> 1600<\/span><span>orientation<\/span><span> 1<\/span><span>camerasoftware<\/span><span> Windows Photo Editor<\/span><span>originaldate<\/span><span> 3\/14\/2018 6:33:19 PM<\/span><span>height<\/span><span> 1600<\/span><span>width<\/span><span> 898<\/span><span>orientation<\/span><span> 1<\/span><span>camerasoftware<\/span><span> Windows Photo Editor<\/span><span>originaldate<\/span><span> 1\/1\/0001 6:00:00 AM<\/span><span>width<\/span><span> 1600<\/span><span>height<\/span><span> 898<\/span><span>originaldate<\/span><span> 1\/1\/0001 6:00:00 AM<\/span><span>width<\/span><span> 898<\/span><span>height<\/span><span> 1600<\/span><span>originaldate<\/span><span> 3\/13\/2018 2:19:49 PM<\/span><span>height<\/span><span> 898<\/span><span>width<\/span><span> 1600<\/span><span>orientation<\/span><span> 1<\/span><span>camerasoftware<\/span><span> Windows Photo Editor<\/span><span>originaldate<\/span><span> 3\/13\/2018 2:20:32 PM<\/span><span>height<\/span><span> 898<\/span><span>width<\/span><span> 1600<\/span><span>orientation<\/span><span> 1<\/span><span>camerasoftware<\/span><span> Windows Photo Editor<\/span><span>originaldate<\/span><span> 3\/13\/2018 3:36:17 PM<\/span><span>height<\/span><span> 898<\/span><span>width<\/span><span> 1600<\/span><span>orientation<\/span><span> 1<\/span><span>camerasoftware<\/span><span> Windows Photo Editor<\/span><span>originaldate<\/span><span> 3\/13\/2018 3:37:20 PM<\/span><span>height<\/span><span> 898<\/span><span>width<\/span><span> 1600<\/span><span>orientation<\/span><span> 1<\/span><span>camerasoftware<\/span><span> Windows Photo Editor<\/span><span>originaldate<\/span><span> 3\/13\/2018 3:37:46 PM<\/span><span>height<\/span><span> 898<\/span><span>width<\/span><span> 1600<\/span><span>orientation<\/span><span> 1<\/span><span>camerasoftware<\/span><span> Windows Photo Editor<\/span><span>originaldate<\/span><span> 3\/13\/2018 3:37:59 PM<\/span><span>height<\/span><span> 898<\/span><span>width<\/span><span> 1600<\/span><span>orientation<\/span><span> 1<\/span><span>camerasoftware<\/span><span> Windows Photo Editor<\/span><span>originaldate<\/span><span> 3\/13\/2018 3:38:19 PM<\/span><span>height<\/span><span> 898<\/span><span>width<\/span><span> 1600<\/span><span>orientation<\/span><span> 1<\/span><span>camerasoftware<\/span><span> Windows Photo Editor<\/span><span>originaldate<\/span><span> 3\/13\/2018 3:38:56 PM<\/span><span>height<\/span><span> 898<\/span><span>width<\/span><span> 1600<\/span><span>orientation<\/span><span> 1<\/span><span>camerasoftware<\/span><span> Windows Photo Editor<\/span><span>originaldate<\/span><span> 3\/13\/2018 3:41:41 PM<\/span><span>height<\/span><span> 1600<\/span><span>width<\/span><span> 898<\/span><span>orientation<\/span><span> 1<\/span><span>camerasoftware<\/span><span> Windows Photo Editor<\/span><span>originaldate<\/span><span> 1\/1\/0001 6:00:00 AM<\/span><span>width<\/span><span> 1600<\/span><span>height<\/span><span> 898<\/span><span>originaldate<\/span><span> 1\/1\/0001 6:00:00 AM<\/span><span>width<\/span><span> 898<\/span><span>height<\/span><span> 1600<\/span><span>originaldate<\/span><span> 1\/1\/0001 6:00:00 AM<\/span><span>width<\/span><span> 898<\/span><span>height<\/span><span> 1600<\/span><span>originaldate<\/span><span> 1\/1\/0001 6:00:00 AM<\/span><span>width<\/span><span> 1600<\/span><span>height<\/span><span> 898<\/span><span>originaldate<\/span><span> 3\/13\/2018 5:32:37 PM<\/span><span>height<\/span><span> 1600<\/span><span>width<\/span><span> 898<\/span><span>orientation<\/span><span> 1<\/span><span>camerasoftware<\/span><span> Windows Photo Editor<\/span><span>originaldate<\/span><span> 3\/13\/2018 5:32:49 PM<\/span><span>height<\/span><span> 1600<\/span><span>width<\/span><span> 898<\/span><span>orientation<\/span><span> 1<\/span><span>camerasoftware<\/span><span> Windows Photo Editor<\/span><span>originaldate<\/span><span> 3\/13\/2018 5:33:14 PM<\/span><span>height<\/span><span> 898<\/span><span>width<\/span><span> 1600<\/span><span>orientation<\/span><span> 1<\/span><span>camerasoftware<\/span><span> Windows Photo Editor<\/span><span>originaldate<\/span><span> 1\/1\/0001 6:00:00 AM<\/span><span>width<\/span><span> 1600<\/span><span>height<\/span><span> 898<\/span><span>originaldate<\/span><span> 3\/13\/2018 5:33:52 PM<\/span><span>height<\/span><span> 898<\/span><span>width<\/span><span> 1600<\/span><span>orientation<\/span><span> 1<\/span><span>camerasoftware<\/span><span> Windows Photo Editor<\/span><span>originaldate<\/span><span> 3\/13\/2018 5:34:19 PM<\/span><span>height<\/span><span> 1600<\/span><span>width<\/span><span> 898<\/span><span>orientation<\/span><span> 1<\/span><span>camerasoftware<\/span><span> Windows Photo Editor<\/span><span>originaldate<\/span><span> 3\/13\/2018 5:34:46 PM<\/span><span>height<\/span><span> 898<\/span><span>width<\/span><span> 1600<\/span><span>orientation<\/span><span> 1<\/span><span>camerasoftware<\/span><span> Windows Photo Editor<\/span><span>originaldate<\/span><span> 3\/13\/2018 5:50:20 PM<\/span><span>height<\/span><span> 898<\/span><span>width<\/span><span> 1600<\/span><span>orientation<\/span><span> 1<\/span><span>camerasoftware<\/span><span> Windows Photo Editor<\/span><span>originaldate<\/span><span> 3\/13\/2018 6:29:14 PM<\/span><span>height<\/span><span> 898<\/span><span>width<\/span><span> 1600<\/span><span>orientation<\/span><span> 1<\/span><span>camerasoftware<\/span><span> Windows Photo Editor<\/span><span>originaldate<\/span><span> 3\/13\/2018 6:30:39 PM<\/span><span>height<\/span><span> 898<\/span><span>width<\/span><span> 1600<\/span><span>orientation<\/span><span> 1<\/span><span>camerasoftware<\/span><span> Windows Photo Editor<\/span><span>originaldate<\/span><span> 3\/16\/2018 2:46:31 PM<\/span><span>height<\/span><span> 898<\/span><span>width<\/span><span> 1600<\/span><span>orientation<\/span><span> 1<\/span><span>camerasoftware<\/span><span> Windows Photo Editor<\/span><span>originaldate<\/span><span> 3\/16\/2018 2:46:42 PM<\/span><span>height<\/span><span> 898<\/span><span>width<\/span><span> 1600<\/span><span>orientation<\/span><span> 1<\/span><span>camerasoftware<\/span><span> Windows Photo Editor<\/span><span>originaldate<\/span><span> 3\/16\/2018 2:47:11 PM<\/span><span>height<\/span><span> 898<\/span><span>width<\/span><span> 1600<\/span><span>orientation<\/span><span> 1<\/span><span>camerasoftware<\/span><span> Windows Photo Editor<\/span><span>originaldate<\/span><span> 3\/16\/2018 2:47:27 PM<\/span><span>height<\/span><span> 898<\/span><span>width<\/span><span> 1600<\/span><span>orientation<\/span><span> 1<\/span><span>camerasoftware<\/span><span> Windows Photo Editor<\/span><span>originaldate<\/span><span> 1\/1\/0001 6:00:00 AM<\/span><span>width<\/span><span> 1600<\/span><span>height<\/span><span> 898<\/span><span>originaldate<\/span><span> 3\/16\/2018 3:27:22 PM<\/span><span>height<\/span><span> 898<\/span><span>width<\/span><span> 1600<\/span><span>orientation<\/span><span> 1<\/span><span>camerasoftware<\/span><span> Windows Photo Editor<\/span><span>originaldate<\/span><span> 1\/1\/0001 6:00:00 AM<\/span><span>width<\/span><span> 1600<\/span><span>height<\/span><span> 898<\/span><span>originaldate<\/span><span> 3\/16\/2018 3:29:23 PM<\/span><span>height<\/span><span> 898<\/span><span>width<\/span><span> 1600<\/span><span>orientation<\/span><span> 1<\/span><span>camerasoftware<\/span><span> Windows Photo Editor<\/span><span>originaldate<\/span><span> 3\/16\/2018 3:29:33 PM<\/span><span>height<\/span><span> 898<\/span><span>width<\/span><span> 1600<\/span><span>orientation<\/span><span> 1<\/span><span>camerasoftware<\/span><span> Windows Photo Editor<\/span><span>originaldate<\/span><span> 3\/16\/2018 3:29:52 PM<\/span><span>height<\/span><span> 898<\/span><span>width<\/span><span> 1600<\/span><span>orientation<\/span><span> 1<\/span><span>camerasoftware<\/span><span> Windows Photo Editor<\/span><span>originaldate<\/span><span> 3\/16\/2018 3:31:12 PM<\/span><span>height<\/span><span> 898<\/span><span>width<\/span><span> 1600<\/span><span>orientation<\/span><span> 1<\/span><span>camerasoftware<\/span><span> Windows Photo Editor<\/span><span>originaldate<\/span><span> 3\/16\/2018 3:30:04 PM<\/span><span>height<\/span><span> 898<\/span><span>width<\/span><span> 1600<\/span><span>orientation<\/span><span> 1<\/span><span>camerasoftware<\/span><span> Windows Photo Editor<\/span><span>originaldate<\/span><span> 3\/16\/2018 5:36:45 PM<\/span><span>height<\/span><span> 898<\/span><span>width<\/span><span> 1600<\/span><span>orientation<\/span><span> 1<\/span><span>camerasoftware<\/span><span> Windows Photo Editor<\/span><span>originaldate<\/span><span> 3\/16\/2018 5:38:02 PM<\/span><span>height<\/span><span> 898<\/span><span>width<\/span><span> 1600<\/span><span>orientation<\/span><span> 1<\/span><span>camerasoftware<\/span><span> Windows Photo Editor<\/span><span>originaldate<\/span><span> 3\/16\/2018 5:40:50 PM<\/span><span>height<\/span><span> 898<\/span><span>width<\/span><span> 1600<\/span><span>orientation<\/span><span> 1<\/span><span>camerasoftware<\/span><span> Windows Photo Editor<\/span><span>originaldate<\/span><span> 3\/16\/2018 5:43:47 PM<\/span><span>height<\/span><span> 898<\/span><span>width<\/span><span> 1600<\/span><span>orientation<\/span><span> 1<\/span><span>camerasoftware<\/span><span> Windows Photo Editor<\/span><span>originaldate<\/span><span> 3\/16\/2018 6:35:56 PM<\/span><span>height<\/span><span> 898<\/span><span>width<\/span><span> 1600<\/span><span>orientation<\/span><span> 1<\/span><span>camerasoftware<\/span><span> Windows Photo Editor<\/span><span>originaldate<\/span><span> 3\/16\/2018 6:36:53 PM<\/span><span>height<\/span><span> 898<\/span><span>width<\/span><span> 1600<\/span><span>orientation<\/span><span> 1<\/span><span>camerasoftware<\/span><span> Windows Photo Editor<\/span><span>originaldate<\/span><span> 3\/16\/2018 6:39:26 PM<\/span><span>height<\/span><span> 898<\/span><span>width<\/span><span> 1600<\/span><span>orientation<\/span><span> 1<\/span><span>camerasoftware<\/span><span> Windows Photo Editor<\/span><span>originaldate<\/span><span> 3\/16\/2018 6:40:39 PM<\/span><span>height<\/span><span> 898<\/span><span>width<\/span><span> 1600<\/span><span>orientation<\/span><span> 1<\/span><span>camerasoftware<\/span><span> Windows Photo Editor<\/span><\/noscript><\/p>\n","protected":false},"excerpt":{"rendered":"<p>Avui comen\u00e7a oficialment la Setmana de la Poesia a Can Fabra! Tanmateix, ja fa dies que a la biblioteca de l\u2019escola es respira poesia. La setmana passada, l\u2019alumnat de 3r, 4t, 5\u00e8 i 6\u00e8 de l\u2019escola va poder gaudir d\u2019unes sessions molt especials. La biblioteca es va transformar en un m\u00f3n po\u00e8tic ple de sensacions. [&hellip;]<\/p>\n","protected":false},"author":3,"featured_media":0,"comment_status":"open","ping_status":"open","sticky":false,"template":"","format":"standard","meta":{"_bbp_topic_count":0,"_bbp_reply_count":0,"_bbp_total_topic_count":0,"_bbp_total_reply_count":0,"_bbp_voice_count":0,"_bbp_anonymous_reply_count":0,"_bbp_topic_count_hidden":0,"_bbp_reply_count_hidden":0,"_bbp_forum_subforum_count":0,"site-sidebar-layout":"default","site-content-layout":"","ast-site-content-layout":"","site-content-style":"default","site-sidebar-style":"default","ast-global-header-display":"","ast-banner-title-visibility":"","ast-main-header-display":"","ast-hfb-above-header-display":"","ast-hfb-below-header-display":"","ast-hfb-mobile-header-display":"","site-post-title":"","ast-breadcrumbs-content":"","ast-featured-img":"","footer-sml-layout":"","theme-transparent-header-meta":"","adv-header-id-meta":"","stick-header-meta":"","header-above-stick-meta":"","header-main-stick-meta":"","header-below-stick-meta":"","astra-migrate-meta-layouts":"default","ast-page-background-enabled":"default","ast-page-background-meta":{"desktop":{"background-color":"var(--ast-global-color-5)","background-image":"","background-repeat":"repeat","background-position":"center center","background-size":"auto","background-attachment":"scroll","background-type":"","background-media":"","overlay-type":"","overlay-color":"","overlay-opacity":"","overlay-gradient":""},"tablet":{"background-color":"","background-image":"","background-repeat":"repeat","background-position":"center center","background-size":"auto","background-attachment":"scroll","background-type":"","background-media":"","overlay-type":"","overlay-color":"","overlay-opacity":"","overlay-gradient":""},"mobile":{"background-color":"","background-image":"","background-repeat":"repeat","background-position":"center center","background-size":"auto","background-attachment":"scroll","background-type":"","background-media":"","overlay-type":"","overlay-color":"","overlay-opacity":"","overlay-gradient":""}},"ast-content-background-meta":{"desktop":{"background-color":"var(--ast-global-color-4)","background-image":"","background-repeat":"repeat","background-position":"center center","background-size":"auto","background-attachment":"scroll","background-type":"","background-media":"","overlay-type":"","overlay-color":"","overlay-opacity":"","overlay-gradient":""},"tablet":{"background-color":"var(--ast-global-color-4)","background-image":"","background-repeat":"repeat","background-position":"center center","background-size":"auto","background-attachment":"scroll","background-type":"","background-media":"","overlay-type":"","overlay-color":"","overlay-opacity":"","overlay-gradient":""},"mobile":{"background-color":"var(--ast-global-color-4)","background-image":"","background-repeat":"repeat","background-position":"center center","background-size":"auto","background-attachment":"scroll","background-type":"","background-media":"","overlay-type":"","overlay-color":"","overlay-opacity":"","overlay-gradient":""}},"footnotes":""},"categories":[72,65],"tags":[193,220,221],"class_list":["post-16067","post","type-post","status-publish","format-standard","hentry","category-biblioteca","category-nascuts-2006","tag-biblioteca","tag-folletpoeta","tag-poesia"],"post_mailing_queue_ids":[],"_links":{"self":[{"href":"https:\/\/agora.xtec.cat\/escolacanfabra\/wp-json\/wp\/v2\/posts\/16067","targetHints":{"allow":["GET"]}}],"collection":[{"href":"https:\/\/agora.xtec.cat\/escolacanfabra\/wp-json\/wp\/v2\/posts"}],"about":[{"href":"https:\/\/agora.xtec.cat\/escolacanfabra\/wp-json\/wp\/v2\/types\/post"}],"author":[{"embeddable":true,"href":"https:\/\/agora.xtec.cat\/escolacanfabra\/wp-json\/wp\/v2\/users\/3"}],"replies":[{"embeddable":true,"href":"https:\/\/agora.xtec.cat\/escolacanfabra\/wp-json\/wp\/v2\/comments?post=16067"}],"version-history":[{"count":0,"href":"https:\/\/agora.xtec.cat\/escolacanfabra\/wp-json\/wp\/v2\/posts\/16067\/revisions"}],"wp:attachment":[{"href":"https:\/\/agora.xtec.cat\/escolacanfabra\/wp-json\/wp\/v2\/media?parent=16067"}],"wp:term":[{"taxonomy":"category","embeddable":true,"href":"https:\/\/agora.xtec.cat\/escolacanfabra\/wp-json\/wp\/v2\/categories?post=16067"},{"taxonomy":"post_tag","embeddable":true,"href":"https:\/\/agora.xtec.cat\/escolacanfabra\/wp-json\/wp\/v2\/tags?post=16067"}],"curies":[{"name":"wp","href":"https:\/\/api.w.org\/{rel}","templated":true}]}}