{"id":16042,"date":"2018-03-14T11:36:39","date_gmt":"2018-03-14T09:36:39","guid":{"rendered":"http:\/\/escolacanfabra.cat\/?p=16042"},"modified":"2018-03-14T11:36:39","modified_gmt":"2018-03-14T09:36:39","slug":"setmana-de-la-poesia-2","status":"publish","type":"post","link":"https:\/\/agora.xtec.cat\/escolacanfabra\/nascuts-2011\/setmana-de-la-poesia-2\/","title":{"rendered":"Setmana de la poesia"},"content":{"rendered":"<p>La UNESCO va declarar el dia 21 de mar\u00e7 Dia Mundial de la Poesia. \u00c9s per aix\u00f2 que el nostre estimat Follet Poeta n\u2019est\u00e0 preparant una de ben grossa per a la setmana que ve a la nostra escola.<\/p>\n<p>Del <strong>19 al 23 de mar\u00e7<\/strong> celebrarem la <strong>Setmana de la Poesia<\/strong> fent un petit homenatge a un poeta i artista barcelon\u00ed del qual tots i totes, poc o molt, coneixem la seva obra: Joan Brossa. Una poesia tan suggeridora com la de Brossa ens permetr\u00e0 preguntar-nos: <strong>qu\u00e8 \u00e9s la poesia<\/strong>?<\/p>\n<p>El Follet Poeta ens ha deixat un v\u00eddeo per comen\u00e7ar a donar-hi voltes&#8230;<\/p>\n<p>&nbsp;<\/p>\n<div style=\"width: 1920px;\" class=\"wp-video\"><!--[if lt IE 9]><script>document.createElement('video');<\/script><![endif]-->\n<video class=\"wp-video-shortcode\" id=\"video-16042-1\" width=\"1920\" height=\"1080\" preload=\"metadata\" controls=\"controls\"><source type=\"video\/mp4\" src=\"https:\/\/agora.xtec.cat\/escolacanfabra\/wp-content\/uploads\/usu1954\/2018\/03\/V\u00cdDEO-SETMANA-DE-LA-POESIA.mp4?_=1\" \/><a href=\"https:\/\/agora.xtec.cat\/escolacanfabra\/wp-content\/uploads\/usu1954\/2018\/03\/V\u00cdDEO-SETMANA-DE-LA-POESIA.mp4\">https:\/\/agora.xtec.cat\/escolacanfabra\/wp-content\/uploads\/usu1954\/2018\/03\/V\u00cdDEO-SETMANA-DE-LA-POESIA.mp4<\/a><\/video><\/div>\n<p><em>Aquest v\u00eddeo ha estat realitzat pel Follet Poeta utilitzant un clip em\u00e8s al programa &#8220;L&#8217;hora del lector&#8221; (2008)<\/em><\/p>\n<h5><strong><span style=\"color: #ff0000;\">***\u00a0<\/span><\/strong>Que gaudiu de la setmana i mireu el m\u00f3n amb ulls de poeta i poetessa! <strong><span style=\"color: #ff0000;\">***<\/span><\/strong><\/h5>\n<p>&nbsp;<\/p>\n","protected":false},"excerpt":{"rendered":"<p>La UNESCO va declarar el dia 21 de mar\u00e7 Dia Mundial de la Poesia. \u00c9s per aix\u00f2 que el nostre estimat Follet Poeta n\u2019est\u00e0 preparant una de ben grossa per a la setmana que ve a la nostra escola. Del 19 al 23 de mar\u00e7 celebrarem la Setmana de la Poesia fent un petit homenatge [&hellip;]<\/p>\n","protected":false},"author":3,"featured_media":0,"comment_status":"open","ping_status":"open","sticky":false,"template":"","format":"standard","meta":{"_bbp_topic_count":0,"_bbp_reply_count":0,"_bbp_total_topic_count":0,"_bbp_total_reply_count":0,"_bbp_voice_count":0,"_bbp_anonymous_reply_count":0,"_bbp_topic_count_hidden":0,"_bbp_reply_count_hidden":0,"_bbp_forum_subforum_count":0,"site-sidebar-layout":"default","site-content-layout":"","ast-site-content-layout":"","site-content-style":"default","site-sidebar-style":"default","ast-global-header-display":"","ast-banner-title-visibility":"","ast-main-header-display":"","ast-hfb-above-header-display":"","ast-hfb-below-header-display":"","ast-hfb-mobile-header-display":"","site-post-title":"","ast-breadcrumbs-content":"","ast-featured-img":"","footer-sml-layout":"","theme-transparent-header-meta":"","adv-header-id-meta":"","stick-header-meta":"","header-above-stick-meta":"","header-main-stick-meta":"","header-below-stick-meta":"","astra-migrate-meta-layouts":"default","ast-page-background-enabled":"default","ast-page-background-meta":{"desktop":{"background-color":"var(--ast-global-color-5)","background-image":"","background-repeat":"repeat","background-position":"center center","background-size":"auto","background-attachment":"scroll","background-type":"","background-media":"","overlay-type":"","overlay-color":"","overlay-opacity":"","overlay-gradient":""},"tablet":{"background-color":"","background-image":"","background-repeat":"repeat","background-position":"center center","background-size":"auto","background-attachment":"scroll","background-type":"","background-media":"","overlay-type":"","overlay-color":"","overlay-opacity":"","overlay-gradient":""},"mobile":{"background-color":"","background-image":"","background-repeat":"repeat","background-position":"center center","background-size":"auto","background-attachment":"scroll","background-type":"","background-media":"","overlay-type":"","overlay-color":"","overlay-opacity":"","overlay-gradient":""}},"ast-content-background-meta":{"desktop":{"background-color":"var(--ast-global-color-4)","background-image":"","background-repeat":"repeat","background-position":"center center","background-size":"auto","background-attachment":"scroll","background-type":"","background-media":"","overlay-type":"","overlay-color":"","overlay-opacity":"","overlay-gradient":""},"tablet":{"background-color":"var(--ast-global-color-4)","background-image":"","background-repeat":"repeat","background-position":"center center","background-size":"auto","background-attachment":"scroll","background-type":"","background-media":"","overlay-type":"","overlay-color":"","overlay-opacity":"","overlay-gradient":""},"mobile":{"background-color":"var(--ast-global-color-4)","background-image":"","background-repeat":"repeat","background-position":"center center","background-size":"auto","background-attachment":"scroll","background-type":"","background-media":"","overlay-type":"","overlay-color":"","overlay-opacity":"","overlay-gradient":""}},"footnotes":""},"categories":[72,65,62,61,133,82,71],"tags":[193,220,221],"class_list":["post-16042","post","type-post","status-publish","format-standard","hentry","category-biblioteca","category-nascuts-2006","category-nascuts-2010","category-nascuts-2011","category-nascuts-2012","category-nascuts-2013","category-noticies","tag-biblioteca","tag-folletpoeta","tag-poesia"],"post_mailing_queue_ids":[],"_links":{"self":[{"href":"https:\/\/agora.xtec.cat\/escolacanfabra\/wp-json\/wp\/v2\/posts\/16042","targetHints":{"allow":["GET"]}}],"collection":[{"href":"https:\/\/agora.xtec.cat\/escolacanfabra\/wp-json\/wp\/v2\/posts"}],"about":[{"href":"https:\/\/agora.xtec.cat\/escolacanfabra\/wp-json\/wp\/v2\/types\/post"}],"author":[{"embeddable":true,"href":"https:\/\/agora.xtec.cat\/escolacanfabra\/wp-json\/wp\/v2\/users\/3"}],"replies":[{"embeddable":true,"href":"https:\/\/agora.xtec.cat\/escolacanfabra\/wp-json\/wp\/v2\/comments?post=16042"}],"version-history":[{"count":0,"href":"https:\/\/agora.xtec.cat\/escolacanfabra\/wp-json\/wp\/v2\/posts\/16042\/revisions"}],"wp:attachment":[{"href":"https:\/\/agora.xtec.cat\/escolacanfabra\/wp-json\/wp\/v2\/media?parent=16042"}],"wp:term":[{"taxonomy":"category","embeddable":true,"href":"https:\/\/agora.xtec.cat\/escolacanfabra\/wp-json\/wp\/v2\/categories?post=16042"},{"taxonomy":"post_tag","embeddable":true,"href":"https:\/\/agora.xtec.cat\/escolacanfabra\/wp-json\/wp\/v2\/tags?post=16042"}],"curies":[{"name":"wp","href":"https:\/\/api.w.org\/{rel}","templated":true}]}}