{"id":15998,"date":"2018-03-08T00:40:42","date_gmt":"2018-03-07T22:40:42","guid":{"rendered":"http:\/\/escolacanfabra.cat\/?p=15998"},"modified":"2018-03-08T00:40:42","modified_gmt":"2018-03-07T22:40:42","slug":"contes-de-color-lila","status":"publish","type":"post","link":"https:\/\/agora.xtec.cat\/escolacanfabra\/nascuts-2011\/contes-de-color-lila\/","title":{"rendered":"Contes de color lila"},"content":{"rendered":"<h2><strong>Estimats lectors i estimades lectores!<\/strong><\/h2>\n<p>No acostumo a escriure gaire al blog, per\u00f2 avui, jo, la <strong><span style=\"color: #800080;\">Bruixa Fabreta<\/span><\/strong>, m\u2019he posat a escriure! Crec que el dia de dem\u00e0 s\u2019ho val. Dem\u00e0 i, de fet, cada dia de l\u2019any s\u00f3n bons moments per reivindicar un m\u00f3n millor. Per a mi un m\u00f3n millor seria aquell en qu\u00e8 totes les persones, amb les seves difer\u00e8ncies entre elles, es respectessin les unes a les altres. Els llibres s\u00f3n una bona manera d\u2019imaginar-nos un m\u00f3n millor i, per aix\u00f2, us convido a llegir llibres que ens presenten protagonistes extraordin\u00e0ries, que reivindiquen la igualtat de drets i oportunitats i que trenquen estereotips i prejudicis.<\/p>\n<p style=\"text-align: left;\">Sortosament, comptem amb un munt de reculls bibliogr\u00e0fics que tenen en compte aquests valors. Us recomanem especialment el dossier bibliogr\u00e0fic de la maleta <em>Noies i Nois: tants a tants<\/em> elaborada per Rosa Sensat:<\/p>\n<p style=\"text-align: left;\"><a href=\"http:\/\/www2.rosasensat.org\/files\/treball_infantil_i_primaria.pdf\">http:\/\/www2.rosasensat.org\/files\/treball_infantil_i_primaria.pdf<\/a><\/p>\n<p style=\"text-align: left;\">i la guia de lectura infantil i juvenil no sexista i coeducativa\u00a0 elaborada per la Diputaci\u00f3 de Granada:<\/p>\n<p style=\"text-align: left;\"><a href=\"http:\/\/www.dipgra.es\/uploaddoc\/contenidos\/11313\/Gu%C3%ADa%20de%20lectura%20infantil%20La%20mochila%20violeta.pdf\">http:\/\/www.dipgra.es\/uploaddoc\/contenidos\/11313\/Gu%C3%ADa%20de%20lectura%20infantil%20La%20mochila%20violeta.pdf<\/a><\/p>\n<p>A m\u00e9s a m\u00e9s, a mi m\u2019agradaria fer-vos quatre recomanacions particulars:<\/p>\n<ul>\n<li><strong>Per als m\u00e9s petits i les m\u00e9s petites de la casa&#8230;<\/strong><\/li>\n<\/ul>\n<p><span style=\"color: #800080;\"><em>Elenita <\/em><\/span>de Campbell Geesling i Ana Juan<em>. <\/em>\u00c9s la fascinant hist\u00f2ria ambientada a M\u00e8xic en qu\u00e8 una la filla d\u2019un bufador de vidre empr\u00e8n una aventura per treballar en el mateix ofici que el seu pare. La seva valentia, per\u00f2 tamb\u00e9 la seva sensibilitat, la duran molt m\u00e9s lluny del que creia&#8230;<\/p>\n<ul>\n<li><strong>Per als no tant petits ni petites&#8230;<\/strong><\/li>\n<\/ul>\n<p><span style=\"color: #800080;\"><em>Corre, Maria, afanya\u2019t!<\/em> <\/span>de N. M. Bodecker i Erik Blegvad. Aquest llibre evidencia, en clau d\u2019humor, la situaci\u00f3 de desigualtat entre homes i dones que hi ha a l\u2019hora de dur a terme les tasques dom\u00e8stiques. S\u2019atrevir\u00e0 la Maria a canviar les coses?<\/p>\n<ul>\n<li><strong>Per als i les que ja s\u00f3n m\u00e9s grans&#8230;<\/strong><\/li>\n<\/ul>\n<p><span style=\"color: #800080;\"><em>El llibre dels porcs <\/em><\/span>d\u2019Anthony Browne. Divertit i inquietant a la vegada. Un dia en una casa aparentment normal, tot canvia per als homes que hi viuen.<\/p>\n<ul>\n<li><strong>Per als i les m\u00e9s grans&#8230;<\/strong><\/li>\n<\/ul>\n<p><span style=\"color: #800080;\"><em>Pippi Langstrump <\/em><\/span>d\u2019Astrid Lindgren. Qui no coneix la famosa Pippi? Un personatge que ha marcat m\u00e9s d\u2019una generaci\u00f3, una nena aut\u00e8ntica, aventurera i, per sobre de tot, feli\u00e7.<\/p>\n<ul>\n<li>A m\u00e9s a m\u00e9s, tant pels nens i nenes de la casa com pels pares, mares, avis, \u00e0vies, oncles, tietes&#8230; trobareu reculls d\u2019hist\u00f2ries sobre dones fascinants com <em><span style=\"color: #800080;\">Contes de bona nit per a nenes rebels<\/span> <\/em>de Elena Favilli Francesca Cavallo o <span style=\"color: #800080;\"><em>Mujeres radicales del mundo <\/em><\/span>de Kate Schatz i Miriam Klein Stahl.<\/li>\n<\/ul>\n<h2><span style=\"color: #800080;\"><strong>***<\/strong><\/span><\/h2>\n<p>I ara us deixo perqu\u00e8 pugueu c\u00f3rrer a endinsar-vos en totes aquestes hist\u00f2ries&#8230;<\/p>\n<h2 style=\"text-align: right;\"><strong>Bruixa Fabreta<\/strong><\/h2>\n<p><img loading=\"lazy\" decoding=\"async\" class=\"size-medium wp-image-16003 aligncenter\" src=\"http:\/\/escolacanfabra.cat\/wp-content\/uploads\/2018\/03\/BruixaFabreta-600x450.jpg\" alt=\"\" width=\"600\" height=\"450\" \/><\/p>\n","protected":false},"excerpt":{"rendered":"<p>Estimats lectors i estimades lectores! No acostumo a escriure gaire al blog, per\u00f2 avui, jo, la Bruixa Fabreta, m\u2019he posat a escriure! Crec que el dia de dem\u00e0 s\u2019ho val. Dem\u00e0 i, de fet, cada dia de l\u2019any s\u00f3n bons moments per reivindicar un m\u00f3n millor. Per a mi un m\u00f3n millor seria aquell en [&hellip;]<\/p>\n","protected":false},"author":3,"featured_media":0,"comment_status":"open","ping_status":"open","sticky":false,"template":"","format":"standard","meta":{"_bbp_topic_count":0,"_bbp_reply_count":0,"_bbp_total_topic_count":0,"_bbp_total_reply_count":0,"_bbp_voice_count":0,"_bbp_anonymous_reply_count":0,"_bbp_topic_count_hidden":0,"_bbp_reply_count_hidden":0,"_bbp_forum_subforum_count":0,"site-sidebar-layout":"default","site-content-layout":"","ast-site-content-layout":"","site-content-style":"default","site-sidebar-style":"default","ast-global-header-display":"","ast-banner-title-visibility":"","ast-main-header-display":"","ast-hfb-above-header-display":"","ast-hfb-below-header-display":"","ast-hfb-mobile-header-display":"","site-post-title":"","ast-breadcrumbs-content":"","ast-featured-img":"","footer-sml-layout":"","theme-transparent-header-meta":"","adv-header-id-meta":"","stick-header-meta":"","header-above-stick-meta":"","header-main-stick-meta":"","header-below-stick-meta":"","astra-migrate-meta-layouts":"default","ast-page-background-enabled":"default","ast-page-background-meta":{"desktop":{"background-color":"var(--ast-global-color-5)","background-image":"","background-repeat":"repeat","background-position":"center center","background-size":"auto","background-attachment":"scroll","background-type":"","background-media":"","overlay-type":"","overlay-color":"","overlay-opacity":"","overlay-gradient":""},"tablet":{"background-color":"","background-image":"","background-repeat":"repeat","background-position":"center center","background-size":"auto","background-attachment":"scroll","background-type":"","background-media":"","overlay-type":"","overlay-color":"","overlay-opacity":"","overlay-gradient":""},"mobile":{"background-color":"","background-image":"","background-repeat":"repeat","background-position":"center center","background-size":"auto","background-attachment":"scroll","background-type":"","background-media":"","overlay-type":"","overlay-color":"","overlay-opacity":"","overlay-gradient":""}},"ast-content-background-meta":{"desktop":{"background-color":"var(--ast-global-color-4)","background-image":"","background-repeat":"repeat","background-position":"center center","background-size":"auto","background-attachment":"scroll","background-type":"","background-media":"","overlay-type":"","overlay-color":"","overlay-opacity":"","overlay-gradient":""},"tablet":{"background-color":"var(--ast-global-color-4)","background-image":"","background-repeat":"repeat","background-position":"center center","background-size":"auto","background-attachment":"scroll","background-type":"","background-media":"","overlay-type":"","overlay-color":"","overlay-opacity":"","overlay-gradient":""},"mobile":{"background-color":"var(--ast-global-color-4)","background-image":"","background-repeat":"repeat","background-position":"center center","background-size":"auto","background-attachment":"scroll","background-type":"","background-media":"","overlay-type":"","overlay-color":"","overlay-opacity":"","overlay-gradient":""}},"footnotes":""},"categories":[72,65,62,61,133,82],"tags":[217,193,218,219],"class_list":["post-15998","post","type-post","status-publish","format-standard","hentry","category-biblioteca","category-nascuts-2006","category-nascuts-2010","category-nascuts-2011","category-nascuts-2012","category-nascuts-2013","tag-8demarc","tag-biblioteca","tag-bruixa-fabreta","tag-coeducacio"],"post_mailing_queue_ids":[],"_links":{"self":[{"href":"https:\/\/agora.xtec.cat\/escolacanfabra\/wp-json\/wp\/v2\/posts\/15998","targetHints":{"allow":["GET"]}}],"collection":[{"href":"https:\/\/agora.xtec.cat\/escolacanfabra\/wp-json\/wp\/v2\/posts"}],"about":[{"href":"https:\/\/agora.xtec.cat\/escolacanfabra\/wp-json\/wp\/v2\/types\/post"}],"author":[{"embeddable":true,"href":"https:\/\/agora.xtec.cat\/escolacanfabra\/wp-json\/wp\/v2\/users\/3"}],"replies":[{"embeddable":true,"href":"https:\/\/agora.xtec.cat\/escolacanfabra\/wp-json\/wp\/v2\/comments?post=15998"}],"version-history":[{"count":0,"href":"https:\/\/agora.xtec.cat\/escolacanfabra\/wp-json\/wp\/v2\/posts\/15998\/revisions"}],"wp:attachment":[{"href":"https:\/\/agora.xtec.cat\/escolacanfabra\/wp-json\/wp\/v2\/media?parent=15998"}],"wp:term":[{"taxonomy":"category","embeddable":true,"href":"https:\/\/agora.xtec.cat\/escolacanfabra\/wp-json\/wp\/v2\/categories?post=15998"},{"taxonomy":"post_tag","embeddable":true,"href":"https:\/\/agora.xtec.cat\/escolacanfabra\/wp-json\/wp\/v2\/tags?post=15998"}],"curies":[{"name":"wp","href":"https:\/\/api.w.org\/{rel}","templated":true}]}}