{"id":15966,"date":"2018-03-05T14:26:28","date_gmt":"2018-03-05T12:26:28","guid":{"rendered":"http:\/\/escolacanfabra.cat\/?p=15966"},"modified":"2018-03-05T14:26:28","modified_gmt":"2018-03-05T12:26:28","slug":"la-bruixa-fabreta-us-necessita","status":"publish","type":"post","link":"https:\/\/agora.xtec.cat\/escolacanfabra\/nascuts-2011\/la-bruixa-fabreta-us-necessita\/","title":{"rendered":"La Bruixa Fabreta us necessita!"},"content":{"rendered":"<p>Les setmanes i els mesos passen volant i ja queda ben poc perqu\u00e8 arribi un dels millors dies de l\u2019any: la diada de <strong>Sant Jordi<\/strong>!<\/p>\n<p>Com molts i moltes sabreu, la bruixa Fabreta, amb la tan valuosa ajuda de la comissi\u00f3 de fam\u00edlies de biblioteca de l\u2019escola, transforma la biblioteca en lloc realment m\u00e0gic. Podeu consultar les accions d\u2019altres anys a: <a href=\"http:\/\/www.canfabra.com\/index.php\/template-2\/comissio-de-biblioteca.html?limitstart=0\">http:\/\/www.canfabra.com\/index.php\/template-2\/comissio-de-biblioteca.html?limitstart=0<\/a><\/p>\n<p>Aquest any, per\u00f2, la Bruixa Fabreta no est\u00e0 gaire fina i es necessiten refor\u00e7os per poder fer possible una decoraci\u00f3 com les de cada any. D\u2019aquesta manera, fem la crida a tota la comunitat de fam\u00edlies de l\u2019escola per col\u00b7laborar totes plegades a fer un altre any de conte possible. <strong>No permetem que aquest any sigui el primer sense transformar la biblioteca!<\/strong><\/p>\n<p><em>Cal ser un\/a manetes? <\/em>No!<br \/>\n<em> Cal ser un\/a expert\/a en contes? <\/em>No!<br \/>\n<em> Cal molta disponibilitat hor\u00e0ria?<\/em> No! Cadasc\u00fa aportar\u00e0 el que pugui, ja es veur\u00e0!<\/p>\n<p>El m\u00e9s important \u00e9s, de moment, assistir aquest <span style=\"color: #ff0000;\"><strong>divendres dia 9 a les 17.00h<\/strong><\/span> a la reuni\u00f3 informativa que es far\u00e0 al menjador de l\u2019escola. Veniu sense comprom\u00eds! Si despr\u00e9s us hi animeu, endavant, si no, cap problema!<\/p>\n<h2><span style=\"color: #000000;\"><strong>Entre tots i totes ho farem possible!<\/strong><\/span><\/h2>\n<p><img loading=\"lazy\" decoding=\"async\" class=\"size-medium wp-image-15967 aligncenter\" src=\"http:\/\/escolacanfabra.cat\/wp-content\/uploads\/2018\/03\/Cartell-bruixa-fabreta-415x600.jpg\" alt=\"\" width=\"415\" height=\"600\" \/><\/p>\n","protected":false},"excerpt":{"rendered":"<p>Les setmanes i els mesos passen volant i ja queda ben poc perqu\u00e8 arribi un dels millors dies de l\u2019any: la diada de Sant Jordi! Com molts i moltes sabreu, la bruixa Fabreta, amb la tan valuosa ajuda de la comissi\u00f3 de fam\u00edlies de biblioteca de l\u2019escola, transforma la biblioteca en lloc realment m\u00e0gic. Podeu [&hellip;]<\/p>\n","protected":false},"author":3,"featured_media":0,"comment_status":"open","ping_status":"open","sticky":false,"template":"","format":"standard","meta":{"_bbp_topic_count":0,"_bbp_reply_count":0,"_bbp_total_topic_count":0,"_bbp_total_reply_count":0,"_bbp_voice_count":0,"_bbp_anonymous_reply_count":0,"_bbp_topic_count_hidden":0,"_bbp_reply_count_hidden":0,"_bbp_forum_subforum_count":0,"site-sidebar-layout":"default","site-content-layout":"","ast-site-content-layout":"","site-content-style":"default","site-sidebar-style":"default","ast-global-header-display":"","ast-banner-title-visibility":"","ast-main-header-display":"","ast-hfb-above-header-display":"","ast-hfb-below-header-display":"","ast-hfb-mobile-header-display":"","site-post-title":"","ast-breadcrumbs-content":"","ast-featured-img":"","footer-sml-layout":"","theme-transparent-header-meta":"","adv-header-id-meta":"","stick-header-meta":"","header-above-stick-meta":"","header-main-stick-meta":"","header-below-stick-meta":"","astra-migrate-meta-layouts":"default","ast-page-background-enabled":"default","ast-page-background-meta":{"desktop":{"background-color":"var(--ast-global-color-5)","background-image":"","background-repeat":"repeat","background-position":"center center","background-size":"auto","background-attachment":"scroll","background-type":"","background-media":"","overlay-type":"","overlay-color":"","overlay-opacity":"","overlay-gradient":""},"tablet":{"background-color":"","background-image":"","background-repeat":"repeat","background-position":"center center","background-size":"auto","background-attachment":"scroll","background-type":"","background-media":"","overlay-type":"","overlay-color":"","overlay-opacity":"","overlay-gradient":""},"mobile":{"background-color":"","background-image":"","background-repeat":"repeat","background-position":"center center","background-size":"auto","background-attachment":"scroll","background-type":"","background-media":"","overlay-type":"","overlay-color":"","overlay-opacity":"","overlay-gradient":""}},"ast-content-background-meta":{"desktop":{"background-color":"var(--ast-global-color-4)","background-image":"","background-repeat":"repeat","background-position":"center center","background-size":"auto","background-attachment":"scroll","background-type":"","background-media":"","overlay-type":"","overlay-color":"","overlay-opacity":"","overlay-gradient":""},"tablet":{"background-color":"var(--ast-global-color-4)","background-image":"","background-repeat":"repeat","background-position":"center center","background-size":"auto","background-attachment":"scroll","background-type":"","background-media":"","overlay-type":"","overlay-color":"","overlay-opacity":"","overlay-gradient":""},"mobile":{"background-color":"var(--ast-global-color-4)","background-image":"","background-repeat":"repeat","background-position":"center center","background-size":"auto","background-attachment":"scroll","background-type":"","background-media":"","overlay-type":"","overlay-color":"","overlay-opacity":"","overlay-gradient":""}},"footnotes":""},"categories":[72,65,62,61,133,82],"tags":[215,193,216],"class_list":["post-15966","post","type-post","status-publish","format-standard","hentry","category-biblioteca","category-nascuts-2006","category-nascuts-2010","category-nascuts-2011","category-nascuts-2012","category-nascuts-2013","tag-afa","tag-biblioteca","tag-sant-jordi"],"post_mailing_queue_ids":[],"_links":{"self":[{"href":"https:\/\/agora.xtec.cat\/escolacanfabra\/wp-json\/wp\/v2\/posts\/15966","targetHints":{"allow":["GET"]}}],"collection":[{"href":"https:\/\/agora.xtec.cat\/escolacanfabra\/wp-json\/wp\/v2\/posts"}],"about":[{"href":"https:\/\/agora.xtec.cat\/escolacanfabra\/wp-json\/wp\/v2\/types\/post"}],"author":[{"embeddable":true,"href":"https:\/\/agora.xtec.cat\/escolacanfabra\/wp-json\/wp\/v2\/users\/3"}],"replies":[{"embeddable":true,"href":"https:\/\/agora.xtec.cat\/escolacanfabra\/wp-json\/wp\/v2\/comments?post=15966"}],"version-history":[{"count":0,"href":"https:\/\/agora.xtec.cat\/escolacanfabra\/wp-json\/wp\/v2\/posts\/15966\/revisions"}],"wp:attachment":[{"href":"https:\/\/agora.xtec.cat\/escolacanfabra\/wp-json\/wp\/v2\/media?parent=15966"}],"wp:term":[{"taxonomy":"category","embeddable":true,"href":"https:\/\/agora.xtec.cat\/escolacanfabra\/wp-json\/wp\/v2\/categories?post=15966"},{"taxonomy":"post_tag","embeddable":true,"href":"https:\/\/agora.xtec.cat\/escolacanfabra\/wp-json\/wp\/v2\/tags?post=15966"}],"curies":[{"name":"wp","href":"https:\/\/api.w.org\/{rel}","templated":true}]}}