{"id":15855,"date":"2018-02-19T19:02:20","date_gmt":"2018-02-19T17:02:20","guid":{"rendered":"http:\/\/escolacanfabra.cat\/?p=15855"},"modified":"2018-02-19T19:02:20","modified_gmt":"2018-02-19T17:02:20","slug":"la-biblioteca-en-plena-ebullicio","status":"publish","type":"post","link":"https:\/\/agora.xtec.cat\/escolacanfabra\/nascuts-2011\/la-biblioteca-en-plena-ebullicio\/","title":{"rendered":"La biblioteca en plena ebullici\u00f3"},"content":{"rendered":"<p>Despr\u00e9s d\u2019uns mesos de no parar, ens aturem un moment per fer rep\u00e0s de tot all\u00f2 que hem estat fent a la biblioteca.<\/p>\n<ul>\n<li>Els nens i nenes de <strong>P3<\/strong>, <strong>P4<\/strong> i <strong>P5<\/strong> han pogut gaudir dels contes que ens ha dut la Bruixa Fabreta. Gr\u00e0cies a hist\u00f2ries com <em>La puceta<\/em>, <em>Un camell d\u2019orient <\/em>o <em>Frederick<\/em> ens ho hem passat d\u2019all\u00f2 m\u00e9s b\u00e9! Tamb\u00e9 hem gaudit molt amb les fant\u00e0stiques creacions de les fam\u00edlies que ja han tingut a casa seva la maleta viatgera! A\u00a0m\u00e9s a m\u00e9s, aquests cursos han fet l\u2019activitat de pr\u00e9stec, en qu\u00e8 cada nen i nena s\u2019ha endut un llibre a casa cada quinze dies.<\/li>\n<\/ul>\n<p>El pr\u00e9stec \u00e9s tamb\u00e9 l\u2019activitat estrella dels cursos de prim\u00e0ria. Aquest any ens hem aventurat a provar el pr\u00e9stec electr\u00f2nic. Tot i algun problema inform\u00e0tic i alguns \u00abAi! M\u2019he deixat el carnet a la classe!\u00bb o \u00abNo trobo el carnet&#8230;\u00bb, tots plegats ja comencem a estar habituats a aquest nou sistema.<\/p>\n<ul>\n<li>A <strong>1r<\/strong> i <strong>2n<\/strong>, a m\u00e9s a m\u00e9s del pr\u00e9stec, han pogut gaudir tamb\u00e9 de contes, \u00e0lbums il\u00b7lustrats, poesies&#8230; i, per descomptat, de la tan estimada maleta viatgera! Endinsar-se en el m\u00f3n de la lectura \u00e9s meravell\u00f3s, nom\u00e9s cal veure amb l\u2019entusiasme que t\u2019expliquen l\u2019\u00faltim llibre que s\u2019han llegit.<\/li>\n<\/ul>\n<p>I atenci\u00f3, av\u00eds per navegants! <strong>3r<\/strong>, <strong>4t<\/strong>, <strong>5\u00e8<\/strong> i <strong>6\u00e8<\/strong> han iniciat aquest any una aventura pels mars de la lectura. A la seva carta de navegaci\u00f3, els i les alumnes estan recollint cadascun dels llibres que llegeixen quinzenalment i segellant cadascuna de les illes descobertes.<\/p>\n<ul>\n<li><em>Geronimo Stilton<\/em>, <em>Agus i els monstres<\/em> o <em>El capit\u00e0 cal\u00e7otets<\/em> estan triomfant a <strong>3r<\/strong>. I tamb\u00e9 han triomfat els contes que hem explicat o els curtmetratges que hem vist!<\/li>\n<li>Els grups de <strong>4t<\/strong>, que cal dir que estan molt i molt enganxats a la lectura, han comen\u00e7at ja a llegir els llibres del <em>Rodallibres<\/em>, un concurs en qu\u00e8 diverses escoles del barri es llegeixen els mateixos llibres i despr\u00e9s es fan preguntes entre elles.<\/li>\n<li>Els i les alumnes de <strong>5\u00e8<\/strong> estan entusiasmats i entusiasmades fent de padrins i padrines lectores als nens i nenes de P5. 5\u00e8A est\u00e0 fent la tasca ben especial de fer de bibliotecaris i bibliotec\u00e0ries.<\/li>\n<li>I <strong>6\u00e8<\/strong>&#8230; doncs 6\u00e8 est\u00e0 ben i ben enganxat al c\u00f2mic! De fet, durant el primer trimestre, l\u2019alumnat de 6\u00e8 ha pogut gaudir d\u2019un taller dinamitzat per l\u2019Ivan Roca, dissenyador, dibuixant i il\u00b7lustrador.<\/li>\n<\/ul>\n<p>Mentrestant, <!--more-->tot l\u2019equip de l\u2019escola hem inaugurat l\u2019activitat del <em>Book Wednesday<\/em>, en qu\u00e8 cada \u00faltim dimecres de mes presentem les \u00faltimes novetats de la nostra biblioteca escolar a la sala de mestres. Ah! I la comissi\u00f3 de biblioteca de fam\u00edlies de l\u2019escola segueix ben activa, ajudant a folrar llibres i ara ja comen\u00e7ant a pensar en la decoraci\u00f3 de la biblioteca per Sant Jordi!<\/p>\n<p>&#8212;<\/p>\n<p>I ara&#8230;<\/p>\n<p>V\u00e9nen mesos no pas avorrits, sin\u00f3 apassionants! Plens de llibres, aventures i paraules! La setmana de la poesia, Sant Jordi, el concurs del Rodallibres, visites d\u2019autors&#8230;<\/p>\n<p>Seguiu atents i atentes al blog!<\/p>\n","protected":false},"excerpt":{"rendered":"<p>Despr\u00e9s d\u2019uns mesos de no parar, ens aturem un moment per fer rep\u00e0s de tot all\u00f2 que hem estat fent a la biblioteca. Els nens i nenes de P3, P4 i P5 han pogut gaudir dels contes que ens ha dut la Bruixa Fabreta. Gr\u00e0cies a hist\u00f2ries com La puceta, Un camell d\u2019orient o Frederick [&hellip;]<\/p>\n","protected":false},"author":3,"featured_media":15856,"comment_status":"open","ping_status":"open","sticky":false,"template":"","format":"standard","meta":{"_bbp_topic_count":0,"_bbp_reply_count":0,"_bbp_total_topic_count":0,"_bbp_total_reply_count":0,"_bbp_voice_count":0,"_bbp_anonymous_reply_count":0,"_bbp_topic_count_hidden":0,"_bbp_reply_count_hidden":0,"_bbp_forum_subforum_count":0,"site-sidebar-layout":"default","site-content-layout":"","ast-site-content-layout":"","site-content-style":"default","site-sidebar-style":"default","ast-global-header-display":"","ast-banner-title-visibility":"","ast-main-header-display":"","ast-hfb-above-header-display":"","ast-hfb-below-header-display":"","ast-hfb-mobile-header-display":"","site-post-title":"","ast-breadcrumbs-content":"","ast-featured-img":"","footer-sml-layout":"","theme-transparent-header-meta":"","adv-header-id-meta":"","stick-header-meta":"","header-above-stick-meta":"","header-main-stick-meta":"","header-below-stick-meta":"","astra-migrate-meta-layouts":"default","ast-page-background-enabled":"default","ast-page-background-meta":{"desktop":{"background-color":"var(--ast-global-color-5)","background-image":"","background-repeat":"repeat","background-position":"center center","background-size":"auto","background-attachment":"scroll","background-type":"","background-media":"","overlay-type":"","overlay-color":"","overlay-opacity":"","overlay-gradient":""},"tablet":{"background-color":"","background-image":"","background-repeat":"repeat","background-position":"center center","background-size":"auto","background-attachment":"scroll","background-type":"","background-media":"","overlay-type":"","overlay-color":"","overlay-opacity":"","overlay-gradient":""},"mobile":{"background-color":"","background-image":"","background-repeat":"repeat","background-position":"center center","background-size":"auto","background-attachment":"scroll","background-type":"","background-media":"","overlay-type":"","overlay-color":"","overlay-opacity":"","overlay-gradient":""}},"ast-content-background-meta":{"desktop":{"background-color":"var(--ast-global-color-4)","background-image":"","background-repeat":"repeat","background-position":"center center","background-size":"auto","background-attachment":"scroll","background-type":"","background-media":"","overlay-type":"","overlay-color":"","overlay-opacity":"","overlay-gradient":""},"tablet":{"background-color":"var(--ast-global-color-4)","background-image":"","background-repeat":"repeat","background-position":"center center","background-size":"auto","background-attachment":"scroll","background-type":"","background-media":"","overlay-type":"","overlay-color":"","overlay-opacity":"","overlay-gradient":""},"mobile":{"background-color":"var(--ast-global-color-4)","background-image":"","background-repeat":"repeat","background-position":"center center","background-size":"auto","background-attachment":"scroll","background-type":"","background-media":"","overlay-type":"","overlay-color":"","overlay-opacity":"","overlay-gradient":""}},"footnotes":""},"categories":[72,65,62,61,133,82],"tags":[193,212,213],"class_list":["post-15855","post","type-post","status-publish","format-standard","has-post-thumbnail","hentry","category-biblioteca","category-nascuts-2006","category-nascuts-2010","category-nascuts-2011","category-nascuts-2012","category-nascuts-2013","tag-biblioteca","tag-contes","tag-prestec"],"post_mailing_queue_ids":[],"_links":{"self":[{"href":"https:\/\/agora.xtec.cat\/escolacanfabra\/wp-json\/wp\/v2\/posts\/15855","targetHints":{"allow":["GET"]}}],"collection":[{"href":"https:\/\/agora.xtec.cat\/escolacanfabra\/wp-json\/wp\/v2\/posts"}],"about":[{"href":"https:\/\/agora.xtec.cat\/escolacanfabra\/wp-json\/wp\/v2\/types\/post"}],"author":[{"embeddable":true,"href":"https:\/\/agora.xtec.cat\/escolacanfabra\/wp-json\/wp\/v2\/users\/3"}],"replies":[{"embeddable":true,"href":"https:\/\/agora.xtec.cat\/escolacanfabra\/wp-json\/wp\/v2\/comments?post=15855"}],"version-history":[{"count":0,"href":"https:\/\/agora.xtec.cat\/escolacanfabra\/wp-json\/wp\/v2\/posts\/15855\/revisions"}],"wp:featuredmedia":[{"embeddable":true,"href":"https:\/\/agora.xtec.cat\/escolacanfabra\/wp-json\/wp\/v2\/media\/15856"}],"wp:attachment":[{"href":"https:\/\/agora.xtec.cat\/escolacanfabra\/wp-json\/wp\/v2\/media?parent=15855"}],"wp:term":[{"taxonomy":"category","embeddable":true,"href":"https:\/\/agora.xtec.cat\/escolacanfabra\/wp-json\/wp\/v2\/categories?post=15855"},{"taxonomy":"post_tag","embeddable":true,"href":"https:\/\/agora.xtec.cat\/escolacanfabra\/wp-json\/wp\/v2\/tags?post=15855"}],"curies":[{"name":"wp","href":"https:\/\/api.w.org\/{rel}","templated":true}]}}