{"id":15844,"date":"2018-02-20T10:47:13","date_gmt":"2018-02-20T08:47:13","guid":{"rendered":"http:\/\/escolacanfabra.cat\/?p=15844"},"modified":"2018-02-20T10:47:13","modified_gmt":"2018-02-20T08:47:13","slug":"acabem-projecte-i-comencem-un-altre","status":"publish","type":"post","link":"https:\/\/agora.xtec.cat\/escolacanfabra\/nascuts-2006\/acabem-projecte-i-comencem-un-altre\/","title":{"rendered":"ACABEM PROJECTE I EN COMENCEM UN ALTRE"},"content":{"rendered":"<p>Aquesta setmana hem acabat el projecte <span class=\"hiddenGrammarError\">dels influencers<\/span>. I hem comen\u00e7at el projecte del canvi clim\u00e0tic.<\/p>\n<p>Hem fet l&#8217;\u00e0lbum dels influencers, ja que hem acabat el projecte.<\/p>\n<p>Tamb\u00e9 hem fet la tapa del projecte que consisteix en&#8230; La nostra foto de cap a peus en un Word<span class=\"hiddenGrammarError\"> .<\/span> Posem n\u00favols de pensar<span class=\"hiddenGrammarError\">,<\/span>\u00a0dins dels n\u00favols hi posem els logos d&#8217;algunes xarxes socials.<\/p>\n<p>Una de les activitats del nou projecte ha estat \u00a0posar tubs d&#8217;assaig per tot el barri per recollir mostres de di\u00f2xid de nitrogen i poder saber la contaminaci\u00f3 del nostre barri, en total hem posat 40 tubs.<\/p>\n<p>Abans de fer aquesta sortida hem fet una preparaci\u00f3:<br \/>\n-A classe hem repartit un mapa on pr\u00e8viament hav\u00edem de subratllar el cam\u00ed que fem de casa a l&#8217;escola.<\/p>\n<p>-En grups de treball hem pensat on posar els tubs d&#8217;assaig a sobre del mapa.<\/p>\n<p>&nbsp;<\/p>\n<p><img loading=\"lazy\" decoding=\"async\" class=\"alignnone size-medium wp-image-15859\" src=\"http:\/\/escolacanfabra.cat\/wp-content\/uploads\/2018\/02\/IMG_1749-450x600.jpg\" alt=\"\" width=\"450\" height=\"600\" \/> <img loading=\"lazy\" decoding=\"async\" class=\"alignnone size-medium wp-image-15860\" src=\"http:\/\/escolacanfabra.cat\/wp-content\/uploads\/2018\/02\/IMG_1750-450x600.jpg\" alt=\"\" width=\"450\" height=\"600\" \/> <img loading=\"lazy\" decoding=\"async\" class=\"alignnone size-medium wp-image-15861\" src=\"http:\/\/escolacanfabra.cat\/wp-content\/uploads\/2018\/02\/IMG_1762-450x600.jpg\" alt=\"\" width=\"450\" height=\"600\" \/><\/p>\n<p>Vera i Nil<\/p>\n","protected":false},"excerpt":{"rendered":"<p>Aquesta setmana hem acabat el projecte dels influencers. I hem comen\u00e7at el projecte del canvi clim\u00e0tic. Hem fet l&#8217;\u00e0lbum dels influencers, ja que hem acabat el projecte. Tamb\u00e9 hem fet la tapa del projecte que consisteix en&#8230; La nostra foto de cap a peus en un Word . Posem n\u00favols de pensar,\u00a0dins dels n\u00favols hi [&hellip;]<\/p>\n","protected":false},"author":3,"featured_media":0,"comment_status":"open","ping_status":"open","sticky":false,"template":"","format":"standard","meta":{"_bbp_topic_count":0,"_bbp_reply_count":0,"_bbp_total_topic_count":0,"_bbp_total_reply_count":0,"_bbp_voice_count":0,"_bbp_anonymous_reply_count":0,"_bbp_topic_count_hidden":0,"_bbp_reply_count_hidden":0,"_bbp_forum_subforum_count":0,"site-sidebar-layout":"default","site-content-layout":"","ast-site-content-layout":"","site-content-style":"default","site-sidebar-style":"default","ast-global-header-display":"","ast-banner-title-visibility":"","ast-main-header-display":"","ast-hfb-above-header-display":"","ast-hfb-below-header-display":"","ast-hfb-mobile-header-display":"","site-post-title":"","ast-breadcrumbs-content":"","ast-featured-img":"","footer-sml-layout":"","theme-transparent-header-meta":"","adv-header-id-meta":"","stick-header-meta":"","header-above-stick-meta":"","header-main-stick-meta":"","header-below-stick-meta":"","astra-migrate-meta-layouts":"default","ast-page-background-enabled":"default","ast-page-background-meta":{"desktop":{"background-color":"var(--ast-global-color-5)","background-image":"","background-repeat":"repeat","background-position":"center center","background-size":"auto","background-attachment":"scroll","background-type":"","background-media":"","overlay-type":"","overlay-color":"","overlay-opacity":"","overlay-gradient":""},"tablet":{"background-color":"","background-image":"","background-repeat":"repeat","background-position":"center center","background-size":"auto","background-attachment":"scroll","background-type":"","background-media":"","overlay-type":"","overlay-color":"","overlay-opacity":"","overlay-gradient":""},"mobile":{"background-color":"","background-image":"","background-repeat":"repeat","background-position":"center center","background-size":"auto","background-attachment":"scroll","background-type":"","background-media":"","overlay-type":"","overlay-color":"","overlay-opacity":"","overlay-gradient":""}},"ast-content-background-meta":{"desktop":{"background-color":"var(--ast-global-color-4)","background-image":"","background-repeat":"repeat","background-position":"center center","background-size":"auto","background-attachment":"scroll","background-type":"","background-media":"","overlay-type":"","overlay-color":"","overlay-opacity":"","overlay-gradient":""},"tablet":{"background-color":"var(--ast-global-color-4)","background-image":"","background-repeat":"repeat","background-position":"center center","background-size":"auto","background-attachment":"scroll","background-type":"","background-media":"","overlay-type":"","overlay-color":"","overlay-opacity":"","overlay-gradient":""},"mobile":{"background-color":"var(--ast-global-color-4)","background-image":"","background-repeat":"repeat","background-position":"center center","background-size":"auto","background-attachment":"scroll","background-type":"","background-media":"","overlay-type":"","overlay-color":"","overlay-opacity":"","overlay-gradient":""}},"footnotes":""},"categories":[65],"tags":[203],"class_list":["post-15844","post","type-post","status-publish","format-standard","hentry","category-nascuts-2006","tag-6eb"],"post_mailing_queue_ids":[],"_links":{"self":[{"href":"https:\/\/agora.xtec.cat\/escolacanfabra\/wp-json\/wp\/v2\/posts\/15844","targetHints":{"allow":["GET"]}}],"collection":[{"href":"https:\/\/agora.xtec.cat\/escolacanfabra\/wp-json\/wp\/v2\/posts"}],"about":[{"href":"https:\/\/agora.xtec.cat\/escolacanfabra\/wp-json\/wp\/v2\/types\/post"}],"author":[{"embeddable":true,"href":"https:\/\/agora.xtec.cat\/escolacanfabra\/wp-json\/wp\/v2\/users\/3"}],"replies":[{"embeddable":true,"href":"https:\/\/agora.xtec.cat\/escolacanfabra\/wp-json\/wp\/v2\/comments?post=15844"}],"version-history":[{"count":0,"href":"https:\/\/agora.xtec.cat\/escolacanfabra\/wp-json\/wp\/v2\/posts\/15844\/revisions"}],"wp:attachment":[{"href":"https:\/\/agora.xtec.cat\/escolacanfabra\/wp-json\/wp\/v2\/media?parent=15844"}],"wp:term":[{"taxonomy":"category","embeddable":true,"href":"https:\/\/agora.xtec.cat\/escolacanfabra\/wp-json\/wp\/v2\/categories?post=15844"},{"taxonomy":"post_tag","embeddable":true,"href":"https:\/\/agora.xtec.cat\/escolacanfabra\/wp-json\/wp\/v2\/tags?post=15844"}],"curies":[{"name":"wp","href":"https:\/\/api.w.org\/{rel}","templated":true}]}}