{"id":15834,"date":"2018-02-16T14:20:22","date_gmt":"2018-02-16T12:20:22","guid":{"rendered":"http:\/\/escolacanfabra.cat\/?p=15834"},"modified":"2018-02-16T14:20:22","modified_gmt":"2018-02-16T12:20:22","slug":"fem-un-arbre-genealogic-en-dimensio-3r","status":"publish","type":"post","link":"https:\/\/agora.xtec.cat\/escolacanfabra\/noticies\/fem-un-arbre-genealogic-en-dimensio-3r\/","title":{"rendered":"FEM UN ARBRE GENEAL\u00d2GIC EN DIMENSI\u00d3 (3r)"},"content":{"rendered":"<p>Hola fam\u00edlies de 3ra i 3rb som la Laura, la Ivet i la Laia.<\/p>\n<p>Estem fent un arbre geneal\u00f2gic on posem: avis, pares, germans i nosaltres mateixos.<\/p>\n<p>Aix\u00f2 ho hem fet per acabar el projecte &#8220;tots em sigut nens&#8221;<\/p>\n<p>per a que ho pogueu fer a casa necessiteu:<\/p>\n<p>-un tros de cartr\u00f3<\/p>\n<p>-la silueta d&#8217;un arbre<\/p>\n<p>-dibuixeu la silueta de l&#8217;arbre al cartr\u00f3<\/p>\n<p>-retalleu-la<\/p>\n<p>-feu una altra silueta perqu\u00e8 l&#8217;arbre us quedi amb tres dimensions<\/p>\n<p>-feu les fulles de paper i enganxeu la vostra fam\u00edlia<\/p>\n<p>-munta l&#8217;arbre i si vols decora&#8217;l<\/p>\n<p>Ja has acabat!<\/p>\n<p>Ens ha agradat molt fer aquest arbre.<\/p>\n<p>Ivet, Laia M i Laura<\/p>\n<p><img loading=\"lazy\" decoding=\"async\" class=\"alignnone size-medium wp-image-15836\" src=\"http:\/\/escolacanfabra.cat\/wp-content\/uploads\/2018\/02\/IMG_20180201_112150-600x337.jpg\" alt=\"\" width=\"600\" height=\"337\" \/> <img loading=\"lazy\" decoding=\"async\" class=\"alignnone size-medium wp-image-15837\" src=\"http:\/\/escolacanfabra.cat\/wp-content\/uploads\/2018\/02\/IMG_20180206_112332-337x600.jpg\" alt=\"\" width=\"337\" height=\"600\" \/> <img loading=\"lazy\" decoding=\"async\" class=\"alignnone size-medium wp-image-15838\" src=\"http:\/\/escolacanfabra.cat\/wp-content\/uploads\/2018\/02\/IMG_20180206_170234-600x337.jpg\" alt=\"\" width=\"600\" height=\"337\" \/> <img loading=\"lazy\" decoding=\"async\" class=\"alignnone size-medium wp-image-15839\" src=\"http:\/\/escolacanfabra.cat\/wp-content\/uploads\/2018\/02\/IMG_20180207_134634-600x337.jpg\" alt=\"\" width=\"600\" height=\"337\" \/> <img loading=\"lazy\" decoding=\"async\" class=\"alignnone size-medium wp-image-15840\" src=\"http:\/\/escolacanfabra.cat\/wp-content\/uploads\/2018\/02\/IMG_20180216_111308-600x337.jpg\" alt=\"\" width=\"600\" height=\"337\" \/> <img loading=\"lazy\" decoding=\"async\" class=\"alignnone size-medium wp-image-15841\" src=\"http:\/\/escolacanfabra.cat\/wp-content\/uploads\/2018\/02\/IMG_20180216_111342-600x337.jpg\" alt=\"\" width=\"600\" height=\"337\" \/> <img loading=\"lazy\" decoding=\"async\" class=\"alignnone size-medium wp-image-15842\" src=\"http:\/\/escolacanfabra.cat\/wp-content\/uploads\/2018\/02\/IMG_20180216_131717-600x337.jpg\" alt=\"\" width=\"600\" height=\"337\" \/><\/p>\n","protected":false},"excerpt":{"rendered":"<p>Hola fam\u00edlies de 3ra i 3rb som la Laura, la Ivet i la Laia. Estem fent un arbre geneal\u00f2gic on posem: avis, pares, germans i nosaltres mateixos. Aix\u00f2 ho hem fet per acabar el projecte &#8220;tots em sigut nens&#8221; per a que ho pogueu fer a casa necessiteu: -un tros de cartr\u00f3 -la silueta d&#8217;un [&hellip;]<\/p>\n","protected":false},"author":3,"featured_media":0,"comment_status":"open","ping_status":"open","sticky":false,"template":"","format":"standard","meta":{"_bbp_topic_count":0,"_bbp_reply_count":0,"_bbp_total_topic_count":0,"_bbp_total_reply_count":0,"_bbp_voice_count":0,"_bbp_anonymous_reply_count":0,"_bbp_topic_count_hidden":0,"_bbp_reply_count_hidden":0,"_bbp_forum_subforum_count":0,"site-sidebar-layout":"default","site-content-layout":"","ast-site-content-layout":"","site-content-style":"default","site-sidebar-style":"default","ast-global-header-display":"","ast-banner-title-visibility":"","ast-main-header-display":"","ast-hfb-above-header-display":"","ast-hfb-below-header-display":"","ast-hfb-mobile-header-display":"","site-post-title":"","ast-breadcrumbs-content":"","ast-featured-img":"","footer-sml-layout":"","theme-transparent-header-meta":"","adv-header-id-meta":"","stick-header-meta":"","header-above-stick-meta":"","header-main-stick-meta":"","header-below-stick-meta":"","astra-migrate-meta-layouts":"default","ast-page-background-enabled":"default","ast-page-background-meta":{"desktop":{"background-color":"var(--ast-global-color-5)","background-image":"","background-repeat":"repeat","background-position":"center center","background-size":"auto","background-attachment":"scroll","background-type":"","background-media":"","overlay-type":"","overlay-color":"","overlay-opacity":"","overlay-gradient":""},"tablet":{"background-color":"","background-image":"","background-repeat":"repeat","background-position":"center center","background-size":"auto","background-attachment":"scroll","background-type":"","background-media":"","overlay-type":"","overlay-color":"","overlay-opacity":"","overlay-gradient":""},"mobile":{"background-color":"","background-image":"","background-repeat":"repeat","background-position":"center center","background-size":"auto","background-attachment":"scroll","background-type":"","background-media":"","overlay-type":"","overlay-color":"","overlay-opacity":"","overlay-gradient":""}},"ast-content-background-meta":{"desktop":{"background-color":"var(--ast-global-color-4)","background-image":"","background-repeat":"repeat","background-position":"center center","background-size":"auto","background-attachment":"scroll","background-type":"","background-media":"","overlay-type":"","overlay-color":"","overlay-opacity":"","overlay-gradient":""},"tablet":{"background-color":"var(--ast-global-color-4)","background-image":"","background-repeat":"repeat","background-position":"center center","background-size":"auto","background-attachment":"scroll","background-type":"","background-media":"","overlay-type":"","overlay-color":"","overlay-opacity":"","overlay-gradient":""},"mobile":{"background-color":"var(--ast-global-color-4)","background-image":"","background-repeat":"repeat","background-position":"center center","background-size":"auto","background-attachment":"scroll","background-type":"","background-media":"","overlay-type":"","overlay-color":"","overlay-opacity":"","overlay-gradient":""}},"footnotes":""},"categories":[71],"tags":[],"class_list":["post-15834","post","type-post","status-publish","format-standard","hentry","category-noticies"],"post_mailing_queue_ids":[],"_links":{"self":[{"href":"https:\/\/agora.xtec.cat\/escolacanfabra\/wp-json\/wp\/v2\/posts\/15834","targetHints":{"allow":["GET"]}}],"collection":[{"href":"https:\/\/agora.xtec.cat\/escolacanfabra\/wp-json\/wp\/v2\/posts"}],"about":[{"href":"https:\/\/agora.xtec.cat\/escolacanfabra\/wp-json\/wp\/v2\/types\/post"}],"author":[{"embeddable":true,"href":"https:\/\/agora.xtec.cat\/escolacanfabra\/wp-json\/wp\/v2\/users\/3"}],"replies":[{"embeddable":true,"href":"https:\/\/agora.xtec.cat\/escolacanfabra\/wp-json\/wp\/v2\/comments?post=15834"}],"version-history":[{"count":0,"href":"https:\/\/agora.xtec.cat\/escolacanfabra\/wp-json\/wp\/v2\/posts\/15834\/revisions"}],"wp:attachment":[{"href":"https:\/\/agora.xtec.cat\/escolacanfabra\/wp-json\/wp\/v2\/media?parent=15834"}],"wp:term":[{"taxonomy":"category","embeddable":true,"href":"https:\/\/agora.xtec.cat\/escolacanfabra\/wp-json\/wp\/v2\/categories?post=15834"},{"taxonomy":"post_tag","embeddable":true,"href":"https:\/\/agora.xtec.cat\/escolacanfabra\/wp-json\/wp\/v2\/tags?post=15834"}],"curies":[{"name":"wp","href":"https:\/\/api.w.org\/{rel}","templated":true}]}}