{"id":15652,"date":"2018-02-06T16:26:36","date_gmt":"2018-02-06T14:26:36","guid":{"rendered":"http:\/\/escolacanfabra.cat\/?p=15652"},"modified":"2018-02-06T16:26:36","modified_gmt":"2018-02-06T14:26:36","slug":"seguim-fent-cas-al-rei-carnestoltes","status":"publish","type":"post","link":"https:\/\/agora.xtec.cat\/escolacanfabra\/general\/seguim-fent-cas-al-rei-carnestoltes\/","title":{"rendered":"SEGUIM FENT CAS AL REI CARNESTOLTES"},"content":{"rendered":"<p>Qu\u00e8 us ronda pel cap? Als nois i noies de 5\u00e8 i 6\u00e8 ens ronda de tot: colors, barrets, rampoines&#8230; i el rei Carnestoltes ens va dir que avui tot aix\u00f2, ho hav\u00edem de lluir.<\/p>\n<p>Aqu\u00ed ens teniu. Fem goig o fem molt de goig?<\/p>\n<p>&nbsp;<\/p>\n<p><img loading=\"lazy\" decoding=\"async\" class=\"alignnone size-medium wp-image-15653\" src=\"http:\/\/escolacanfabra.cat\/wp-content\/uploads\/2018\/02\/IMG-20180206-WA0006-1-600x450.jpg\" alt=\"\" width=\"600\" height=\"450\" \/> <img loading=\"lazy\" decoding=\"async\" class=\"alignnone size-medium wp-image-15654\" src=\"http:\/\/escolacanfabra.cat\/wp-content\/uploads\/2018\/02\/IMG-20180206-WA0007-600x450.jpg\" alt=\"\" width=\"600\" height=\"450\" \/> <img loading=\"lazy\" decoding=\"async\" class=\"alignnone size-medium wp-image-15655\" src=\"http:\/\/escolacanfabra.cat\/wp-content\/uploads\/2018\/02\/IMG-20180206-WA0008-600x450.jpg\" alt=\"\" width=\"600\" height=\"450\" \/> <img loading=\"lazy\" decoding=\"async\" class=\"alignnone size-medium wp-image-15656\" src=\"http:\/\/escolacanfabra.cat\/wp-content\/uploads\/2018\/02\/IMG-20180206-WA0013-600x450.jpg\" alt=\"\" width=\"600\" height=\"450\" \/> <img loading=\"lazy\" decoding=\"async\" class=\"alignnone size-medium wp-image-15657\" src=\"http:\/\/escolacanfabra.cat\/wp-content\/uploads\/2018\/02\/IMG-20180206-WA0014-600x450.jpg\" alt=\"\" width=\"600\" height=\"450\" \/> <img loading=\"lazy\" decoding=\"async\" class=\"alignnone size-medium wp-image-15658\" src=\"http:\/\/escolacanfabra.cat\/wp-content\/uploads\/2018\/02\/IMG-20180206-WA0015-600x338.jpg\" alt=\"\" width=\"600\" height=\"338\" \/><\/p>\n","protected":false},"excerpt":{"rendered":"<p>Qu\u00e8 us ronda pel cap? Als nois i noies de 5\u00e8 i 6\u00e8 ens ronda de tot: colors, barrets, rampoines&#8230; i el rei Carnestoltes ens va dir que avui tot aix\u00f2, ho hav\u00edem de lluir. Aqu\u00ed ens teniu. Fem goig o fem molt de goig? &nbsp;<\/p>\n","protected":false},"author":3,"featured_media":0,"comment_status":"open","ping_status":"open","sticky":false,"template":"","format":"standard","meta":{"_bbp_topic_count":0,"_bbp_reply_count":0,"_bbp_total_topic_count":0,"_bbp_total_reply_count":0,"_bbp_voice_count":0,"_bbp_anonymous_reply_count":0,"_bbp_topic_count_hidden":0,"_bbp_reply_count_hidden":0,"_bbp_forum_subforum_count":0,"site-sidebar-layout":"default","site-content-layout":"","ast-site-content-layout":"","site-content-style":"default","site-sidebar-style":"default","ast-global-header-display":"","ast-banner-title-visibility":"","ast-main-header-display":"","ast-hfb-above-header-display":"","ast-hfb-below-header-display":"","ast-hfb-mobile-header-display":"","site-post-title":"","ast-breadcrumbs-content":"","ast-featured-img":"","footer-sml-layout":"","theme-transparent-header-meta":"","adv-header-id-meta":"","stick-header-meta":"","header-above-stick-meta":"","header-main-stick-meta":"","header-below-stick-meta":"","astra-migrate-meta-layouts":"default","ast-page-background-enabled":"default","ast-page-background-meta":{"desktop":{"background-color":"var(--ast-global-color-5)","background-image":"","background-repeat":"repeat","background-position":"center center","background-size":"auto","background-attachment":"scroll","background-type":"","background-media":"","overlay-type":"","overlay-color":"","overlay-opacity":"","overlay-gradient":""},"tablet":{"background-color":"","background-image":"","background-repeat":"repeat","background-position":"center center","background-size":"auto","background-attachment":"scroll","background-type":"","background-media":"","overlay-type":"","overlay-color":"","overlay-opacity":"","overlay-gradient":""},"mobile":{"background-color":"","background-image":"","background-repeat":"repeat","background-position":"center center","background-size":"auto","background-attachment":"scroll","background-type":"","background-media":"","overlay-type":"","overlay-color":"","overlay-opacity":"","overlay-gradient":""}},"ast-content-background-meta":{"desktop":{"background-color":"var(--ast-global-color-4)","background-image":"","background-repeat":"repeat","background-position":"center center","background-size":"auto","background-attachment":"scroll","background-type":"","background-media":"","overlay-type":"","overlay-color":"","overlay-opacity":"","overlay-gradient":""},"tablet":{"background-color":"var(--ast-global-color-4)","background-image":"","background-repeat":"repeat","background-position":"center center","background-size":"auto","background-attachment":"scroll","background-type":"","background-media":"","overlay-type":"","overlay-color":"","overlay-opacity":"","overlay-gradient":""},"mobile":{"background-color":"var(--ast-global-color-4)","background-image":"","background-repeat":"repeat","background-position":"center center","background-size":"auto","background-attachment":"scroll","background-type":"","background-media":"","overlay-type":"","overlay-color":"","overlay-opacity":"","overlay-gradient":""}},"footnotes":""},"categories":[1],"tags":[210,211],"class_list":["post-15652","post","type-post","status-publish","format-standard","hentry","category-general","tag-carnestoltes","tag-cicle-superior"],"post_mailing_queue_ids":[],"_links":{"self":[{"href":"https:\/\/agora.xtec.cat\/escolacanfabra\/wp-json\/wp\/v2\/posts\/15652","targetHints":{"allow":["GET"]}}],"collection":[{"href":"https:\/\/agora.xtec.cat\/escolacanfabra\/wp-json\/wp\/v2\/posts"}],"about":[{"href":"https:\/\/agora.xtec.cat\/escolacanfabra\/wp-json\/wp\/v2\/types\/post"}],"author":[{"embeddable":true,"href":"https:\/\/agora.xtec.cat\/escolacanfabra\/wp-json\/wp\/v2\/users\/3"}],"replies":[{"embeddable":true,"href":"https:\/\/agora.xtec.cat\/escolacanfabra\/wp-json\/wp\/v2\/comments?post=15652"}],"version-history":[{"count":0,"href":"https:\/\/agora.xtec.cat\/escolacanfabra\/wp-json\/wp\/v2\/posts\/15652\/revisions"}],"wp:attachment":[{"href":"https:\/\/agora.xtec.cat\/escolacanfabra\/wp-json\/wp\/v2\/media?parent=15652"}],"wp:term":[{"taxonomy":"category","embeddable":true,"href":"https:\/\/agora.xtec.cat\/escolacanfabra\/wp-json\/wp\/v2\/categories?post=15652"},{"taxonomy":"post_tag","embeddable":true,"href":"https:\/\/agora.xtec.cat\/escolacanfabra\/wp-json\/wp\/v2\/tags?post=15652"}],"curies":[{"name":"wp","href":"https:\/\/api.w.org\/{rel}","templated":true}]}}