{"id":15571,"date":"2018-02-06T11:06:33","date_gmt":"2018-02-06T09:06:33","guid":{"rendered":"http:\/\/escolacanfabra.cat\/?p=15571"},"modified":"2018-02-06T11:06:33","modified_gmt":"2018-02-06T09:06:33","slug":"sortida-al-cccb","status":"publish","type":"post","link":"https:\/\/agora.xtec.cat\/escolacanfabra\/nascuts-2006\/sortida-al-cccb\/","title":{"rendered":"SORTIDA AL CCCB"},"content":{"rendered":"<p>El dia 2 de febrer els nens i nenes de 6\u00e8B van anar al CCCB. CCCB significa Centre de Cultura Contempor\u00e0nia Barcelona. Vam anar a la exposici\u00f3 que es deia &#8220;Despr\u00e9s de la fi del m\u00f3n&#8221;. Al principi de tot ens van ensenyar un video i despr\u00e9s unes sales. La primera sala era un lloc on es mostraven fotografies de parts del m\u00f3n vist des de dalt, a la segona hi havia les ind\u00fastries t\u00e8xtils, que feien que els rius fossin de colors perqu\u00e8 hi tiraven tinta, la tercera era un pis del 2050 en el que degut a la contaminaci\u00f3 havien de plantar plantes a casa, a la quarta hi\u00a0 explicaven un nou m\u00e8tode per viatjar, que funcionava amb aire .\u00a0 L&#8217;\u00faltima era l&#8217;hospital del medi ambient que deia que posessin plantes a les parets, dels carrers m\u00e9s contaminats perqu\u00e8 agafessin CO2 i hi deixessin\u00a0 l&#8217;oxigen. Al final vam fer un taller sobre el medi ambient. Ens ho vam passar molt b\u00e9!!!<\/p>\n<p>&nbsp;<\/p>\n<p><img loading=\"lazy\" decoding=\"async\" class=\"alignnone size-medium wp-image-15643\" src=\"http:\/\/escolacanfabra.cat\/wp-content\/uploads\/2018\/02\/DSC00260-600x450.jpg\" alt=\"\" width=\"600\" height=\"450\" \/> <img loading=\"lazy\" decoding=\"async\" class=\"alignnone size-medium wp-image-15642\" src=\"http:\/\/escolacanfabra.cat\/wp-content\/uploads\/2018\/02\/DSC00275-600x450.jpg\" alt=\"\" width=\"600\" height=\"450\" \/> <img loading=\"lazy\" decoding=\"async\" class=\"alignnone size-medium wp-image-15644\" src=\"http:\/\/escolacanfabra.cat\/wp-content\/uploads\/2018\/02\/DSC00258-600x450.jpg\" alt=\"\" width=\"600\" height=\"450\" \/><\/p>\n<p>&nbsp;<\/p>\n<p>Joel i Alba<\/p>\n","protected":false},"excerpt":{"rendered":"<p>El dia 2 de febrer els nens i nenes de 6\u00e8B van anar al CCCB. CCCB significa Centre de Cultura Contempor\u00e0nia Barcelona. Vam anar a la exposici\u00f3 que es deia &#8220;Despr\u00e9s de la fi del m\u00f3n&#8221;. Al principi de tot ens van ensenyar un video i despr\u00e9s unes sales. La primera sala era un lloc [&hellip;]<\/p>\n","protected":false},"author":3,"featured_media":0,"comment_status":"open","ping_status":"open","sticky":false,"template":"","format":"standard","meta":{"_bbp_topic_count":0,"_bbp_reply_count":0,"_bbp_total_topic_count":0,"_bbp_total_reply_count":0,"_bbp_voice_count":0,"_bbp_anonymous_reply_count":0,"_bbp_topic_count_hidden":0,"_bbp_reply_count_hidden":0,"_bbp_forum_subforum_count":0,"site-sidebar-layout":"default","site-content-layout":"","ast-site-content-layout":"","site-content-style":"default","site-sidebar-style":"default","ast-global-header-display":"","ast-banner-title-visibility":"","ast-main-header-display":"","ast-hfb-above-header-display":"","ast-hfb-below-header-display":"","ast-hfb-mobile-header-display":"","site-post-title":"","ast-breadcrumbs-content":"","ast-featured-img":"","footer-sml-layout":"","theme-transparent-header-meta":"","adv-header-id-meta":"","stick-header-meta":"","header-above-stick-meta":"","header-main-stick-meta":"","header-below-stick-meta":"","astra-migrate-meta-layouts":"default","ast-page-background-enabled":"default","ast-page-background-meta":{"desktop":{"background-color":"var(--ast-global-color-5)","background-image":"","background-repeat":"repeat","background-position":"center center","background-size":"auto","background-attachment":"scroll","background-type":"","background-media":"","overlay-type":"","overlay-color":"","overlay-opacity":"","overlay-gradient":""},"tablet":{"background-color":"","background-image":"","background-repeat":"repeat","background-position":"center center","background-size":"auto","background-attachment":"scroll","background-type":"","background-media":"","overlay-type":"","overlay-color":"","overlay-opacity":"","overlay-gradient":""},"mobile":{"background-color":"","background-image":"","background-repeat":"repeat","background-position":"center center","background-size":"auto","background-attachment":"scroll","background-type":"","background-media":"","overlay-type":"","overlay-color":"","overlay-opacity":"","overlay-gradient":""}},"ast-content-background-meta":{"desktop":{"background-color":"var(--ast-global-color-4)","background-image":"","background-repeat":"repeat","background-position":"center center","background-size":"auto","background-attachment":"scroll","background-type":"","background-media":"","overlay-type":"","overlay-color":"","overlay-opacity":"","overlay-gradient":""},"tablet":{"background-color":"var(--ast-global-color-4)","background-image":"","background-repeat":"repeat","background-position":"center center","background-size":"auto","background-attachment":"scroll","background-type":"","background-media":"","overlay-type":"","overlay-color":"","overlay-opacity":"","overlay-gradient":""},"mobile":{"background-color":"var(--ast-global-color-4)","background-image":"","background-repeat":"repeat","background-position":"center center","background-size":"auto","background-attachment":"scroll","background-type":"","background-media":"","overlay-type":"","overlay-color":"","overlay-opacity":"","overlay-gradient":""}},"footnotes":""},"categories":[65],"tags":[],"class_list":["post-15571","post","type-post","status-publish","format-standard","hentry","category-nascuts-2006"],"post_mailing_queue_ids":[],"_links":{"self":[{"href":"https:\/\/agora.xtec.cat\/escolacanfabra\/wp-json\/wp\/v2\/posts\/15571","targetHints":{"allow":["GET"]}}],"collection":[{"href":"https:\/\/agora.xtec.cat\/escolacanfabra\/wp-json\/wp\/v2\/posts"}],"about":[{"href":"https:\/\/agora.xtec.cat\/escolacanfabra\/wp-json\/wp\/v2\/types\/post"}],"author":[{"embeddable":true,"href":"https:\/\/agora.xtec.cat\/escolacanfabra\/wp-json\/wp\/v2\/users\/3"}],"replies":[{"embeddable":true,"href":"https:\/\/agora.xtec.cat\/escolacanfabra\/wp-json\/wp\/v2\/comments?post=15571"}],"version-history":[{"count":0,"href":"https:\/\/agora.xtec.cat\/escolacanfabra\/wp-json\/wp\/v2\/posts\/15571\/revisions"}],"wp:attachment":[{"href":"https:\/\/agora.xtec.cat\/escolacanfabra\/wp-json\/wp\/v2\/media?parent=15571"}],"wp:term":[{"taxonomy":"category","embeddable":true,"href":"https:\/\/agora.xtec.cat\/escolacanfabra\/wp-json\/wp\/v2\/categories?post=15571"},{"taxonomy":"post_tag","embeddable":true,"href":"https:\/\/agora.xtec.cat\/escolacanfabra\/wp-json\/wp\/v2\/tags?post=15571"}],"curies":[{"name":"wp","href":"https:\/\/api.w.org\/{rel}","templated":true}]}}