{"id":15382,"date":"2018-01-19T15:02:04","date_gmt":"2018-01-19T13:02:04","guid":{"rendered":"http:\/\/escolacanfabra.cat\/?p=15382"},"modified":"2018-01-19T15:02:04","modified_gmt":"2018-01-19T13:02:04","slug":"2a-setmana-de-gener-dels-nens-es-6e-b","status":"publish","type":"post","link":"https:\/\/agora.xtec.cat\/escolacanfabra\/nascuts-2006\/2a-setmana-de-gener-dels-nens-es-6e-b\/","title":{"rendered":"2a Setmana de gener dels nens\/es 6\u00e8 B"},"content":{"rendered":"<p>Aquesta setmana hem fet una varietat de coses, com&#8230;.Ha estat l&#8217;aniversari d&#8217;en Roger,hem fet una activitat de multiplicacions, hem fet reptes a educaci\u00f3 ficisa i hem anat al teatre SAT on hem vist la &#8220;Nena dels pardals&#8221;.<\/p>\n<p>Es tracta d&#8217; una hist\u00f2ria on una nena que es diu Mingli, estima els pardals. Per\u00f2 les collites s\u00f3n menjades per ells i, el gran timoner o el dictador xines Mao Zedong, vol declarar la guerra contra els pardals, una guerra on facin el m\u00e0xim de soroll perqu\u00e8 els ocells es morin de soroll, i funciona. Per\u00f2 arriba l&#8217;estiu i tamb\u00e9 els insectes i aix\u00f2 condemna a perill a tot el poble. En la hist\u00f2ria, la nena dels pardals salva a tot el poble, mentres que a la vida real es mor de fam.<\/p>\n<p>Va ser molt interessant per tota la gent, amb una hist\u00f2ria molt creativa.<\/p>\n<p>&nbsp;<\/p>\n<p><img loading=\"lazy\" decoding=\"async\" class=\"alignnone size-medium wp-image-15383\" src=\"http:\/\/escolacanfabra.cat\/wp-content\/uploads\/2018\/01\/19-lanenadelspardals-2-600x367.jpg\" alt=\"\" width=\"600\" height=\"367\" \/><\/p>\n<p><img loading=\"lazy\" decoding=\"async\" class=\"alignnone size-medium wp-image-15384\" src=\"http:\/\/escolacanfabra.cat\/wp-content\/uploads\/2018\/01\/DSC00109-600x450.jpg\" alt=\"\" width=\"600\" height=\"450\" \/><\/p>\n<p>&nbsp;<\/p>\n<p>Jan Crespo i Joan Garcia<\/p>\n","protected":false},"excerpt":{"rendered":"<p>Aquesta setmana hem fet una varietat de coses, com&#8230;.Ha estat l&#8217;aniversari d&#8217;en Roger,hem fet una activitat de multiplicacions, hem fet reptes a educaci\u00f3 ficisa i hem anat al teatre SAT on hem vist la &#8220;Nena dels pardals&#8221;. Es tracta d&#8217; una hist\u00f2ria on una nena que es diu Mingli, estima els pardals. Per\u00f2 les collites [&hellip;]<\/p>\n","protected":false},"author":3,"featured_media":0,"comment_status":"open","ping_status":"open","sticky":false,"template":"","format":"standard","meta":{"_bbp_topic_count":0,"_bbp_reply_count":0,"_bbp_total_topic_count":0,"_bbp_total_reply_count":0,"_bbp_voice_count":0,"_bbp_anonymous_reply_count":0,"_bbp_topic_count_hidden":0,"_bbp_reply_count_hidden":0,"_bbp_forum_subforum_count":0,"site-sidebar-layout":"default","site-content-layout":"","ast-site-content-layout":"","site-content-style":"default","site-sidebar-style":"default","ast-global-header-display":"","ast-banner-title-visibility":"","ast-main-header-display":"","ast-hfb-above-header-display":"","ast-hfb-below-header-display":"","ast-hfb-mobile-header-display":"","site-post-title":"","ast-breadcrumbs-content":"","ast-featured-img":"","footer-sml-layout":"","theme-transparent-header-meta":"","adv-header-id-meta":"","stick-header-meta":"","header-above-stick-meta":"","header-main-stick-meta":"","header-below-stick-meta":"","astra-migrate-meta-layouts":"default","ast-page-background-enabled":"default","ast-page-background-meta":{"desktop":{"background-color":"var(--ast-global-color-5)","background-image":"","background-repeat":"repeat","background-position":"center center","background-size":"auto","background-attachment":"scroll","background-type":"","background-media":"","overlay-type":"","overlay-color":"","overlay-opacity":"","overlay-gradient":""},"tablet":{"background-color":"","background-image":"","background-repeat":"repeat","background-position":"center center","background-size":"auto","background-attachment":"scroll","background-type":"","background-media":"","overlay-type":"","overlay-color":"","overlay-opacity":"","overlay-gradient":""},"mobile":{"background-color":"","background-image":"","background-repeat":"repeat","background-position":"center center","background-size":"auto","background-attachment":"scroll","background-type":"","background-media":"","overlay-type":"","overlay-color":"","overlay-opacity":"","overlay-gradient":""}},"ast-content-background-meta":{"desktop":{"background-color":"var(--ast-global-color-4)","background-image":"","background-repeat":"repeat","background-position":"center center","background-size":"auto","background-attachment":"scroll","background-type":"","background-media":"","overlay-type":"","overlay-color":"","overlay-opacity":"","overlay-gradient":""},"tablet":{"background-color":"var(--ast-global-color-4)","background-image":"","background-repeat":"repeat","background-position":"center center","background-size":"auto","background-attachment":"scroll","background-type":"","background-media":"","overlay-type":"","overlay-color":"","overlay-opacity":"","overlay-gradient":""},"mobile":{"background-color":"var(--ast-global-color-4)","background-image":"","background-repeat":"repeat","background-position":"center center","background-size":"auto","background-attachment":"scroll","background-type":"","background-media":"","overlay-type":"","overlay-color":"","overlay-opacity":"","overlay-gradient":""}},"footnotes":""},"categories":[65],"tags":[203],"class_list":["post-15382","post","type-post","status-publish","format-standard","hentry","category-nascuts-2006","tag-6eb"],"post_mailing_queue_ids":[],"_links":{"self":[{"href":"https:\/\/agora.xtec.cat\/escolacanfabra\/wp-json\/wp\/v2\/posts\/15382","targetHints":{"allow":["GET"]}}],"collection":[{"href":"https:\/\/agora.xtec.cat\/escolacanfabra\/wp-json\/wp\/v2\/posts"}],"about":[{"href":"https:\/\/agora.xtec.cat\/escolacanfabra\/wp-json\/wp\/v2\/types\/post"}],"author":[{"embeddable":true,"href":"https:\/\/agora.xtec.cat\/escolacanfabra\/wp-json\/wp\/v2\/users\/3"}],"replies":[{"embeddable":true,"href":"https:\/\/agora.xtec.cat\/escolacanfabra\/wp-json\/wp\/v2\/comments?post=15382"}],"version-history":[{"count":0,"href":"https:\/\/agora.xtec.cat\/escolacanfabra\/wp-json\/wp\/v2\/posts\/15382\/revisions"}],"wp:attachment":[{"href":"https:\/\/agora.xtec.cat\/escolacanfabra\/wp-json\/wp\/v2\/media?parent=15382"}],"wp:term":[{"taxonomy":"category","embeddable":true,"href":"https:\/\/agora.xtec.cat\/escolacanfabra\/wp-json\/wp\/v2\/categories?post=15382"},{"taxonomy":"post_tag","embeddable":true,"href":"https:\/\/agora.xtec.cat\/escolacanfabra\/wp-json\/wp\/v2\/tags?post=15382"}],"curies":[{"name":"wp","href":"https:\/\/api.w.org\/{rel}","templated":true}]}}