{"id":14962,"date":"2017-12-04T23:51:14","date_gmt":"2017-12-04T21:51:14","guid":{"rendered":"http:\/\/escolacanfabra.cat\/?p=14962"},"modified":"2017-12-04T23:51:14","modified_gmt":"2017-12-04T21:51:14","slug":"taller-de-robotica-a-cicle-mitja","status":"publish","type":"post","link":"https:\/\/agora.xtec.cat\/escolacanfabra\/noticies\/taller-de-robotica-a-cicle-mitja\/","title":{"rendered":"TALLER DE ROB\u00d2TICA A CICLE MITJ\u00c0"},"content":{"rendered":"<p><span style=\"font-weight: 400;\">Durant aquest primer trimestre les tres sessions del taller de rob\u00f2tica s\u2019han dedicat a elaborar un petit projecte de programaci\u00f3 amb el programa \u201cScratch\u201d.<\/span><\/p>\n<p><span style=\"font-weight: 400;\">\u201cScratch\u201d \u00e9s un entorn de programaci\u00f3 visual per blocs adre\u00e7at a nens i nenes que els permet crear hist\u00f2ries, jocs i animacions.<\/span><\/p>\n<p><span style=\"font-weight: 400;\">El nens\/nenes de 4t ja estaven familiaritzats amb aquest programa el curs passat i per tant han pogut ensenyar i guiar els companys\/es de 3r.,<\/span><\/p>\n<p><span style=\"font-weight: 400;\">A partir de grups han treballat de manera cooperativa per realitzar un producte final: una hist\u00f2ria creada i animada per ells mateixos.<\/span><\/p>\n<p>CLICA LA IMATGE PER VEURE EL TASTET DE FOTOS DE LES SESSIONS DE TREBALL.<\/p>\n<p><a href=\"http:\/\/www.kizoa.es\/Editar-Videos-Movie-Maker\/d156527803k7244826o1l1\/scratch\"><img loading=\"lazy\" decoding=\"async\" class=\"size-full wp-image-14984 aligncenter\" src=\"https:\/\/agora.xtec.cat\/escolacanfabra\/wp-content\/uploads\/usu1954\/2017\/12\/arton4060.jpg\" alt=\"\" width=\"530\" height=\"345\" srcset=\"https:\/\/agora.xtec.cat\/escolacanfabra\/wp-content\/uploads\/usu1954\/2017\/12\/arton4060.jpg 530w, https:\/\/agora.xtec.cat\/escolacanfabra\/wp-content\/uploads\/usu1954\/2017\/12\/arton4060-300x195.jpg 300w\" sizes=\"auto, (max-width: 530px) 100vw, 530px\" \/><\/a><\/p>\n","protected":false},"excerpt":{"rendered":"<p>Durant aquest primer trimestre les tres sessions del taller de rob\u00f2tica s\u2019han dedicat a elaborar un petit projecte de programaci\u00f3 amb el programa \u201cScratch\u201d. \u201cScratch\u201d \u00e9s un entorn de programaci\u00f3 visual per blocs adre\u00e7at a nens i nenes que els permet crear hist\u00f2ries, jocs i animacions. El nens\/nenes de 4t ja estaven familiaritzats amb aquest [&hellip;]<\/p>\n","protected":false},"author":3,"featured_media":0,"comment_status":"open","ping_status":"open","sticky":false,"template":"","format":"standard","meta":{"_bbp_topic_count":0,"_bbp_reply_count":0,"_bbp_total_topic_count":0,"_bbp_total_reply_count":0,"_bbp_voice_count":0,"_bbp_anonymous_reply_count":0,"_bbp_topic_count_hidden":0,"_bbp_reply_count_hidden":0,"_bbp_forum_subforum_count":0,"site-sidebar-layout":"default","site-content-layout":"","ast-site-content-layout":"","site-content-style":"default","site-sidebar-style":"default","ast-global-header-display":"","ast-banner-title-visibility":"","ast-main-header-display":"","ast-hfb-above-header-display":"","ast-hfb-below-header-display":"","ast-hfb-mobile-header-display":"","site-post-title":"","ast-breadcrumbs-content":"","ast-featured-img":"","footer-sml-layout":"","theme-transparent-header-meta":"","adv-header-id-meta":"","stick-header-meta":"","header-above-stick-meta":"","header-main-stick-meta":"","header-below-stick-meta":"","astra-migrate-meta-layouts":"default","ast-page-background-enabled":"default","ast-page-background-meta":{"desktop":{"background-color":"var(--ast-global-color-5)","background-image":"","background-repeat":"repeat","background-position":"center center","background-size":"auto","background-attachment":"scroll","background-type":"","background-media":"","overlay-type":"","overlay-color":"","overlay-opacity":"","overlay-gradient":""},"tablet":{"background-color":"","background-image":"","background-repeat":"repeat","background-position":"center center","background-size":"auto","background-attachment":"scroll","background-type":"","background-media":"","overlay-type":"","overlay-color":"","overlay-opacity":"","overlay-gradient":""},"mobile":{"background-color":"","background-image":"","background-repeat":"repeat","background-position":"center center","background-size":"auto","background-attachment":"scroll","background-type":"","background-media":"","overlay-type":"","overlay-color":"","overlay-opacity":"","overlay-gradient":""}},"ast-content-background-meta":{"desktop":{"background-color":"var(--ast-global-color-4)","background-image":"","background-repeat":"repeat","background-position":"center center","background-size":"auto","background-attachment":"scroll","background-type":"","background-media":"","overlay-type":"","overlay-color":"","overlay-opacity":"","overlay-gradient":""},"tablet":{"background-color":"var(--ast-global-color-4)","background-image":"","background-repeat":"repeat","background-position":"center center","background-size":"auto","background-attachment":"scroll","background-type":"","background-media":"","overlay-type":"","overlay-color":"","overlay-opacity":"","overlay-gradient":""},"mobile":{"background-color":"var(--ast-global-color-4)","background-image":"","background-repeat":"repeat","background-position":"center center","background-size":"auto","background-attachment":"scroll","background-type":"","background-media":"","overlay-type":"","overlay-color":"","overlay-opacity":"","overlay-gradient":""}},"footnotes":""},"categories":[71],"tags":[],"class_list":["post-14962","post","type-post","status-publish","format-standard","hentry","category-noticies"],"post_mailing_queue_ids":[],"_links":{"self":[{"href":"https:\/\/agora.xtec.cat\/escolacanfabra\/wp-json\/wp\/v2\/posts\/14962","targetHints":{"allow":["GET"]}}],"collection":[{"href":"https:\/\/agora.xtec.cat\/escolacanfabra\/wp-json\/wp\/v2\/posts"}],"about":[{"href":"https:\/\/agora.xtec.cat\/escolacanfabra\/wp-json\/wp\/v2\/types\/post"}],"author":[{"embeddable":true,"href":"https:\/\/agora.xtec.cat\/escolacanfabra\/wp-json\/wp\/v2\/users\/3"}],"replies":[{"embeddable":true,"href":"https:\/\/agora.xtec.cat\/escolacanfabra\/wp-json\/wp\/v2\/comments?post=14962"}],"version-history":[{"count":0,"href":"https:\/\/agora.xtec.cat\/escolacanfabra\/wp-json\/wp\/v2\/posts\/14962\/revisions"}],"wp:attachment":[{"href":"https:\/\/agora.xtec.cat\/escolacanfabra\/wp-json\/wp\/v2\/media?parent=14962"}],"wp:term":[{"taxonomy":"category","embeddable":true,"href":"https:\/\/agora.xtec.cat\/escolacanfabra\/wp-json\/wp\/v2\/categories?post=14962"},{"taxonomy":"post_tag","embeddable":true,"href":"https:\/\/agora.xtec.cat\/escolacanfabra\/wp-json\/wp\/v2\/tags?post=14962"}],"curies":[{"name":"wp","href":"https:\/\/api.w.org\/{rel}","templated":true}]}}