{"id":14836,"date":"2017-11-27T23:19:11","date_gmt":"2017-11-27T21:19:11","guid":{"rendered":"http:\/\/escolacanfabra.cat\/?p=14836"},"modified":"2017-11-27T23:19:11","modified_gmt":"2017-11-27T21:19:11","slug":"preparem-la-flashmov","status":"publish","type":"post","link":"https:\/\/agora.xtec.cat\/escolacanfabra\/noticies\/preparem-la-flashmov\/","title":{"rendered":"Preparem la flashmob"},"content":{"rendered":"<p>Ja fa unes setmanes que els nens i nenes de 3r estem assajant la coreografia de la Flashmob  d&#8217;enguany a Educaci\u00f3 F\u00edsica, amb una preciosa can\u00e7\u00f3 que es diu &#8220;Estels al Vent&#8221; dels Catarres.<br \/>\nDivendres passat els alumnes de l&#8217;escola d&#8217;Educaci\u00f3 Especial Sants Innocents ens van convidar a la seva escola per assajar plegats i aix\u00ed ens vam con\u00e8ixer.<br \/>\nLes mirades t\u00edmides inicials van passar a crear converses, joc, abra\u00e7ades&#8230;ho vam passar &#8220;pipa&#8221;!<br \/>\nEl proper dia 1 de desembre tots junts ballarem a la Pla\u00e7a Orfila amb altres escoles la flashmob que estem preparant.<\/p>\n<p>Us deixem l&#8217;enlla\u00e7 de la coreografia, aix\u00ed que&#8230;1, 2, 3&#8230;.a ballar!<\/p>\n<div class=\"ast-oembed-container \" style=\"height: 100%;\"><iframe loading=\"lazy\" title=\"FlashMob ESTELS AL VENT  Catarres 1 XII2017\" width=\"500\" height=\"281\" src=\"https:\/\/www.youtube.com\/embed\/6AFoC09aDcw?feature=oembed\" frameborder=\"0\" allow=\"accelerometer; autoplay; clipboard-write; encrypted-media; gyroscope; picture-in-picture; web-share\" referrerpolicy=\"strict-origin-when-cross-origin\" allowfullscreen><\/iframe><\/div>\n<p>i un tastet de les fotos de la trobada<\/p>\n<p><strong>Cliqueu el seg\u00fcent enlla\u00e7 per veure un tastet de fotos de la trobada.<\/strong><strong><\/p>\n<p><a href=\"https:\/\/photos.app.goo.gl\/8pEBDpvTO5t4Ru8l1\">Fem amics!<\/a><\/p>\n","protected":false},"excerpt":{"rendered":"<p>Ja fa unes setmanes que els nens i nenes de 3r estem assajant la coreografia de la Flashmob d&#8217;enguany a Educaci\u00f3 F\u00edsica, amb una preciosa can\u00e7\u00f3 que es diu &#8220;Estels al Vent&#8221; dels Catarres. Divendres passat els alumnes de l&#8217;escola d&#8217;Educaci\u00f3 Especial Sants Innocents ens van convidar a la seva escola per assajar plegats i [&hellip;]<\/p>\n","protected":false},"author":3,"featured_media":0,"comment_status":"open","ping_status":"open","sticky":false,"template":"","format":"standard","meta":{"_bbp_topic_count":0,"_bbp_reply_count":0,"_bbp_total_topic_count":0,"_bbp_total_reply_count":0,"_bbp_voice_count":0,"_bbp_anonymous_reply_count":0,"_bbp_topic_count_hidden":0,"_bbp_reply_count_hidden":0,"_bbp_forum_subforum_count":0,"site-sidebar-layout":"default","site-content-layout":"","ast-site-content-layout":"","site-content-style":"default","site-sidebar-style":"default","ast-global-header-display":"","ast-banner-title-visibility":"","ast-main-header-display":"","ast-hfb-above-header-display":"","ast-hfb-below-header-display":"","ast-hfb-mobile-header-display":"","site-post-title":"","ast-breadcrumbs-content":"","ast-featured-img":"","footer-sml-layout":"","theme-transparent-header-meta":"","adv-header-id-meta":"","stick-header-meta":"","header-above-stick-meta":"","header-main-stick-meta":"","header-below-stick-meta":"","astra-migrate-meta-layouts":"default","ast-page-background-enabled":"default","ast-page-background-meta":{"desktop":{"background-color":"var(--ast-global-color-5)","background-image":"","background-repeat":"repeat","background-position":"center center","background-size":"auto","background-attachment":"scroll","background-type":"","background-media":"","overlay-type":"","overlay-color":"","overlay-opacity":"","overlay-gradient":""},"tablet":{"background-color":"","background-image":"","background-repeat":"repeat","background-position":"center center","background-size":"auto","background-attachment":"scroll","background-type":"","background-media":"","overlay-type":"","overlay-color":"","overlay-opacity":"","overlay-gradient":""},"mobile":{"background-color":"","background-image":"","background-repeat":"repeat","background-position":"center center","background-size":"auto","background-attachment":"scroll","background-type":"","background-media":"","overlay-type":"","overlay-color":"","overlay-opacity":"","overlay-gradient":""}},"ast-content-background-meta":{"desktop":{"background-color":"var(--ast-global-color-4)","background-image":"","background-repeat":"repeat","background-position":"center center","background-size":"auto","background-attachment":"scroll","background-type":"","background-media":"","overlay-type":"","overlay-color":"","overlay-opacity":"","overlay-gradient":""},"tablet":{"background-color":"var(--ast-global-color-4)","background-image":"","background-repeat":"repeat","background-position":"center center","background-size":"auto","background-attachment":"scroll","background-type":"","background-media":"","overlay-type":"","overlay-color":"","overlay-opacity":"","overlay-gradient":""},"mobile":{"background-color":"var(--ast-global-color-4)","background-image":"","background-repeat":"repeat","background-position":"center center","background-size":"auto","background-attachment":"scroll","background-type":"","background-media":"","overlay-type":"","overlay-color":"","overlay-opacity":"","overlay-gradient":""}},"footnotes":""},"categories":[71],"tags":[],"class_list":["post-14836","post","type-post","status-publish","format-standard","hentry","category-noticies"],"post_mailing_queue_ids":[],"_links":{"self":[{"href":"https:\/\/agora.xtec.cat\/escolacanfabra\/wp-json\/wp\/v2\/posts\/14836","targetHints":{"allow":["GET"]}}],"collection":[{"href":"https:\/\/agora.xtec.cat\/escolacanfabra\/wp-json\/wp\/v2\/posts"}],"about":[{"href":"https:\/\/agora.xtec.cat\/escolacanfabra\/wp-json\/wp\/v2\/types\/post"}],"author":[{"embeddable":true,"href":"https:\/\/agora.xtec.cat\/escolacanfabra\/wp-json\/wp\/v2\/users\/3"}],"replies":[{"embeddable":true,"href":"https:\/\/agora.xtec.cat\/escolacanfabra\/wp-json\/wp\/v2\/comments?post=14836"}],"version-history":[{"count":0,"href":"https:\/\/agora.xtec.cat\/escolacanfabra\/wp-json\/wp\/v2\/posts\/14836\/revisions"}],"wp:attachment":[{"href":"https:\/\/agora.xtec.cat\/escolacanfabra\/wp-json\/wp\/v2\/media?parent=14836"}],"wp:term":[{"taxonomy":"category","embeddable":true,"href":"https:\/\/agora.xtec.cat\/escolacanfabra\/wp-json\/wp\/v2\/categories?post=14836"},{"taxonomy":"post_tag","embeddable":true,"href":"https:\/\/agora.xtec.cat\/escolacanfabra\/wp-json\/wp\/v2\/tags?post=14836"}],"curies":[{"name":"wp","href":"https:\/\/api.w.org\/{rel}","templated":true}]}}