{"id":14639,"date":"2017-10-30T14:58:06","date_gmt":"2017-10-30T12:58:06","guid":{"rendered":"http:\/\/escolacanfabra.cat\/?p=14639"},"modified":"2017-10-30T14:58:06","modified_gmt":"2017-10-30T12:58:06","slug":"tenim-un-diari-a-laula","status":"publish","type":"post","link":"https:\/\/agora.xtec.cat\/escolacanfabra\/noticies\/tenim-un-diari-a-laula\/","title":{"rendered":"Tenim un diari a l&#8217;aula"},"content":{"rendered":"<p>Hola fam\u00edlies!<\/p>\n<p>Els alumnes de 3r tenim un diari de l&#8217;aula.<br \/>\nCada dia un nen o nena \u00e9s el responsable d&#8217;emportar-se el diari a casa i escriure el que vulgui: el que li ha agradat, el que no, els seus gustos&#8230;<br \/>\nL&#8217;endem\u00e0 ho haur\u00e0 d&#8217;explicar als companys de la classe.<br \/>\nAix\u00ed cada dia una persona diferent.<\/p>\n<p>Esperem que us agradi fam\u00edlies!<\/p>\n<p>Jan Gonz\u00e0lez, Gisela Garcia, Paula L\u00f3pez i Anna Vivancos<\/p>\n<p><img loading=\"lazy\" decoding=\"async\" src=\"http:\/\/escolacanfabra.cat\/wp-content\/uploads\/2017\/10\/IMG_20171030_095344-600x337.jpg\" alt=\"\" width=\"600\" height=\"337\" class=\"alignnone size-medium wp-image-14640\" \/><\/p>\n<p><img loading=\"lazy\" decoding=\"async\" src=\"http:\/\/escolacanfabra.cat\/wp-content\/uploads\/2017\/10\/IMG_20171030_095501-600x337.jpg\" alt=\"\" width=\"600\" height=\"337\" class=\"alignnone size-medium wp-image-14641\" \/><\/p>\n<p><img loading=\"lazy\" decoding=\"async\" src=\"http:\/\/escolacanfabra.cat\/wp-content\/uploads\/2017\/10\/IMG_20171030_095508-600x337.jpg\" alt=\"\" width=\"600\" height=\"337\" class=\"alignnone size-medium wp-image-14642\" \/><\/p>\n<p><img loading=\"lazy\" decoding=\"async\" src=\"http:\/\/escolacanfabra.cat\/wp-content\/uploads\/2017\/10\/IMG_20171030_135800-600x337.jpg\" alt=\"\" width=\"600\" height=\"337\" class=\"alignnone size-medium wp-image-14643\" \/><\/p>\n","protected":false},"excerpt":{"rendered":"<p>Hola fam\u00edlies! Els alumnes de 3r tenim un diari de l&#8217;aula. Cada dia un nen o nena \u00e9s el responsable d&#8217;emportar-se el diari a casa i escriure el que vulgui: el que li ha agradat, el que no, els seus gustos&#8230; L&#8217;endem\u00e0 ho haur\u00e0 d&#8217;explicar als companys de la classe. Aix\u00ed cada dia una persona [&hellip;]<\/p>\n","protected":false},"author":3,"featured_media":0,"comment_status":"open","ping_status":"open","sticky":false,"template":"","format":"standard","meta":{"_bbp_topic_count":0,"_bbp_reply_count":0,"_bbp_total_topic_count":0,"_bbp_total_reply_count":0,"_bbp_voice_count":0,"_bbp_anonymous_reply_count":0,"_bbp_topic_count_hidden":0,"_bbp_reply_count_hidden":0,"_bbp_forum_subforum_count":0,"site-sidebar-layout":"default","site-content-layout":"","ast-site-content-layout":"","site-content-style":"default","site-sidebar-style":"default","ast-global-header-display":"","ast-banner-title-visibility":"","ast-main-header-display":"","ast-hfb-above-header-display":"","ast-hfb-below-header-display":"","ast-hfb-mobile-header-display":"","site-post-title":"","ast-breadcrumbs-content":"","ast-featured-img":"","footer-sml-layout":"","theme-transparent-header-meta":"","adv-header-id-meta":"","stick-header-meta":"","header-above-stick-meta":"","header-main-stick-meta":"","header-below-stick-meta":"","astra-migrate-meta-layouts":"default","ast-page-background-enabled":"default","ast-page-background-meta":{"desktop":{"background-color":"var(--ast-global-color-5)","background-image":"","background-repeat":"repeat","background-position":"center center","background-size":"auto","background-attachment":"scroll","background-type":"","background-media":"","overlay-type":"","overlay-color":"","overlay-opacity":"","overlay-gradient":""},"tablet":{"background-color":"","background-image":"","background-repeat":"repeat","background-position":"center center","background-size":"auto","background-attachment":"scroll","background-type":"","background-media":"","overlay-type":"","overlay-color":"","overlay-opacity":"","overlay-gradient":""},"mobile":{"background-color":"","background-image":"","background-repeat":"repeat","background-position":"center center","background-size":"auto","background-attachment":"scroll","background-type":"","background-media":"","overlay-type":"","overlay-color":"","overlay-opacity":"","overlay-gradient":""}},"ast-content-background-meta":{"desktop":{"background-color":"var(--ast-global-color-4)","background-image":"","background-repeat":"repeat","background-position":"center center","background-size":"auto","background-attachment":"scroll","background-type":"","background-media":"","overlay-type":"","overlay-color":"","overlay-opacity":"","overlay-gradient":""},"tablet":{"background-color":"var(--ast-global-color-4)","background-image":"","background-repeat":"repeat","background-position":"center center","background-size":"auto","background-attachment":"scroll","background-type":"","background-media":"","overlay-type":"","overlay-color":"","overlay-opacity":"","overlay-gradient":""},"mobile":{"background-color":"var(--ast-global-color-4)","background-image":"","background-repeat":"repeat","background-position":"center center","background-size":"auto","background-attachment":"scroll","background-type":"","background-media":"","overlay-type":"","overlay-color":"","overlay-opacity":"","overlay-gradient":""}},"footnotes":""},"categories":[71],"tags":[],"class_list":["post-14639","post","type-post","status-publish","format-standard","hentry","category-noticies"],"post_mailing_queue_ids":[],"_links":{"self":[{"href":"https:\/\/agora.xtec.cat\/escolacanfabra\/wp-json\/wp\/v2\/posts\/14639","targetHints":{"allow":["GET"]}}],"collection":[{"href":"https:\/\/agora.xtec.cat\/escolacanfabra\/wp-json\/wp\/v2\/posts"}],"about":[{"href":"https:\/\/agora.xtec.cat\/escolacanfabra\/wp-json\/wp\/v2\/types\/post"}],"author":[{"embeddable":true,"href":"https:\/\/agora.xtec.cat\/escolacanfabra\/wp-json\/wp\/v2\/users\/3"}],"replies":[{"embeddable":true,"href":"https:\/\/agora.xtec.cat\/escolacanfabra\/wp-json\/wp\/v2\/comments?post=14639"}],"version-history":[{"count":0,"href":"https:\/\/agora.xtec.cat\/escolacanfabra\/wp-json\/wp\/v2\/posts\/14639\/revisions"}],"wp:attachment":[{"href":"https:\/\/agora.xtec.cat\/escolacanfabra\/wp-json\/wp\/v2\/media?parent=14639"}],"wp:term":[{"taxonomy":"category","embeddable":true,"href":"https:\/\/agora.xtec.cat\/escolacanfabra\/wp-json\/wp\/v2\/categories?post=14639"},{"taxonomy":"post_tag","embeddable":true,"href":"https:\/\/agora.xtec.cat\/escolacanfabra\/wp-json\/wp\/v2\/tags?post=14639"}],"curies":[{"name":"wp","href":"https:\/\/api.w.org\/{rel}","templated":true}]}}