{"id":14537,"date":"2017-10-20T21:19:34","date_gmt":"2017-10-20T19:19:34","guid":{"rendered":"http:\/\/escolacanfabra.cat\/?p=14537"},"modified":"2017-10-20T21:19:34","modified_gmt":"2017-10-20T19:19:34","slug":"primera-setmana-de-6e-b","status":"publish","type":"post","link":"https:\/\/agora.xtec.cat\/escolacanfabra\/nascuts-2006\/primera-setmana-de-6e-b\/","title":{"rendered":"PRIMERA SETMANA DE 6\u00e8 B"},"content":{"rendered":"<p>PRIMERA SETMANA DE 6\u00e8 B:<\/p>\n<p><strong>DILLUNS<\/strong>:<br \/>\nEl dilluns al mat\u00ed vam fer treball d\u2019aula.<br \/>\nA continuaci\u00f3 vam fer els espais.<br \/>\nI despr\u00e9s de l\u2019esbarjo vam fer m\u00fasica.<br \/>\nSeguidament vam fer educaci\u00f3 f\u00edsica i per<br \/>\n\u00faltim vam anar al menjador.<br \/>\n<strong>DIMARTS:<\/strong><br \/>\nEl dimarts al mat\u00ed vam comen\u00e7ar amb el projecte<br \/>\nseguidament  haur\u00edem de fer tallers per\u00f2 al final els comencem el 2 d\u2019octubre.<br \/>\nDespr\u00e8s vam anar al pati, nomes acabar el pati vam anar a espais, i en acabar  vam fer lectura.<br \/>\n<strong>DIMECRES:<\/strong><br \/>\nEl dimecres al mat\u00ed vam fer treball d\u2019aula, durant aquella<br \/>\nestona vam llegir  el llibre de Wonder, despr\u00e9s vam anar<br \/>\na espais  i seguidament l\u2019esbarjo.<br \/>\nA continuaci\u00f3  vam anar a educaci\u00f3 f\u00edsica i per \u00faltim hav\u00edem de fer biblio per\u00f2 la comencem a l\u2019octubre.<br \/>\n<strong>DIJOUS:<\/strong><br \/>\nEl dijous al mat\u00ed vam fer castell\u00e0,  seguidament vam fer espais, despr\u00e9s dels espais vam anar al pati i en acabar vam fer projecte.<br \/>\n<strong>DIVENDRES:<\/strong><br \/>\nDivendres al mat\u00ed vam fer el projecte, despr\u00e9s vam fer tallers per\u00f2 com que comencen a l\u2019octubre no vam fer tallers.<br \/>\nSeguidament vam anar al pati i despr\u00e9s vam fer treball d\u2019aula i tutoria. <\/p>\n<p>PAU BARTI i AITOR S\u00c1NCHEZ<\/p>\n","protected":false},"excerpt":{"rendered":"<p>PRIMERA SETMANA DE 6\u00e8 B: DILLUNS: El dilluns al mat\u00ed vam fer treball d\u2019aula. A continuaci\u00f3 vam fer els espais. I despr\u00e9s de l\u2019esbarjo vam fer m\u00fasica. Seguidament vam fer educaci\u00f3 f\u00edsica i per \u00faltim vam anar al menjador. DIMARTS: El dimarts al mat\u00ed vam comen\u00e7ar amb el projecte seguidament haur\u00edem de fer tallers per\u00f2 [&hellip;]<\/p>\n","protected":false},"author":3,"featured_media":0,"comment_status":"open","ping_status":"open","sticky":false,"template":"","format":"standard","meta":{"_bbp_topic_count":0,"_bbp_reply_count":0,"_bbp_total_topic_count":0,"_bbp_total_reply_count":0,"_bbp_voice_count":0,"_bbp_anonymous_reply_count":0,"_bbp_topic_count_hidden":0,"_bbp_reply_count_hidden":0,"_bbp_forum_subforum_count":0,"site-sidebar-layout":"default","site-content-layout":"","ast-site-content-layout":"","site-content-style":"default","site-sidebar-style":"default","ast-global-header-display":"","ast-banner-title-visibility":"","ast-main-header-display":"","ast-hfb-above-header-display":"","ast-hfb-below-header-display":"","ast-hfb-mobile-header-display":"","site-post-title":"","ast-breadcrumbs-content":"","ast-featured-img":"","footer-sml-layout":"","theme-transparent-header-meta":"","adv-header-id-meta":"","stick-header-meta":"","header-above-stick-meta":"","header-main-stick-meta":"","header-below-stick-meta":"","astra-migrate-meta-layouts":"default","ast-page-background-enabled":"default","ast-page-background-meta":{"desktop":{"background-color":"var(--ast-global-color-5)","background-image":"","background-repeat":"repeat","background-position":"center center","background-size":"auto","background-attachment":"scroll","background-type":"","background-media":"","overlay-type":"","overlay-color":"","overlay-opacity":"","overlay-gradient":""},"tablet":{"background-color":"","background-image":"","background-repeat":"repeat","background-position":"center center","background-size":"auto","background-attachment":"scroll","background-type":"","background-media":"","overlay-type":"","overlay-color":"","overlay-opacity":"","overlay-gradient":""},"mobile":{"background-color":"","background-image":"","background-repeat":"repeat","background-position":"center center","background-size":"auto","background-attachment":"scroll","background-type":"","background-media":"","overlay-type":"","overlay-color":"","overlay-opacity":"","overlay-gradient":""}},"ast-content-background-meta":{"desktop":{"background-color":"var(--ast-global-color-4)","background-image":"","background-repeat":"repeat","background-position":"center center","background-size":"auto","background-attachment":"scroll","background-type":"","background-media":"","overlay-type":"","overlay-color":"","overlay-opacity":"","overlay-gradient":""},"tablet":{"background-color":"var(--ast-global-color-4)","background-image":"","background-repeat":"repeat","background-position":"center center","background-size":"auto","background-attachment":"scroll","background-type":"","background-media":"","overlay-type":"","overlay-color":"","overlay-opacity":"","overlay-gradient":""},"mobile":{"background-color":"var(--ast-global-color-4)","background-image":"","background-repeat":"repeat","background-position":"center center","background-size":"auto","background-attachment":"scroll","background-type":"","background-media":"","overlay-type":"","overlay-color":"","overlay-opacity":"","overlay-gradient":""}},"footnotes":""},"categories":[65],"tags":[203],"class_list":["post-14537","post","type-post","status-publish","format-standard","hentry","category-nascuts-2006","tag-6eb"],"post_mailing_queue_ids":[],"_links":{"self":[{"href":"https:\/\/agora.xtec.cat\/escolacanfabra\/wp-json\/wp\/v2\/posts\/14537","targetHints":{"allow":["GET"]}}],"collection":[{"href":"https:\/\/agora.xtec.cat\/escolacanfabra\/wp-json\/wp\/v2\/posts"}],"about":[{"href":"https:\/\/agora.xtec.cat\/escolacanfabra\/wp-json\/wp\/v2\/types\/post"}],"author":[{"embeddable":true,"href":"https:\/\/agora.xtec.cat\/escolacanfabra\/wp-json\/wp\/v2\/users\/3"}],"replies":[{"embeddable":true,"href":"https:\/\/agora.xtec.cat\/escolacanfabra\/wp-json\/wp\/v2\/comments?post=14537"}],"version-history":[{"count":0,"href":"https:\/\/agora.xtec.cat\/escolacanfabra\/wp-json\/wp\/v2\/posts\/14537\/revisions"}],"wp:attachment":[{"href":"https:\/\/agora.xtec.cat\/escolacanfabra\/wp-json\/wp\/v2\/media?parent=14537"}],"wp:term":[{"taxonomy":"category","embeddable":true,"href":"https:\/\/agora.xtec.cat\/escolacanfabra\/wp-json\/wp\/v2\/categories?post=14537"},{"taxonomy":"post_tag","embeddable":true,"href":"https:\/\/agora.xtec.cat\/escolacanfabra\/wp-json\/wp\/v2\/tags?post=14537"}],"curies":[{"name":"wp","href":"https:\/\/api.w.org\/{rel}","templated":true}]}}