{"id":1403,"date":"2017-02-01T07:07:23","date_gmt":"2017-02-01T05:07:23","guid":{"rendered":"http:\/\/escolacanfabra.cat\/?p=1403"},"modified":"2017-02-01T07:07:23","modified_gmt":"2017-02-01T05:07:23","slug":"jornades-de-portes-obertes","status":"publish","type":"post","link":"https:\/\/agora.xtec.cat\/escolacanfabra\/general\/jornades-de-portes-obertes\/","title":{"rendered":"Jornades de Portes Obertes 2017-2018"},"content":{"rendered":"<p>Si voleu con\u00e8ixer el nostre projecte educatiu per apuntar al vostre fill per al Curs 2017-2018, us convidem a les nostres <strong>Jornades de Portes Obertes<\/strong>.<\/p>\n<p>Per poder acudir, cal que truqueu al seg\u00fcent n\u00famero de tel\u00e8fon<\/p>\n<h3>93.541.65.60<\/h3>\n<p>Els dies disponibles s\u00f3n:<\/p>\n<h2><span style=\"color: #ff0000;\"><strong>7 de mar\u00e7 a les 17 hrs.<\/strong><\/span><br \/>\n<span style=\"color: #ff0000;\"><strong> 8 de mar\u00e7 a les 9.30 hrs.<\/strong><\/span><\/h2>\n<p>&nbsp;<\/p>\n<h1>Us hi esperem!<\/h1>\n<p>&nbsp;<\/p>\n<p>Podeu obtenir m\u00e9s informaci\u00f3 sobre el proc\u00e9s de preinscripci\u00f3 i matriculaci\u00f3 a la web del Consorci d\u00b4Educaci\u00f3 de Barcelona clicant\u00a0<a title=\"Consorci d\u00b4Educaci\u00f3 de Barcelona | Escola Can Fabra\" href=\"http:\/\/www.edubcn.cat\/ca\/alumnat_i_familia\/informacio_general_matriculacio\/preinscripcio_i_matricula_2015_2016\" target=\"_blank\">aqu<\/a><a title=\"Consorci d\u00b4Educaci\u00f3 de Barcelona | Escola Can Fabra\" href=\"http:\/\/www.edubcn.cat\/ca\/alumnat_i_familia\/informacio_general_matriculacio\/preinscripcio_i_matricula_2015_2016\" target=\"_blank\">\u00ed<\/a><\/p>\n<p>Si voleu saber m\u00e9s sobre la nostra Escola Can Fabra podeu trobar el nostre projecte educatiu <a title=\"Projecte Educatiu Can Fabra | Escola Can Fabra\" href=\"http:\/\/escolacanfabra.cat\/lescola\/lescola-projecte-educatiu\/\" target=\"_blank\">aqu<\/a><a title=\"Consorci d\u00b4Educaci\u00f3 de Barcelona | Escola Can Fabra\" href=\"http:\/\/www.edubcn.cat\/ca\/alumnat_i_familia\/informacio_general_matriculacio\/preinscripcio_i_matricula_2015_2016\" target=\"_blank\">\u00ed<\/a>.<\/p>\n<p>Volem compartir el llibret<strong> \u201c8 ORIENTACIONS PER TRIAR ESCOLA\u201d<\/strong>\u00a0que acaba de publicar la Fundaci\u00f3 Jaume Bofill on trobareu algunes propostes i orientacions que us poden ser de gran utilitat a l\u2019hora de prendre la vostra decisi\u00f3.<\/p>\n<p><a href=\"http:\/\/escolacanfabra.cat\/wp-content\/uploads\/2015\/01\/8-orientacions-per-triar-escola_fundaci%C3%B3-Jaume-Bofill.pdf\">8 orientacions per triar escola_fundaci\u00f3 Jaume Bofill<\/a><\/p>\n<p>&nbsp;<\/p>\n<p>&nbsp;<\/p>\n","protected":false},"excerpt":{"rendered":"<p>Si voleu con\u00e8ixer el nostre projecte educatiu per apuntar al vostre fill per al Curs 2017-2018, us convidem a les nostres Jornades de Portes Obertes. Per poder acudir, cal que truqueu al seg\u00fcent n\u00famero de tel\u00e8fon 93.541.65.60 Els dies disponibles s\u00f3n: 7 de mar\u00e7 a les 17 hrs. 8 de mar\u00e7 a les 9.30 hrs. [&hellip;]<\/p>\n","protected":false},"author":1,"featured_media":11468,"comment_status":"open","ping_status":"open","sticky":false,"template":"","format":"standard","meta":{"_bbp_topic_count":0,"_bbp_reply_count":0,"_bbp_total_topic_count":0,"_bbp_total_reply_count":0,"_bbp_voice_count":0,"_bbp_anonymous_reply_count":0,"_bbp_topic_count_hidden":0,"_bbp_reply_count_hidden":0,"_bbp_forum_subforum_count":0,"site-sidebar-layout":"default","site-content-layout":"","ast-site-content-layout":"","site-content-style":"default","site-sidebar-style":"default","ast-global-header-display":"","ast-banner-title-visibility":"","ast-main-header-display":"","ast-hfb-above-header-display":"","ast-hfb-below-header-display":"","ast-hfb-mobile-header-display":"","site-post-title":"","ast-breadcrumbs-content":"","ast-featured-img":"","footer-sml-layout":"","theme-transparent-header-meta":"","adv-header-id-meta":"","stick-header-meta":"","header-above-stick-meta":"","header-main-stick-meta":"","header-below-stick-meta":"","astra-migrate-meta-layouts":"default","ast-page-background-enabled":"default","ast-page-background-meta":{"desktop":{"background-color":"var(--ast-global-color-5)","background-image":"","background-repeat":"repeat","background-position":"center center","background-size":"auto","background-attachment":"scroll","background-type":"","background-media":"","overlay-type":"","overlay-color":"","overlay-opacity":"","overlay-gradient":""},"tablet":{"background-color":"","background-image":"","background-repeat":"repeat","background-position":"center center","background-size":"auto","background-attachment":"scroll","background-type":"","background-media":"","overlay-type":"","overlay-color":"","overlay-opacity":"","overlay-gradient":""},"mobile":{"background-color":"","background-image":"","background-repeat":"repeat","background-position":"center center","background-size":"auto","background-attachment":"scroll","background-type":"","background-media":"","overlay-type":"","overlay-color":"","overlay-opacity":"","overlay-gradient":""}},"ast-content-background-meta":{"desktop":{"background-color":"var(--ast-global-color-4)","background-image":"","background-repeat":"repeat","background-position":"center center","background-size":"auto","background-attachment":"scroll","background-type":"","background-media":"","overlay-type":"","overlay-color":"","overlay-opacity":"","overlay-gradient":""},"tablet":{"background-color":"var(--ast-global-color-4)","background-image":"","background-repeat":"repeat","background-position":"center center","background-size":"auto","background-attachment":"scroll","background-type":"","background-media":"","overlay-type":"","overlay-color":"","overlay-opacity":"","overlay-gradient":""},"mobile":{"background-color":"var(--ast-global-color-4)","background-image":"","background-repeat":"repeat","background-position":"center center","background-size":"auto","background-attachment":"scroll","background-type":"","background-media":"","overlay-type":"","overlay-color":"","overlay-opacity":"","overlay-gradient":""}},"footnotes":""},"categories":[1],"tags":[],"class_list":["post-1403","post","type-post","status-publish","format-standard","has-post-thumbnail","hentry","category-general"],"post_mailing_queue_ids":[],"_links":{"self":[{"href":"https:\/\/agora.xtec.cat\/escolacanfabra\/wp-json\/wp\/v2\/posts\/1403","targetHints":{"allow":["GET"]}}],"collection":[{"href":"https:\/\/agora.xtec.cat\/escolacanfabra\/wp-json\/wp\/v2\/posts"}],"about":[{"href":"https:\/\/agora.xtec.cat\/escolacanfabra\/wp-json\/wp\/v2\/types\/post"}],"author":[{"embeddable":true,"href":"https:\/\/agora.xtec.cat\/escolacanfabra\/wp-json\/wp\/v2\/users\/1"}],"replies":[{"embeddable":true,"href":"https:\/\/agora.xtec.cat\/escolacanfabra\/wp-json\/wp\/v2\/comments?post=1403"}],"version-history":[{"count":0,"href":"https:\/\/agora.xtec.cat\/escolacanfabra\/wp-json\/wp\/v2\/posts\/1403\/revisions"}],"wp:featuredmedia":[{"embeddable":true,"href":"https:\/\/agora.xtec.cat\/escolacanfabra\/wp-json\/wp\/v2\/media\/11468"}],"wp:attachment":[{"href":"https:\/\/agora.xtec.cat\/escolacanfabra\/wp-json\/wp\/v2\/media?parent=1403"}],"wp:term":[{"taxonomy":"category","embeddable":true,"href":"https:\/\/agora.xtec.cat\/escolacanfabra\/wp-json\/wp\/v2\/categories?post=1403"},{"taxonomy":"post_tag","embeddable":true,"href":"https:\/\/agora.xtec.cat\/escolacanfabra\/wp-json\/wp\/v2\/tags?post=1403"}],"curies":[{"name":"wp","href":"https:\/\/api.w.org\/{rel}","templated":true}]}}