{"id":13741,"date":"2017-06-20T11:20:54","date_gmt":"2017-06-20T09:20:54","guid":{"rendered":"http:\/\/escolacanfabra.cat\/?p=13741"},"modified":"2017-06-20T11:20:54","modified_gmt":"2017-06-20T09:20:54","slug":"lestiu-un-bon-moment-per-llegir","status":"publish","type":"post","link":"https:\/\/agora.xtec.cat\/escolacanfabra\/nascuts-2010\/lestiu-un-bon-moment-per-llegir\/","title":{"rendered":"L&#8217;estiu, un bon moment per llegir!"},"content":{"rendered":"<p style=\"text-align: justify;\">Heu notat que l\u2019estiu ja truca a la porta? Qui ho diria, oi? Amb el fred que fa!<\/p>\n<p style=\"text-align: justify;\">Sabeu qu\u00e8 els encanta fer al Follet Poeta i a la Bruixa Fabreta quan arriba l\u2019estiu? Ho heu encertat: asseure\u2019s a la fresca amb un bon llibre!<br \/>\nPer\u00f2 \u00e9s clar&#8230; hi ha tants llibres a escollir! Doncs b\u00e9, aqu\u00ed teniu una llista amb quatre recomanacions que potser us ajuden una mica. I si no, recordeu que en algun rac\u00f3 a prop vostre hi ha un bibliotecari, una bibliotec\u00e0ria, un llibreter o una llibretera amb una recomanaci\u00f3 a punt!<\/p>\n<p style=\"text-align: justify;\">Al document que teniu a continuaci\u00f3, hi trobareu les recomanacions. Tot i que \u00e9s molt dif\u00edcil determinar l&#8217;edat adequada per a un llibre, teniu algunes pistes (gomet blau: cicle inicial \/ gomet vermell: cicle mitj\u00e0 \/ gomet verd: cicle superior).<\/p>\n<p style=\"text-align: justify;\">***<br \/>\nNo us volem entretenir m\u00e9s. Un bon grapat d\u2019hist\u00f2ries apassionants us estan esperant!<\/p>\n<p style=\"text-align: justify;\">[gview file=&#8221;https:\/\/agora.xtec.cat\/escolacanfabra\/wp-content\/uploads\/usu1954\/2017\/06\/Lestiu-un-bon-moment-per-llegir.pdf&#8221;]<\/p>\n","protected":false},"excerpt":{"rendered":"<p>Heu notat que l\u2019estiu ja truca a la porta? Qui ho diria, oi? Amb el fred que fa! Sabeu qu\u00e8 els encanta fer al Follet Poeta i a la Bruixa Fabreta quan arriba l\u2019estiu? Ho heu encertat: asseure\u2019s a la fresca amb un bon llibre! Per\u00f2 \u00e9s clar&#8230; hi ha tants llibres a escollir! Doncs [&hellip;]<\/p>\n","protected":false},"author":3,"featured_media":0,"comment_status":"open","ping_status":"open","sticky":false,"template":"","format":"standard","meta":{"_bbp_topic_count":0,"_bbp_reply_count":0,"_bbp_total_topic_count":0,"_bbp_total_reply_count":0,"_bbp_voice_count":0,"_bbp_anonymous_reply_count":0,"_bbp_topic_count_hidden":0,"_bbp_reply_count_hidden":0,"_bbp_forum_subforum_count":0,"site-sidebar-layout":"default","site-content-layout":"","ast-site-content-layout":"","site-content-style":"default","site-sidebar-style":"default","ast-global-header-display":"","ast-banner-title-visibility":"","ast-main-header-display":"","ast-hfb-above-header-display":"","ast-hfb-below-header-display":"","ast-hfb-mobile-header-display":"","site-post-title":"","ast-breadcrumbs-content":"","ast-featured-img":"","footer-sml-layout":"","theme-transparent-header-meta":"","adv-header-id-meta":"","stick-header-meta":"","header-above-stick-meta":"","header-main-stick-meta":"","header-below-stick-meta":"","astra-migrate-meta-layouts":"default","ast-page-background-enabled":"default","ast-page-background-meta":{"desktop":{"background-color":"var(--ast-global-color-5)","background-image":"","background-repeat":"repeat","background-position":"center center","background-size":"auto","background-attachment":"scroll","background-type":"","background-media":"","overlay-type":"","overlay-color":"","overlay-opacity":"","overlay-gradient":""},"tablet":{"background-color":"","background-image":"","background-repeat":"repeat","background-position":"center center","background-size":"auto","background-attachment":"scroll","background-type":"","background-media":"","overlay-type":"","overlay-color":"","overlay-opacity":"","overlay-gradient":""},"mobile":{"background-color":"","background-image":"","background-repeat":"repeat","background-position":"center center","background-size":"auto","background-attachment":"scroll","background-type":"","background-media":"","overlay-type":"","overlay-color":"","overlay-opacity":"","overlay-gradient":""}},"ast-content-background-meta":{"desktop":{"background-color":"var(--ast-global-color-4)","background-image":"","background-repeat":"repeat","background-position":"center center","background-size":"auto","background-attachment":"scroll","background-type":"","background-media":"","overlay-type":"","overlay-color":"","overlay-opacity":"","overlay-gradient":""},"tablet":{"background-color":"var(--ast-global-color-4)","background-image":"","background-repeat":"repeat","background-position":"center center","background-size":"auto","background-attachment":"scroll","background-type":"","background-media":"","overlay-type":"","overlay-color":"","overlay-opacity":"","overlay-gradient":""},"mobile":{"background-color":"var(--ast-global-color-4)","background-image":"","background-repeat":"repeat","background-position":"center center","background-size":"auto","background-attachment":"scroll","background-type":"","background-media":"","overlay-type":"","overlay-color":"","overlay-opacity":"","overlay-gradient":""}},"footnotes":""},"categories":[72,65,62,71],"tags":[193,132,200],"class_list":["post-13741","post","type-post","status-publish","format-standard","hentry","category-biblioteca","category-nascuts-2006","category-nascuts-2010","category-noticies","tag-biblioteca","tag-estiu","tag-recomanacions"],"post_mailing_queue_ids":[],"_links":{"self":[{"href":"https:\/\/agora.xtec.cat\/escolacanfabra\/wp-json\/wp\/v2\/posts\/13741","targetHints":{"allow":["GET"]}}],"collection":[{"href":"https:\/\/agora.xtec.cat\/escolacanfabra\/wp-json\/wp\/v2\/posts"}],"about":[{"href":"https:\/\/agora.xtec.cat\/escolacanfabra\/wp-json\/wp\/v2\/types\/post"}],"author":[{"embeddable":true,"href":"https:\/\/agora.xtec.cat\/escolacanfabra\/wp-json\/wp\/v2\/users\/3"}],"replies":[{"embeddable":true,"href":"https:\/\/agora.xtec.cat\/escolacanfabra\/wp-json\/wp\/v2\/comments?post=13741"}],"version-history":[{"count":0,"href":"https:\/\/agora.xtec.cat\/escolacanfabra\/wp-json\/wp\/v2\/posts\/13741\/revisions"}],"wp:attachment":[{"href":"https:\/\/agora.xtec.cat\/escolacanfabra\/wp-json\/wp\/v2\/media?parent=13741"}],"wp:term":[{"taxonomy":"category","embeddable":true,"href":"https:\/\/agora.xtec.cat\/escolacanfabra\/wp-json\/wp\/v2\/categories?post=13741"},{"taxonomy":"post_tag","embeddable":true,"href":"https:\/\/agora.xtec.cat\/escolacanfabra\/wp-json\/wp\/v2\/tags?post=13741"}],"curies":[{"name":"wp","href":"https:\/\/api.w.org\/{rel}","templated":true}]}}