{"id":12172,"date":"2017-03-12T11:36:50","date_gmt":"2017-03-12T09:36:50","guid":{"rendered":"http:\/\/escolacanfabra.cat\/?p=12172"},"modified":"2017-03-12T11:36:50","modified_gmt":"2017-03-12T09:36:50","slug":"com-funciona-la-llum","status":"publish","type":"post","link":"https:\/\/agora.xtec.cat\/escolacanfabra\/nascuts-2006\/com-funciona-la-llum\/","title":{"rendered":"Com funciona la llum?"},"content":{"rendered":"<p>Per a respondre a aquesta pregunta, els Reporters i les Reporteres de 5\u00e8C van estar experimentant amb lots i cossos diferents. Despr\u00e9s, varen compartir les seves descobertes amb formats diferents:<\/p>\n<div style=\"position: relative; height: 0; padding-bottom: 56.25%;\"><iframe loading=\"lazy\" style=\"position: absolute; width: 100%; height: 100%; left: 0;\" src=\"https:\/\/www.youtube.com\/embed\/s71j1flsng8?ecver=2\" width=\"640\" height=\"360\" frameborder=\"0\" allowfullscreen=\"allowfullscreen\"><\/iframe><\/div>\n<p>El v\u00eddeo d&#8217;en Biel, la Martina i en Pau R. va ser nom\u00e9s, l&#8217;inici: despr\u00e9s, varen decidir fer un mapa conceptual en l\u00ednia:<\/p>\n<p><a href=\"https:\/\/agora.xtec.cat\/escolacanfabra\/wp-content\/uploads\/usu1954\/2017\/03\/biel-martina-i-pau-r.png\"><img loading=\"lazy\" decoding=\"async\" class=\"alignnone size-full wp-image-12176\" src=\"https:\/\/agora.xtec.cat\/escolacanfabra\/wp-content\/uploads\/usu1954\/2017\/03\/biel-martina-i-pau-r.png\" alt=\"biel, martina i pau r\" width=\"1000\" height=\"750\" srcset=\"https:\/\/agora.xtec.cat\/escolacanfabra\/wp-content\/uploads\/usu1954\/2017\/03\/biel-martina-i-pau-r.png 1000w, https:\/\/agora.xtec.cat\/escolacanfabra\/wp-content\/uploads\/usu1954\/2017\/03\/biel-martina-i-pau-r-300x225.png 300w, https:\/\/agora.xtec.cat\/escolacanfabra\/wp-content\/uploads\/usu1954\/2017\/03\/biel-martina-i-pau-r-768x576.png 768w, https:\/\/agora.xtec.cat\/escolacanfabra\/wp-content\/uploads\/usu1954\/2017\/03\/biel-martina-i-pau-r-200x150.png 200w\" sizes=\"auto, (max-width: 1000px) 100vw, 1000px\" \/><\/a><\/p>\n<p>En Nil, la J\u00falia V. i en Pau C. ho van intentar amb un v\u00eddeo, tamb\u00e9:<\/p>\n<div style=\"position: relative; height: 0; padding-bottom: 56.25%;\"><iframe loading=\"lazy\" style=\"position: absolute; width: 100%; height: 100%; left: 0;\" src=\"https:\/\/www.youtube.com\/embed\/HuQMPdHFLAM?ecver=2\" width=\"640\" height=\"360\" frameborder=\"0\" allowfullscreen=\"allowfullscreen\"><\/iframe><\/div>\n<p>L&#8217;Amira, l&#8217;Edurne i la Luc\u00eda van optar per un mapa conceptual en un p\u00f2ster:<\/p>\n<p><a href=\"https:\/\/agora.xtec.cat\/escolacanfabra\/wp-content\/uploads\/usu1954\/2017\/03\/amira1.jpg\"><img loading=\"lazy\" decoding=\"async\" src=\"https:\/\/agora.xtec.cat\/escolacanfabra\/wp-content\/uploads\/usu1954\/2017\/03\/amira1.jpg\" alt=\"amira\" width=\"1000\" height=\"562\" class=\"alignnone size-full wp-image-12175\" srcset=\"https:\/\/agora.xtec.cat\/escolacanfabra\/wp-content\/uploads\/usu1954\/2017\/03\/amira1.jpg 1000w, https:\/\/agora.xtec.cat\/escolacanfabra\/wp-content\/uploads\/usu1954\/2017\/03\/amira1-300x169.jpg 300w, https:\/\/agora.xtec.cat\/escolacanfabra\/wp-content\/uploads\/usu1954\/2017\/03\/amira1-768x432.jpg 768w\" sizes=\"auto, (max-width: 1000px) 100vw, 1000px\" \/><\/a><\/p>\n<p>Tamb\u00e9 ho van fer aix\u00ed en V\u00edctor, l&#8217;Anna A., en Marc i la Georgia:<\/p>\n<p><a href=\"https:\/\/agora.xtec.cat\/escolacanfabra\/wp-content\/uploads\/usu1954\/2017\/03\/marc-anna-a-victor-i-georgia.jpg\"><img loading=\"lazy\" decoding=\"async\" src=\"https:\/\/agora.xtec.cat\/escolacanfabra\/wp-content\/uploads\/usu1954\/2017\/03\/marc-anna-a-victor-i-georgia.jpg\" alt=\"marc, anna a, victor i georgia\" width=\"1000\" height=\"562\" class=\"alignnone size-full wp-image-12177\" srcset=\"https:\/\/agora.xtec.cat\/escolacanfabra\/wp-content\/uploads\/usu1954\/2017\/03\/marc-anna-a-victor-i-georgia.jpg 1000w, https:\/\/agora.xtec.cat\/escolacanfabra\/wp-content\/uploads\/usu1954\/2017\/03\/marc-anna-a-victor-i-georgia-300x169.jpg 300w, https:\/\/agora.xtec.cat\/escolacanfabra\/wp-content\/uploads\/usu1954\/2017\/03\/marc-anna-a-victor-i-georgia-768x432.jpg 768w\" sizes=\"auto, (max-width: 1000px) 100vw, 1000px\" \/><\/a><\/p>\n<p>La Mia, la Telma, la Jesica i l&#8217;Ivan tamb\u00e9 van escollir el v\u00eddeo per fer les seves explicacions:<\/p>\n<div style=\"position:relative;height:0;padding-bottom:56.25%\"><iframe loading=\"lazy\" src=\"https:\/\/www.youtube.com\/embed\/UtM1wSHUzCk?ecver=2\" width=\"640\" height=\"360\" frameborder=\"0\" style=\"position:absolute;width:100%;height:100%;left:0\" allowfullscreen><\/iframe><\/div>\n<p>La Daniela, l&#8217;Olga i la J\u00falia M. van optar en canvi per un mapa conceptual en paper: <\/p>\n<p><a href=\"https:\/\/agora.xtec.cat\/escolacanfabra\/wp-content\/uploads\/usu1954\/2017\/03\/daniela-olga-i-j\u00falia-m.jpg\"><img loading=\"lazy\" decoding=\"async\" src=\"https:\/\/agora.xtec.cat\/escolacanfabra\/wp-content\/uploads\/usu1954\/2017\/03\/daniela-olga-i-j\u00falia-m.jpg\" alt=\"daniela, olga i j\u00falia m\" width=\"1000\" height=\"562\" class=\"alignnone size-full wp-image-12179\" srcset=\"https:\/\/agora.xtec.cat\/escolacanfabra\/wp-content\/uploads\/usu1954\/2017\/03\/daniela-olga-i-j\u00falia-m.jpg 1000w, https:\/\/agora.xtec.cat\/escolacanfabra\/wp-content\/uploads\/usu1954\/2017\/03\/daniela-olga-i-j\u00falia-m-300x169.jpg 300w, https:\/\/agora.xtec.cat\/escolacanfabra\/wp-content\/uploads\/usu1954\/2017\/03\/daniela-olga-i-j\u00falia-m-768x432.jpg 768w\" sizes=\"auto, (max-width: 1000px) 100vw, 1000px\" \/><\/a><\/p>\n<p>Vam veure que hi ha moltes maneres d&#8217;investigar i d&#8217;explicar-ne els resultats: aix\u00ed tothom pot triar el que li agrada m\u00e9s i se li d\u00f3na millor. Per\u00f2 hem d&#8217;estar preparats per fer servir diferents formats per a transmetre la informaci\u00f3. <\/p>\n","protected":false},"excerpt":{"rendered":"<p>Per a respondre a aquesta pregunta, els Reporters i les Reporteres de 5\u00e8C van estar experimentant amb lots i cossos diferents. Despr\u00e9s, varen compartir les seves descobertes amb formats diferents: El v\u00eddeo d&#8217;en Biel, la Martina i en Pau R. va ser nom\u00e9s, l&#8217;inici: despr\u00e9s, varen decidir fer un mapa conceptual en l\u00ednia: En Nil, [&hellip;]<\/p>\n","protected":false},"author":3,"featured_media":0,"comment_status":"open","ping_status":"open","sticky":false,"template":"","format":"standard","meta":{"_bbp_topic_count":0,"_bbp_reply_count":0,"_bbp_total_topic_count":0,"_bbp_total_reply_count":0,"_bbp_voice_count":0,"_bbp_anonymous_reply_count":0,"_bbp_topic_count_hidden":0,"_bbp_reply_count_hidden":0,"_bbp_forum_subforum_count":0,"site-sidebar-layout":"default","site-content-layout":"","ast-site-content-layout":"","site-content-style":"default","site-sidebar-style":"default","ast-global-header-display":"","ast-banner-title-visibility":"","ast-main-header-display":"","ast-hfb-above-header-display":"","ast-hfb-below-header-display":"","ast-hfb-mobile-header-display":"","site-post-title":"","ast-breadcrumbs-content":"","ast-featured-img":"","footer-sml-layout":"","theme-transparent-header-meta":"","adv-header-id-meta":"","stick-header-meta":"","header-above-stick-meta":"","header-main-stick-meta":"","header-below-stick-meta":"","astra-migrate-meta-layouts":"default","ast-page-background-enabled":"default","ast-page-background-meta":{"desktop":{"background-color":"var(--ast-global-color-5)","background-image":"","background-repeat":"repeat","background-position":"center center","background-size":"auto","background-attachment":"scroll","background-type":"","background-media":"","overlay-type":"","overlay-color":"","overlay-opacity":"","overlay-gradient":""},"tablet":{"background-color":"","background-image":"","background-repeat":"repeat","background-position":"center center","background-size":"auto","background-attachment":"scroll","background-type":"","background-media":"","overlay-type":"","overlay-color":"","overlay-opacity":"","overlay-gradient":""},"mobile":{"background-color":"","background-image":"","background-repeat":"repeat","background-position":"center center","background-size":"auto","background-attachment":"scroll","background-type":"","background-media":"","overlay-type":"","overlay-color":"","overlay-opacity":"","overlay-gradient":""}},"ast-content-background-meta":{"desktop":{"background-color":"var(--ast-global-color-4)","background-image":"","background-repeat":"repeat","background-position":"center center","background-size":"auto","background-attachment":"scroll","background-type":"","background-media":"","overlay-type":"","overlay-color":"","overlay-opacity":"","overlay-gradient":""},"tablet":{"background-color":"var(--ast-global-color-4)","background-image":"","background-repeat":"repeat","background-position":"center center","background-size":"auto","background-attachment":"scroll","background-type":"","background-media":"","overlay-type":"","overlay-color":"","overlay-opacity":"","overlay-gradient":""},"mobile":{"background-color":"var(--ast-global-color-4)","background-image":"","background-repeat":"repeat","background-position":"center center","background-size":"auto","background-attachment":"scroll","background-type":"","background-media":"","overlay-type":"","overlay-color":"","overlay-opacity":"","overlay-gradient":""}},"footnotes":""},"categories":[65],"tags":[],"class_list":["post-12172","post","type-post","status-publish","format-standard","hentry","category-nascuts-2006"],"post_mailing_queue_ids":[],"_links":{"self":[{"href":"https:\/\/agora.xtec.cat\/escolacanfabra\/wp-json\/wp\/v2\/posts\/12172","targetHints":{"allow":["GET"]}}],"collection":[{"href":"https:\/\/agora.xtec.cat\/escolacanfabra\/wp-json\/wp\/v2\/posts"}],"about":[{"href":"https:\/\/agora.xtec.cat\/escolacanfabra\/wp-json\/wp\/v2\/types\/post"}],"author":[{"embeddable":true,"href":"https:\/\/agora.xtec.cat\/escolacanfabra\/wp-json\/wp\/v2\/users\/3"}],"replies":[{"embeddable":true,"href":"https:\/\/agora.xtec.cat\/escolacanfabra\/wp-json\/wp\/v2\/comments?post=12172"}],"version-history":[{"count":0,"href":"https:\/\/agora.xtec.cat\/escolacanfabra\/wp-json\/wp\/v2\/posts\/12172\/revisions"}],"wp:attachment":[{"href":"https:\/\/agora.xtec.cat\/escolacanfabra\/wp-json\/wp\/v2\/media?parent=12172"}],"wp:term":[{"taxonomy":"category","embeddable":true,"href":"https:\/\/agora.xtec.cat\/escolacanfabra\/wp-json\/wp\/v2\/categories?post=12172"},{"taxonomy":"post_tag","embeddable":true,"href":"https:\/\/agora.xtec.cat\/escolacanfabra\/wp-json\/wp\/v2\/tags?post=12172"}],"curies":[{"name":"wp","href":"https:\/\/api.w.org\/{rel}","templated":true}]}}