{"id":12158,"date":"2017-03-10T16:29:50","date_gmt":"2017-03-10T14:29:50","guid":{"rendered":"http:\/\/escolacanfabra.cat\/?p=12158"},"modified":"2017-03-10T16:29:50","modified_gmt":"2017-03-10T14:29:50","slug":"bona-tarda-families-de-5eb","status":"publish","type":"post","link":"https:\/\/agora.xtec.cat\/escolacanfabra\/nascuts-2006\/bona-tarda-families-de-5eb\/","title":{"rendered":"Bona tarda fam\u00edlies de 5\u00e8B"},"content":{"rendered":"<p>Com ja sabreu, aquests dies ens hem estat fen una activitat de cloenda del projecte. Per acabar de contestar algunes preguntes, hem fet una classe de dansa i hem trobat les respostes.<\/p>\n<p>Les preguntes eren:<\/p>\n<p>-Podem bellugar-nos com els felins?<br \/>\n-Els ballarins ballen amb les emocions?<br \/>\n-Poden representar les emocions amb els quatre elements?<br \/>\n-Els quatre elements es poden representar ballant?<\/p>\n<p>Aquestes sessions les hem fet amb una professional del mon de la dansa, la Marta Almitrany. Primer va venir un dia a l\u00b4escola perqu\u00e8 li expliqu\u00e9ssim com era el nostre projecte i que vol\u00edem aprendre. En base a la informaci\u00f3 que li vam donar va dissenyar les sessions i la coreografia final. Va fer dos sessions nom\u00e9s amb mig grups i la tercera ens vam ajuntar tots per fer la coreografia final.<\/p>\n<p>Al primer v\u00eddeo trobareu un recull de la preparaci\u00f3. Al segon la dansa final.<\/p>\n<p>El resultat final ha sigut espectacular, tenint en compte que nom\u00e9s van assajar dues hores i mitja! Tots s\u00b4ho han passat molt b\u00e9 a les sessions i jo tamb\u00e9.<\/p>\n<p>Desitjo que us agradi i que gaudiu amb els vostres fills\/es mirant-lo.<\/p>\n<p>Estela<\/p>\n<div style=\"position: relative; height: 0; padding-bottom: 56.25%;\"><iframe loading=\"lazy\" style=\"position: absolute; width: 100%; height: 100%; left: 0;\" src=\"https:\/\/www.youtube-nocookie.com\/embed\/yooipZoMgfI?rel=0?ecver=2\" width=\"640\" height=\"360\" frameborder=\"0\" allowfullscreen=\"allowfullscreen\"><\/iframe><\/div>\n<p>&nbsp;<\/p>\n<div style=\"position: relative; height: 0; padding-bottom: 56.25%;\"><iframe loading=\"lazy\" style=\"position: absolute; width: 100%; height: 100%; left: 0;\" src=\"https:\/\/www.youtube-nocookie.com\/embed\/_cOcFJA0Z1Y?rel=0?ecver=2\" width=\"640\" height=\"360\" frameborder=\"0\" allowfullscreen=\"allowfullscreen\"><\/iframe><\/div>\n","protected":false},"excerpt":{"rendered":"<p>Com ja sabreu, aquests dies ens hem estat fen una activitat de cloenda del projecte. Per acabar de contestar algunes preguntes, hem fet una classe de dansa i hem trobat les respostes. Les preguntes eren: -Podem bellugar-nos com els felins? -Els ballarins ballen amb les emocions? -Poden representar les emocions amb els quatre elements? -Els [&hellip;]<\/p>\n","protected":false},"author":3,"featured_media":0,"comment_status":"open","ping_status":"open","sticky":false,"template":"","format":"standard","meta":{"_bbp_topic_count":0,"_bbp_reply_count":0,"_bbp_total_topic_count":0,"_bbp_total_reply_count":0,"_bbp_voice_count":0,"_bbp_anonymous_reply_count":0,"_bbp_topic_count_hidden":0,"_bbp_reply_count_hidden":0,"_bbp_forum_subforum_count":0,"site-sidebar-layout":"default","site-content-layout":"","ast-site-content-layout":"","site-content-style":"default","site-sidebar-style":"default","ast-global-header-display":"","ast-banner-title-visibility":"","ast-main-header-display":"","ast-hfb-above-header-display":"","ast-hfb-below-header-display":"","ast-hfb-mobile-header-display":"","site-post-title":"","ast-breadcrumbs-content":"","ast-featured-img":"","footer-sml-layout":"","theme-transparent-header-meta":"","adv-header-id-meta":"","stick-header-meta":"","header-above-stick-meta":"","header-main-stick-meta":"","header-below-stick-meta":"","astra-migrate-meta-layouts":"default","ast-page-background-enabled":"default","ast-page-background-meta":{"desktop":{"background-color":"var(--ast-global-color-5)","background-image":"","background-repeat":"repeat","background-position":"center center","background-size":"auto","background-attachment":"scroll","background-type":"","background-media":"","overlay-type":"","overlay-color":"","overlay-opacity":"","overlay-gradient":""},"tablet":{"background-color":"","background-image":"","background-repeat":"repeat","background-position":"center center","background-size":"auto","background-attachment":"scroll","background-type":"","background-media":"","overlay-type":"","overlay-color":"","overlay-opacity":"","overlay-gradient":""},"mobile":{"background-color":"","background-image":"","background-repeat":"repeat","background-position":"center center","background-size":"auto","background-attachment":"scroll","background-type":"","background-media":"","overlay-type":"","overlay-color":"","overlay-opacity":"","overlay-gradient":""}},"ast-content-background-meta":{"desktop":{"background-color":"var(--ast-global-color-4)","background-image":"","background-repeat":"repeat","background-position":"center center","background-size":"auto","background-attachment":"scroll","background-type":"","background-media":"","overlay-type":"","overlay-color":"","overlay-opacity":"","overlay-gradient":""},"tablet":{"background-color":"var(--ast-global-color-4)","background-image":"","background-repeat":"repeat","background-position":"center center","background-size":"auto","background-attachment":"scroll","background-type":"","background-media":"","overlay-type":"","overlay-color":"","overlay-opacity":"","overlay-gradient":""},"mobile":{"background-color":"var(--ast-global-color-4)","background-image":"","background-repeat":"repeat","background-position":"center center","background-size":"auto","background-attachment":"scroll","background-type":"","background-media":"","overlay-type":"","overlay-color":"","overlay-opacity":"","overlay-gradient":""}},"footnotes":""},"categories":[65],"tags":[],"class_list":["post-12158","post","type-post","status-publish","format-standard","hentry","category-nascuts-2006"],"post_mailing_queue_ids":[],"_links":{"self":[{"href":"https:\/\/agora.xtec.cat\/escolacanfabra\/wp-json\/wp\/v2\/posts\/12158","targetHints":{"allow":["GET"]}}],"collection":[{"href":"https:\/\/agora.xtec.cat\/escolacanfabra\/wp-json\/wp\/v2\/posts"}],"about":[{"href":"https:\/\/agora.xtec.cat\/escolacanfabra\/wp-json\/wp\/v2\/types\/post"}],"author":[{"embeddable":true,"href":"https:\/\/agora.xtec.cat\/escolacanfabra\/wp-json\/wp\/v2\/users\/3"}],"replies":[{"embeddable":true,"href":"https:\/\/agora.xtec.cat\/escolacanfabra\/wp-json\/wp\/v2\/comments?post=12158"}],"version-history":[{"count":0,"href":"https:\/\/agora.xtec.cat\/escolacanfabra\/wp-json\/wp\/v2\/posts\/12158\/revisions"}],"wp:attachment":[{"href":"https:\/\/agora.xtec.cat\/escolacanfabra\/wp-json\/wp\/v2\/media?parent=12158"}],"wp:term":[{"taxonomy":"category","embeddable":true,"href":"https:\/\/agora.xtec.cat\/escolacanfabra\/wp-json\/wp\/v2\/categories?post=12158"},{"taxonomy":"post_tag","embeddable":true,"href":"https:\/\/agora.xtec.cat\/escolacanfabra\/wp-json\/wp\/v2\/tags?post=12158"}],"curies":[{"name":"wp","href":"https:\/\/api.w.org\/{rel}","templated":true}]}}