{"id":11982,"date":"2017-02-27T15:56:03","date_gmt":"2017-02-27T13:56:03","guid":{"rendered":"http:\/\/escolacanfabra.cat\/?p=11982"},"modified":"2017-02-27T15:56:03","modified_gmt":"2017-02-27T13:56:03","slug":"el-bosc-encantat-arriba-a-can-fabra-per-carnaval","status":"publish","type":"post","link":"https:\/\/agora.xtec.cat\/escolacanfabra\/nascuts-2011\/el-bosc-encantat-arriba-a-can-fabra-per-carnaval\/","title":{"rendered":"El bosc encantat arriba a Can Fabra per Carnaval"},"content":{"rendered":"<p>Com cada mes d\u00b4any, quan arriba el mes de febrer, arriba una de les setmanes m\u00e9s divertides, engrescadores i alegres de l\u00b4any: la setmana de Carnaval!! I amb ella les consignes, les activitats compartides, la sortida al Mercat de Sant Andreu, la celebraci\u00f3 de Dijous Gras i finalment, el moment m\u00e9s esperat per grans i petits: la Desfilada!!!<\/p>\n<p>Aquest any la nostra escola s\u00b4ha convertit en un MERAVELL\u00d3S bosc encantat: ple d\u00b4arbres, plantes, animalets, insectes i personatges fant\u00e0stics&#8230; que ens ha acompanyat i transportat al m\u00f3n m\u00e0gic de la fantasia, durant aquests dies de gresca i xerinola.<\/p>\n<p>Us fem arribar un petit tastet d\u00b4imatges d\u00b4aquests dies on el Rei Carnestoltes ens ha guiat pels camins de la rialla i a la disbauxa: FELI\u00c7 CARNAVAL A TOTA LA FAM\u00cdLIA FABRENCA!! <\/p>\n<p>Continuar\u00e0&#8230;<\/p>\n<p><ins datetime=\"2017-02-27T12:49:34+00:00\"><iframe loading=\"lazy\" src=\"https:\/\/player.vimeo.com\/video\/205884059\" width=\"640\" height=\"480\" frameborder=\"0\" webkitallowfullscreen mozallowfullscreen allowfullscreen><\/iframe><\/p>\n<p><a href=\"https:\/\/vimeo.com\/205884059\">El bosc encantat arriba a Can Fabra per Carnaval<\/a> from <a href=\"https:\/\/vimeo.com\/user19298989\">Escola Can Fabra<\/a> on <a href=\"https:\/\/vimeo.com\">Vimeo<\/a>.<\/p>\n","protected":false},"excerpt":{"rendered":"<p>Com cada mes d\u00b4any, quan arriba el mes de febrer, arriba una de les setmanes m\u00e9s divertides, engrescadores i alegres de l\u00b4any: la setmana de Carnaval!! I amb ella les consignes, les activitats compartides, la sortida al Mercat de Sant Andreu, la celebraci\u00f3 de Dijous Gras i finalment, el moment m\u00e9s esperat per grans i [&hellip;]<\/p>\n","protected":false},"author":3,"featured_media":0,"comment_status":"open","ping_status":"open","sticky":false,"template":"","format":"standard","meta":{"_bbp_topic_count":0,"_bbp_reply_count":0,"_bbp_total_topic_count":0,"_bbp_total_reply_count":0,"_bbp_voice_count":0,"_bbp_anonymous_reply_count":0,"_bbp_topic_count_hidden":0,"_bbp_reply_count_hidden":0,"_bbp_forum_subforum_count":0,"site-sidebar-layout":"default","site-content-layout":"","ast-site-content-layout":"","site-content-style":"default","site-sidebar-style":"default","ast-global-header-display":"","ast-banner-title-visibility":"","ast-main-header-display":"","ast-hfb-above-header-display":"","ast-hfb-below-header-display":"","ast-hfb-mobile-header-display":"","site-post-title":"","ast-breadcrumbs-content":"","ast-featured-img":"","footer-sml-layout":"","theme-transparent-header-meta":"","adv-header-id-meta":"","stick-header-meta":"","header-above-stick-meta":"","header-main-stick-meta":"","header-below-stick-meta":"","astra-migrate-meta-layouts":"default","ast-page-background-enabled":"default","ast-page-background-meta":{"desktop":{"background-color":"var(--ast-global-color-5)","background-image":"","background-repeat":"repeat","background-position":"center center","background-size":"auto","background-attachment":"scroll","background-type":"","background-media":"","overlay-type":"","overlay-color":"","overlay-opacity":"","overlay-gradient":""},"tablet":{"background-color":"","background-image":"","background-repeat":"repeat","background-position":"center center","background-size":"auto","background-attachment":"scroll","background-type":"","background-media":"","overlay-type":"","overlay-color":"","overlay-opacity":"","overlay-gradient":""},"mobile":{"background-color":"","background-image":"","background-repeat":"repeat","background-position":"center center","background-size":"auto","background-attachment":"scroll","background-type":"","background-media":"","overlay-type":"","overlay-color":"","overlay-opacity":"","overlay-gradient":""}},"ast-content-background-meta":{"desktop":{"background-color":"var(--ast-global-color-4)","background-image":"","background-repeat":"repeat","background-position":"center center","background-size":"auto","background-attachment":"scroll","background-type":"","background-media":"","overlay-type":"","overlay-color":"","overlay-opacity":"","overlay-gradient":""},"tablet":{"background-color":"var(--ast-global-color-4)","background-image":"","background-repeat":"repeat","background-position":"center center","background-size":"auto","background-attachment":"scroll","background-type":"","background-media":"","overlay-type":"","overlay-color":"","overlay-opacity":"","overlay-gradient":""},"mobile":{"background-color":"var(--ast-global-color-4)","background-image":"","background-repeat":"repeat","background-position":"center center","background-size":"auto","background-attachment":"scroll","background-type":"","background-media":"","overlay-type":"","overlay-color":"","overlay-opacity":"","overlay-gradient":""}},"footnotes":""},"categories":[65,62,61,133,82,71],"tags":[],"class_list":["post-11982","post","type-post","status-publish","format-standard","hentry","category-nascuts-2006","category-nascuts-2010","category-nascuts-2011","category-nascuts-2012","category-nascuts-2013","category-noticies"],"post_mailing_queue_ids":[],"_links":{"self":[{"href":"https:\/\/agora.xtec.cat\/escolacanfabra\/wp-json\/wp\/v2\/posts\/11982","targetHints":{"allow":["GET"]}}],"collection":[{"href":"https:\/\/agora.xtec.cat\/escolacanfabra\/wp-json\/wp\/v2\/posts"}],"about":[{"href":"https:\/\/agora.xtec.cat\/escolacanfabra\/wp-json\/wp\/v2\/types\/post"}],"author":[{"embeddable":true,"href":"https:\/\/agora.xtec.cat\/escolacanfabra\/wp-json\/wp\/v2\/users\/3"}],"replies":[{"embeddable":true,"href":"https:\/\/agora.xtec.cat\/escolacanfabra\/wp-json\/wp\/v2\/comments?post=11982"}],"version-history":[{"count":0,"href":"https:\/\/agora.xtec.cat\/escolacanfabra\/wp-json\/wp\/v2\/posts\/11982\/revisions"}],"wp:attachment":[{"href":"https:\/\/agora.xtec.cat\/escolacanfabra\/wp-json\/wp\/v2\/media?parent=11982"}],"wp:term":[{"taxonomy":"category","embeddable":true,"href":"https:\/\/agora.xtec.cat\/escolacanfabra\/wp-json\/wp\/v2\/categories?post=11982"},{"taxonomy":"post_tag","embeddable":true,"href":"https:\/\/agora.xtec.cat\/escolacanfabra\/wp-json\/wp\/v2\/tags?post=11982"}],"curies":[{"name":"wp","href":"https:\/\/api.w.org\/{rel}","templated":true}]}}