{"id":10146,"date":"2016-06-22T11:57:38","date_gmt":"2016-06-22T09:57:38","guid":{"rendered":"http:\/\/escolacanfabra.cat\/?p=10146"},"modified":"2016-06-22T11:57:38","modified_gmt":"2016-06-22T09:57:38","slug":"curs-201617-nova-escola","status":"publish","type":"post","link":"https:\/\/agora.xtec.cat\/escolacanfabra\/noticies\/curs-201617-nova-escola\/","title":{"rendered":"Comen\u00e7arem curs 2016\/17 a la Nova Escola"},"content":{"rendered":"<div><\/div>\n<div id=\"yui_3_16_0_ym19_1_1466589327721_2469\">Aquest mat\u00ed hem tingut \u00a0la reuni\u00f3 anunciada amb directius de totes les administracions implicades en les decisions que afecten a la construcci\u00f3 del nou edifici de l\u2019escola (Director General de Centres P\u00fablics del Departament d\u2019Ensenyament, Gerent del Consorci d\u2019Educaci\u00f3, Gerent del Districte, Director d\u2019edificacions d\u2019Infraestructures, Consellera d\u2019educaci\u00f3 del districte, un representant de l\u2019empresa constructora i els t\u00e8cnics de la direcci\u00f3 facultativa de les obres entre d\u2019altres).<br \/>\nEn aquesta reuni\u00f3 ens han presentat la seg\u00fcent proposta sorgida d\u2019un proc\u00e9s de recalendaritzaci\u00f3 de les obres, que respon a una posada en servei de l\u2019edifici en quatre fases diferenciades:<\/p>\n<ul id=\"yui_3_16_0_ym19_1_1466589327721_2497\">\n<li id=\"yui_3_16_0_ym19_1_1466589327721_2496\">El dia 2 de setembre es permetr\u00e0 l\u2019entrada a l\u2019equip docent per iniciar el trasllat i log\u00edstica.<\/li>\n<li id=\"yui_3_16_0_ym19_1_1466589327721_2499\"><strong id=\"yui_3_16_0_ym19_1_1466589327721_2498\">El dia 12 de setembre tot l\u2019alumnat de Can Fabra ocupar\u00e0 les seves aules en el nou edifici.<\/strong> Tamb\u00e9 estar\u00e0 disponible la pista poliesportiva.<\/li>\n<li id=\"yui_3_16_0_ym19_1_1466589327721_2500\">El dia 29 de setembre finalitzaran els treballs en la resta de zones de la planta baixa (gimn\u00e0s, menjador i \u00e0rea d\u2019administraci\u00f3).<\/li>\n<li id=\"yui_3_16_0_ym19_1_1466589327721_2501\">No m\u00e9s tard del gener 2017 l\u2019edifici ser\u00e0 operatiu al 100% amb l\u2019execuci\u00f3 de l\u2019equipament pendent de la cuina, que actualment es troba en fase d\u2019adjudicaci\u00f3 de projecte i disposa de la dotaci\u00f3 pressupost\u00e0ria pertinent.<\/li>\n<\/ul>\n<p>La posada en marxa de tot l\u2019aulari de l\u2019edifici queda garantida no tan sols a nivell de terminis d\u2019execuci\u00f3 d\u2019obra sin\u00f3 tamb\u00e9 amb les corresponents legalitzacions i autoritzacions que es requereixen, aix\u00ed com els subministraments de serveis necessaris ja siguin provisionals o definitius.<br \/>\nDes de la Junta fem una valoraci\u00f3 positiva d\u2019aquesta proposta que respon al mandat de l\u2019assemblea. No obstant aix\u00f2 des de la junta, la comissi\u00f3 d\u2019obres i l\u2019escola farem el seguiment de tot el proc\u00e9s. Us en mantindrem informats.<br \/>\nGr\u00e0cies a l\u2019esfor\u00e7 realitzat per les fam\u00edlies.<\/p>\n<\/div>\n<div id=\"yui_3_16_0_ym19_1_1466589327721_2558\">\n<p id=\"yui_3_16_0_ym19_1_1466589327721_2557\" dir=\"ltr\"><strong id=\"yiv0389717447docs-internal-guid-9c27a439-55f4-514a-0532-29f7a49390bc\">AFA ESCOLA CAN FABRA<\/strong><\/p>\n<\/div>\n","protected":false},"excerpt":{"rendered":"<p>Aquest mat\u00ed hem tingut \u00a0la reuni\u00f3 anunciada amb directius de totes les administracions implicades en les decisions que afecten a la construcci\u00f3 del nou edifici de l\u2019escola (Director General de Centres P\u00fablics del Departament d\u2019Ensenyament, Gerent del Consorci d\u2019Educaci\u00f3, Gerent del Districte, Director d\u2019edificacions d\u2019Infraestructures, Consellera d\u2019educaci\u00f3 del districte, un representant de l\u2019empresa constructora i [&hellip;]<\/p>\n","protected":false},"author":1,"featured_media":10143,"comment_status":"open","ping_status":"open","sticky":false,"template":"","format":"standard","meta":{"_bbp_topic_count":0,"_bbp_reply_count":0,"_bbp_total_topic_count":0,"_bbp_total_reply_count":0,"_bbp_voice_count":0,"_bbp_anonymous_reply_count":0,"_bbp_topic_count_hidden":0,"_bbp_reply_count_hidden":0,"_bbp_forum_subforum_count":0,"site-sidebar-layout":"default","site-content-layout":"","ast-site-content-layout":"","site-content-style":"default","site-sidebar-style":"default","ast-global-header-display":"","ast-banner-title-visibility":"","ast-main-header-display":"","ast-hfb-above-header-display":"","ast-hfb-below-header-display":"","ast-hfb-mobile-header-display":"","site-post-title":"","ast-breadcrumbs-content":"","ast-featured-img":"","footer-sml-layout":"","theme-transparent-header-meta":"","adv-header-id-meta":"","stick-header-meta":"","header-above-stick-meta":"","header-main-stick-meta":"","header-below-stick-meta":"","astra-migrate-meta-layouts":"default","ast-page-background-enabled":"default","ast-page-background-meta":{"desktop":{"background-color":"var(--ast-global-color-5)","background-image":"","background-repeat":"repeat","background-position":"center center","background-size":"auto","background-attachment":"scroll","background-type":"","background-media":"","overlay-type":"","overlay-color":"","overlay-opacity":"","overlay-gradient":""},"tablet":{"background-color":"","background-image":"","background-repeat":"repeat","background-position":"center center","background-size":"auto","background-attachment":"scroll","background-type":"","background-media":"","overlay-type":"","overlay-color":"","overlay-opacity":"","overlay-gradient":""},"mobile":{"background-color":"","background-image":"","background-repeat":"repeat","background-position":"center center","background-size":"auto","background-attachment":"scroll","background-type":"","background-media":"","overlay-type":"","overlay-color":"","overlay-opacity":"","overlay-gradient":""}},"ast-content-background-meta":{"desktop":{"background-color":"var(--ast-global-color-4)","background-image":"","background-repeat":"repeat","background-position":"center center","background-size":"auto","background-attachment":"scroll","background-type":"","background-media":"","overlay-type":"","overlay-color":"","overlay-opacity":"","overlay-gradient":""},"tablet":{"background-color":"var(--ast-global-color-4)","background-image":"","background-repeat":"repeat","background-position":"center center","background-size":"auto","background-attachment":"scroll","background-type":"","background-media":"","overlay-type":"","overlay-color":"","overlay-opacity":"","overlay-gradient":""},"mobile":{"background-color":"var(--ast-global-color-4)","background-image":"","background-repeat":"repeat","background-position":"center center","background-size":"auto","background-attachment":"scroll","background-type":"","background-media":"","overlay-type":"","overlay-color":"","overlay-opacity":"","overlay-gradient":""}},"footnotes":""},"categories":[71],"tags":[],"class_list":["post-10146","post","type-post","status-publish","format-standard","has-post-thumbnail","hentry","category-noticies"],"post_mailing_queue_ids":[],"_links":{"self":[{"href":"https:\/\/agora.xtec.cat\/escolacanfabra\/wp-json\/wp\/v2\/posts\/10146","targetHints":{"allow":["GET"]}}],"collection":[{"href":"https:\/\/agora.xtec.cat\/escolacanfabra\/wp-json\/wp\/v2\/posts"}],"about":[{"href":"https:\/\/agora.xtec.cat\/escolacanfabra\/wp-json\/wp\/v2\/types\/post"}],"author":[{"embeddable":true,"href":"https:\/\/agora.xtec.cat\/escolacanfabra\/wp-json\/wp\/v2\/users\/1"}],"replies":[{"embeddable":true,"href":"https:\/\/agora.xtec.cat\/escolacanfabra\/wp-json\/wp\/v2\/comments?post=10146"}],"version-history":[{"count":0,"href":"https:\/\/agora.xtec.cat\/escolacanfabra\/wp-json\/wp\/v2\/posts\/10146\/revisions"}],"wp:featuredmedia":[{"embeddable":true,"href":"https:\/\/agora.xtec.cat\/escolacanfabra\/wp-json\/wp\/v2\/media\/10143"}],"wp:attachment":[{"href":"https:\/\/agora.xtec.cat\/escolacanfabra\/wp-json\/wp\/v2\/media?parent=10146"}],"wp:term":[{"taxonomy":"category","embeddable":true,"href":"https:\/\/agora.xtec.cat\/escolacanfabra\/wp-json\/wp\/v2\/categories?post=10146"},{"taxonomy":"post_tag","embeddable":true,"href":"https:\/\/agora.xtec.cat\/escolacanfabra\/wp-json\/wp\/v2\/tags?post=10146"}],"curies":[{"name":"wp","href":"https:\/\/api.w.org\/{rel}","templated":true}]}}