{"id":909,"date":"2019-04-04T15:37:04","date_gmt":"2019-04-04T13:37:04","guid":{"rendered":"http:\/\/agora.xtec.cat\/escolacancladellas\/?p=909"},"modified":"2019-04-09T10:18:39","modified_gmt":"2019-04-09T08:18:39","slug":"cross-escolar","status":"publish","type":"post","link":"https:\/\/agora.xtec.cat\/escolacancladellas\/portada\/cross-escolar\/","title":{"rendered":"Cross escolar"},"content":{"rendered":"<p><a href=\"https:\/\/agora.xtec.cat\/escolacancladellas\/wp-content\/uploads\/usu1872\/2019\/04\/cross-escolar-cartell-2019.jpg\"><img loading=\"lazy\" decoding=\"async\" class=\"wp-image-910 aligncenter\" src=\"https:\/\/agora.xtec.cat\/escolacancladellas\/wp-content\/uploads\/usu1872\/2019\/04\/cross-escolar-cartell-2019.jpg\" alt=\"\" width=\"293\" height=\"414\" srcset=\"https:\/\/agora.xtec.cat\/escolacancladellas\/wp-content\/uploads\/usu1872\/2019\/04\/cross-escolar-cartell-2019.jpg 425w, https:\/\/agora.xtec.cat\/escolacancladellas\/wp-content\/uploads\/usu1872\/2019\/04\/cross-escolar-cartell-2019-213x300.jpg 213w\" sizes=\"auto, (max-width: 293px) 100vw, 293px\" \/><\/a>La Regidoria d\u2019Esports de l\u2019Ajuntament de Palau-solit\u00e0 i Plegamans, porta a terme el 7\u00e8 Cross Escolar.<\/p>\n<p>Aquest programa pret\u00e9n promocionar i difondre a les escoles del municipi la pr\u00e0ctica de l\u2019esport.<\/p>\n<p>Com cada any, a finals de mar\u00e7, es realitza una activitat destinada a nens i nenes dels centres educatius de la ciutat (alumnat de p5,1r,2n 3r, 4t, 5\u00e8 i 6\u00e8 de prim\u00e0ria).<\/p>\n<p>Es tracta d\u2019una cursa d\u2019atletisme (cros) amb aquesta activitat, els infants poden descobrir el parc, posar-se a prova, i con\u00e8ixer nens i nenes d\u2019altres centres.<\/p>\n<p>Han participat molts nens i nenes de l&#8217;escola Can Cladellas. El resultat ha sigut:<\/p>\n<ul>\n<li>3a posici\u00f3 Benjam\u00ed Mascuk\u00ed 1000 metres: Querol Mart\u00edn<\/li>\n<li>1a posici\u00f3 Prebenjam\u00ed Femen\u00ed 500 metres: Carme Osuna<\/li>\n<li>3a posici\u00f3 Prebenjam\u00ed Femen\u00ed 500 metres: Samara Forga<\/li>\n<li>3a posici\u00f3 Iniciaci\u00f3 Femen\u00ed 500 metres: Samantha M\u00e9ndez<\/li>\n<\/ul>\n\n","protected":false},"excerpt":{"rendered":"<p>La Regidoria d\u2019Esports de l\u2019Ajuntament de Palau-solit\u00e0 i Plegamans, porta a terme el 7\u00e8 Cross Escolar. Aquest programa pret\u00e9n promocionar i difondre a les escoles del municipi la pr\u00e0ctica de l\u2019esport. Com cada any, a finals de mar\u00e7, es realitza una activitat destinada a nens i nenes dels centres educatius de la ciutat (alumnat de [&hellip;]<\/p>\n","protected":false},"author":1,"featured_media":0,"comment_status":"open","ping_status":"closed","sticky":false,"template":"","format":"standard","meta":{"_bbp_topic_count":0,"_bbp_reply_count":0,"_bbp_total_topic_count":0,"_bbp_total_reply_count":0,"_bbp_voice_count":0,"_bbp_anonymous_reply_count":0,"_bbp_topic_count_hidden":0,"_bbp_reply_count_hidden":0,"_bbp_forum_subforum_count":0,"site-sidebar-layout":"default","site-content-layout":"","ast-site-content-layout":"","site-content-style":"default","site-sidebar-style":"default","ast-global-header-display":"","ast-banner-title-visibility":"","ast-main-header-display":"","ast-hfb-above-header-display":"","ast-hfb-below-header-display":"","ast-hfb-mobile-header-display":"","site-post-title":"","ast-breadcrumbs-content":"","ast-featured-img":"","footer-sml-layout":"","theme-transparent-header-meta":"","adv-header-id-meta":"","stick-header-meta":"","header-above-stick-meta":"","header-main-stick-meta":"","header-below-stick-meta":"","astra-migrate-meta-layouts":"default","ast-page-background-enabled":"default","ast-page-background-meta":{"desktop":{"background-color":"var(--ast-global-color-4)","background-image":"","background-repeat":"repeat","background-position":"center center","background-size":"auto","background-attachment":"scroll","background-type":"","background-media":"","overlay-type":"","overlay-color":"","overlay-opacity":"","overlay-gradient":""},"tablet":{"background-color":"","background-image":"","background-repeat":"repeat","background-position":"center center","background-size":"auto","background-attachment":"scroll","background-type":"","background-media":"","overlay-type":"","overlay-color":"","overlay-opacity":"","overlay-gradient":""},"mobile":{"background-color":"","background-image":"","background-repeat":"repeat","background-position":"center center","background-size":"auto","background-attachment":"scroll","background-type":"","background-media":"","overlay-type":"","overlay-color":"","overlay-opacity":"","overlay-gradient":""}},"ast-content-background-meta":{"desktop":{"background-color":"var(--ast-global-color-5)","background-image":"","background-repeat":"repeat","background-position":"center center","background-size":"auto","background-attachment":"scroll","background-type":"","background-media":"","overlay-type":"","overlay-color":"","overlay-opacity":"","overlay-gradient":""},"tablet":{"background-color":"var(--ast-global-color-5)","background-image":"","background-repeat":"repeat","background-position":"center center","background-size":"auto","background-attachment":"scroll","background-type":"","background-media":"","overlay-type":"","overlay-color":"","overlay-opacity":"","overlay-gradient":""},"mobile":{"background-color":"var(--ast-global-color-5)","background-image":"","background-repeat":"repeat","background-position":"center center","background-size":"auto","background-attachment":"scroll","background-type":"","background-media":"","overlay-type":"","overlay-color":"","overlay-opacity":"","overlay-gradient":""}},"footnotes":""},"categories":[4],"tags":[],"class_list":["post-909","post","type-post","status-publish","format-standard","hentry","category-portada"],"post_mailing_queue_ids":[],"_links":{"self":[{"href":"https:\/\/agora.xtec.cat\/escolacancladellas\/wp-json\/wp\/v2\/posts\/909","targetHints":{"allow":["GET"]}}],"collection":[{"href":"https:\/\/agora.xtec.cat\/escolacancladellas\/wp-json\/wp\/v2\/posts"}],"about":[{"href":"https:\/\/agora.xtec.cat\/escolacancladellas\/wp-json\/wp\/v2\/types\/post"}],"author":[{"embeddable":true,"href":"https:\/\/agora.xtec.cat\/escolacancladellas\/wp-json\/wp\/v2\/users\/1"}],"replies":[{"embeddable":true,"href":"https:\/\/agora.xtec.cat\/escolacancladellas\/wp-json\/wp\/v2\/comments?post=909"}],"version-history":[{"count":2,"href":"https:\/\/agora.xtec.cat\/escolacancladellas\/wp-json\/wp\/v2\/posts\/909\/revisions"}],"predecessor-version":[{"id":919,"href":"https:\/\/agora.xtec.cat\/escolacancladellas\/wp-json\/wp\/v2\/posts\/909\/revisions\/919"}],"wp:attachment":[{"href":"https:\/\/agora.xtec.cat\/escolacancladellas\/wp-json\/wp\/v2\/media?parent=909"}],"wp:term":[{"taxonomy":"category","embeddable":true,"href":"https:\/\/agora.xtec.cat\/escolacancladellas\/wp-json\/wp\/v2\/categories?post=909"},{"taxonomy":"post_tag","embeddable":true,"href":"https:\/\/agora.xtec.cat\/escolacancladellas\/wp-json\/wp\/v2\/tags?post=909"}],"curies":[{"name":"wp","href":"https:\/\/api.w.org\/{rel}","templated":true}]}}