{"id":860,"date":"2019-01-30T21:27:25","date_gmt":"2019-01-30T20:27:25","guid":{"rendered":"http:\/\/agora.xtec.cat\/escolacancladellas\/?p=860"},"modified":"2019-01-30T21:36:38","modified_gmt":"2019-01-30T20:36:38","slug":"dia-de-la-pau","status":"publish","type":"post","link":"https:\/\/agora.xtec.cat\/escolacancladellas\/portada\/dia-de-la-pau\/","title":{"rendered":"Dia de la Pau"},"content":{"rendered":"<p><span style=\"font-size: medium;\">El Dia Escolar de la No Viol\u00e8ncia i la Pau (DENIP)\u00a0\u00e9s una iniciativa que va n\u00e9ixer el 1964 per a fomentar l\u2019educaci\u00f3 per la toler\u00e0ncia, la solidaritat, el respecte als drets humans, la no viol\u00e8ncia i la pau. El poeta i pacifista mallorqu\u00ed,<b>\u00a0Lloren\u00e7 Vidal<\/b><\/span><span style=\"font-size: medium;\">,\u00a0la va engegar quan encara no existien iniciatives similars i actualment se celebra arreu del m\u00f3n.<\/span><\/p>\n<p><span style=\"font-size: medium;\">Cada 30 de gener<b><a href=\"https:\/\/ca.wikipedia.org\/wiki\/30_de_mar%C3%A7\" target=\"_blank\" rel=\"nofollow noopener\">\u00a0<\/a><\/b>en commemoraci\u00f3 de l\u2019assassinat de Mahatma Gandhi, el DENIP es posa en pr\u00e0ctica de\u00a0<\/span><span style=\"font-size: medium;\">diverses maneres, amb un<\/span><span style=\"font-size: medium;\">\u00a0mateix objectiu,\u00a0 en escoles de tot el m\u00f3n.<\/span><\/p>\n<p>Una educaci\u00f3 inspirada en una cultura de no viol\u00e8ncia i pau permet als infants adquirir coneixements, actituds i compet\u00e8ncies que reforcin el seu desenvolupament com a ciutadans globals, cr\u00edtics i compromesos amb els seus drets i amb els de les altres persones.<\/p>\n<p style=\"text-align: center;\"><iframe loading=\"lazy\" src=\"https:\/\/www.youtube.com\/embed\/hKzIHCRnsgg\" width=\"560\" height=\"315\" frameborder=\"0\" allowfullscreen=\"allowfullscreen\"><\/iframe><\/p>\n<p>&nbsp;<\/p>\n<p>&nbsp;<\/p>\n","protected":false},"excerpt":{"rendered":"<p>El Dia Escolar de la No Viol\u00e8ncia i la Pau (DENIP)\u00a0\u00e9s una iniciativa que va n\u00e9ixer el 1964 per a fomentar l\u2019educaci\u00f3 per la toler\u00e0ncia, la solidaritat, el respecte als drets humans, la no viol\u00e8ncia i la pau. El poeta i pacifista mallorqu\u00ed,\u00a0Lloren\u00e7 Vidal,\u00a0la va engegar quan encara no existien iniciatives similars i actualment se [&hellip;]<\/p>\n","protected":false},"author":1,"featured_media":861,"comment_status":"open","ping_status":"closed","sticky":false,"template":"","format":"standard","meta":{"_bbp_topic_count":0,"_bbp_reply_count":0,"_bbp_total_topic_count":0,"_bbp_total_reply_count":0,"_bbp_voice_count":0,"_bbp_anonymous_reply_count":0,"_bbp_topic_count_hidden":0,"_bbp_reply_count_hidden":0,"_bbp_forum_subforum_count":0,"site-sidebar-layout":"default","site-content-layout":"","ast-site-content-layout":"","site-content-style":"default","site-sidebar-style":"default","ast-global-header-display":"","ast-banner-title-visibility":"","ast-main-header-display":"","ast-hfb-above-header-display":"","ast-hfb-below-header-display":"","ast-hfb-mobile-header-display":"","site-post-title":"","ast-breadcrumbs-content":"","ast-featured-img":"","footer-sml-layout":"","theme-transparent-header-meta":"","adv-header-id-meta":"","stick-header-meta":"","header-above-stick-meta":"","header-main-stick-meta":"","header-below-stick-meta":"","astra-migrate-meta-layouts":"default","ast-page-background-enabled":"default","ast-page-background-meta":{"desktop":{"background-color":"var(--ast-global-color-4)","background-image":"","background-repeat":"repeat","background-position":"center center","background-size":"auto","background-attachment":"scroll","background-type":"","background-media":"","overlay-type":"","overlay-color":"","overlay-opacity":"","overlay-gradient":""},"tablet":{"background-color":"","background-image":"","background-repeat":"repeat","background-position":"center center","background-size":"auto","background-attachment":"scroll","background-type":"","background-media":"","overlay-type":"","overlay-color":"","overlay-opacity":"","overlay-gradient":""},"mobile":{"background-color":"","background-image":"","background-repeat":"repeat","background-position":"center center","background-size":"auto","background-attachment":"scroll","background-type":"","background-media":"","overlay-type":"","overlay-color":"","overlay-opacity":"","overlay-gradient":""}},"ast-content-background-meta":{"desktop":{"background-color":"var(--ast-global-color-5)","background-image":"","background-repeat":"repeat","background-position":"center center","background-size":"auto","background-attachment":"scroll","background-type":"","background-media":"","overlay-type":"","overlay-color":"","overlay-opacity":"","overlay-gradient":""},"tablet":{"background-color":"var(--ast-global-color-5)","background-image":"","background-repeat":"repeat","background-position":"center center","background-size":"auto","background-attachment":"scroll","background-type":"","background-media":"","overlay-type":"","overlay-color":"","overlay-opacity":"","overlay-gradient":""},"mobile":{"background-color":"var(--ast-global-color-5)","background-image":"","background-repeat":"repeat","background-position":"center center","background-size":"auto","background-attachment":"scroll","background-type":"","background-media":"","overlay-type":"","overlay-color":"","overlay-opacity":"","overlay-gradient":""}},"footnotes":""},"categories":[4],"tags":[],"class_list":["post-860","post","type-post","status-publish","format-standard","has-post-thumbnail","hentry","category-portada"],"post_mailing_queue_ids":[],"_links":{"self":[{"href":"https:\/\/agora.xtec.cat\/escolacancladellas\/wp-json\/wp\/v2\/posts\/860","targetHints":{"allow":["GET"]}}],"collection":[{"href":"https:\/\/agora.xtec.cat\/escolacancladellas\/wp-json\/wp\/v2\/posts"}],"about":[{"href":"https:\/\/agora.xtec.cat\/escolacancladellas\/wp-json\/wp\/v2\/types\/post"}],"author":[{"embeddable":true,"href":"https:\/\/agora.xtec.cat\/escolacancladellas\/wp-json\/wp\/v2\/users\/1"}],"replies":[{"embeddable":true,"href":"https:\/\/agora.xtec.cat\/escolacancladellas\/wp-json\/wp\/v2\/comments?post=860"}],"version-history":[{"count":1,"href":"https:\/\/agora.xtec.cat\/escolacancladellas\/wp-json\/wp\/v2\/posts\/860\/revisions"}],"predecessor-version":[{"id":862,"href":"https:\/\/agora.xtec.cat\/escolacancladellas\/wp-json\/wp\/v2\/posts\/860\/revisions\/862"}],"wp:featuredmedia":[{"embeddable":true,"href":"https:\/\/agora.xtec.cat\/escolacancladellas\/wp-json\/wp\/v2\/media\/861"}],"wp:attachment":[{"href":"https:\/\/agora.xtec.cat\/escolacancladellas\/wp-json\/wp\/v2\/media?parent=860"}],"wp:term":[{"taxonomy":"category","embeddable":true,"href":"https:\/\/agora.xtec.cat\/escolacancladellas\/wp-json\/wp\/v2\/categories?post=860"},{"taxonomy":"post_tag","embeddable":true,"href":"https:\/\/agora.xtec.cat\/escolacancladellas\/wp-json\/wp\/v2\/tags?post=860"}],"curies":[{"name":"wp","href":"https:\/\/api.w.org\/{rel}","templated":true}]}}