{"id":770,"date":"2018-12-04T13:10:51","date_gmt":"2018-12-04T12:10:51","guid":{"rendered":"http:\/\/agora.xtec.cat\/escolacancladellas\/?p=770"},"modified":"2018-12-04T13:10:51","modified_gmt":"2018-12-04T12:10:51","slug":"projecte-fruita-a-les-escoles","status":"publish","type":"post","link":"https:\/\/agora.xtec.cat\/escolacancladellas\/portada\/projecte-fruita-a-les-escoles\/","title":{"rendered":"Projecte fruita a les escoles"},"content":{"rendered":"<p style=\"text-align: center;\"><a href=\"https:\/\/agora.xtec.cat\/escolacancladellas\/wp-content\/uploads\/usu1872\/2018\/12\/cartell-programa-consum-fruita-hortalisses-escoles-unio-europea-332x332.jpg_563309836.jpg\"><img loading=\"lazy\" decoding=\"async\" class=\"alignnone  wp-image-772\" src=\"https:\/\/agora.xtec.cat\/escolacancladellas\/wp-content\/uploads\/usu1872\/2018\/12\/cartell-programa-consum-fruita-hortalisses-escoles-unio-europea-332x332.jpg_563309836.jpg\" alt=\"\" width=\"309\" height=\"309\" srcset=\"https:\/\/agora.xtec.cat\/escolacancladellas\/wp-content\/uploads\/usu1872\/2018\/12\/cartell-programa-consum-fruita-hortalisses-escoles-unio-europea-332x332.jpg_563309836.jpg 500w, https:\/\/agora.xtec.cat\/escolacancladellas\/wp-content\/uploads\/usu1872\/2018\/12\/cartell-programa-consum-fruita-hortalisses-escoles-unio-europea-332x332.jpg_563309836-150x150.jpg 150w, https:\/\/agora.xtec.cat\/escolacancladellas\/wp-content\/uploads\/usu1872\/2018\/12\/cartell-programa-consum-fruita-hortalisses-escoles-unio-europea-332x332.jpg_563309836-300x300.jpg 300w\" sizes=\"auto, (max-width: 309px) 100vw, 309px\" \/><\/a><\/p>\n<p style=\"text-align: left;\">Aquest any, l&#8217;escola Can Cladellas ha decidit participar del projecte de la Generalitat , per tal de consumir fruita a les escoles i fomentar aix\u00ed l&#8217;alimentaci\u00f3 saludable dels nostres alumnes.<\/p>\n<p style=\"text-align: left;\">\u00c9s una iniciativa de la Uni\u00f3 Europea amb l&#8217;acci\u00f3 conjunta dels departaments d\u2019Agricultura, Salut i Ensenyament.<\/p>\n<p>Els objectius s\u00f3n:<\/p>\n<ul>\n<li>Oferir fruita gratu\u00efta.<\/li>\n<li>Informar sobre els beneficis de pujar el consum de fruites i verdures, i sobre la seva diversitat, trets, producci\u00f3, estacionalitat, etc.<\/li>\n<li>Proposar el consum de fruites com una alternativa excel\u00b7lent al consum d\u2019altres aliments amb menys qualitat nutricional.<\/li>\n<\/ul>\n<p>Durant el curs escolar, una setmana de cada mes, es distribuir\u00e0 la fruita i verdura seleccionada en funci\u00f3 de l\u2019estaci\u00f3 de l\u2019any, la proximitat de producci\u00f3 i la qualitat.<\/p>\n<p style=\"text-align: center;\"><a href=\"https:\/\/agora.xtec.cat\/escolacancladellas\/wp-content\/uploads\/usu1872\/2018\/12\/triptic-programa-consum-fruita-hortalisses-escoles-unio-europea.pdf\">triptic-programa-consum-fruita-hortalisses-escoles-unio-europea<\/a><\/p>\n","protected":false},"excerpt":{"rendered":"<p>Aquest any, l&#8217;escola Can Cladellas ha decidit participar del projecte de la Generalitat , per tal de consumir fruita a les escoles i fomentar aix\u00ed l&#8217;alimentaci\u00f3 saludable dels nostres alumnes. \u00c9s una iniciativa de la Uni\u00f3 Europea amb l&#8217;acci\u00f3 conjunta dels departaments d\u2019Agricultura, Salut i Ensenyament. Els objectius s\u00f3n: Oferir fruita gratu\u00efta. Informar sobre els [&hellip;]<\/p>\n","protected":false},"author":1,"featured_media":0,"comment_status":"open","ping_status":"closed","sticky":false,"template":"","format":"standard","meta":{"_bbp_topic_count":0,"_bbp_reply_count":0,"_bbp_total_topic_count":0,"_bbp_total_reply_count":0,"_bbp_voice_count":0,"_bbp_anonymous_reply_count":0,"_bbp_topic_count_hidden":0,"_bbp_reply_count_hidden":0,"_bbp_forum_subforum_count":0,"site-sidebar-layout":"default","site-content-layout":"","ast-site-content-layout":"","site-content-style":"default","site-sidebar-style":"default","ast-global-header-display":"","ast-banner-title-visibility":"","ast-main-header-display":"","ast-hfb-above-header-display":"","ast-hfb-below-header-display":"","ast-hfb-mobile-header-display":"","site-post-title":"","ast-breadcrumbs-content":"","ast-featured-img":"","footer-sml-layout":"","theme-transparent-header-meta":"","adv-header-id-meta":"","stick-header-meta":"","header-above-stick-meta":"","header-main-stick-meta":"","header-below-stick-meta":"","astra-migrate-meta-layouts":"default","ast-page-background-enabled":"default","ast-page-background-meta":{"desktop":{"background-color":"var(--ast-global-color-4)","background-image":"","background-repeat":"repeat","background-position":"center center","background-size":"auto","background-attachment":"scroll","background-type":"","background-media":"","overlay-type":"","overlay-color":"","overlay-opacity":"","overlay-gradient":""},"tablet":{"background-color":"","background-image":"","background-repeat":"repeat","background-position":"center center","background-size":"auto","background-attachment":"scroll","background-type":"","background-media":"","overlay-type":"","overlay-color":"","overlay-opacity":"","overlay-gradient":""},"mobile":{"background-color":"","background-image":"","background-repeat":"repeat","background-position":"center center","background-size":"auto","background-attachment":"scroll","background-type":"","background-media":"","overlay-type":"","overlay-color":"","overlay-opacity":"","overlay-gradient":""}},"ast-content-background-meta":{"desktop":{"background-color":"var(--ast-global-color-5)","background-image":"","background-repeat":"repeat","background-position":"center center","background-size":"auto","background-attachment":"scroll","background-type":"","background-media":"","overlay-type":"","overlay-color":"","overlay-opacity":"","overlay-gradient":""},"tablet":{"background-color":"var(--ast-global-color-5)","background-image":"","background-repeat":"repeat","background-position":"center center","background-size":"auto","background-attachment":"scroll","background-type":"","background-media":"","overlay-type":"","overlay-color":"","overlay-opacity":"","overlay-gradient":""},"mobile":{"background-color":"var(--ast-global-color-5)","background-image":"","background-repeat":"repeat","background-position":"center center","background-size":"auto","background-attachment":"scroll","background-type":"","background-media":"","overlay-type":"","overlay-color":"","overlay-opacity":"","overlay-gradient":""}},"footnotes":""},"categories":[4],"tags":[],"class_list":["post-770","post","type-post","status-publish","format-standard","hentry","category-portada"],"post_mailing_queue_ids":[],"_links":{"self":[{"href":"https:\/\/agora.xtec.cat\/escolacancladellas\/wp-json\/wp\/v2\/posts\/770","targetHints":{"allow":["GET"]}}],"collection":[{"href":"https:\/\/agora.xtec.cat\/escolacancladellas\/wp-json\/wp\/v2\/posts"}],"about":[{"href":"https:\/\/agora.xtec.cat\/escolacancladellas\/wp-json\/wp\/v2\/types\/post"}],"author":[{"embeddable":true,"href":"https:\/\/agora.xtec.cat\/escolacancladellas\/wp-json\/wp\/v2\/users\/1"}],"replies":[{"embeddable":true,"href":"https:\/\/agora.xtec.cat\/escolacancladellas\/wp-json\/wp\/v2\/comments?post=770"}],"version-history":[{"count":1,"href":"https:\/\/agora.xtec.cat\/escolacancladellas\/wp-json\/wp\/v2\/posts\/770\/revisions"}],"predecessor-version":[{"id":773,"href":"https:\/\/agora.xtec.cat\/escolacancladellas\/wp-json\/wp\/v2\/posts\/770\/revisions\/773"}],"wp:attachment":[{"href":"https:\/\/agora.xtec.cat\/escolacancladellas\/wp-json\/wp\/v2\/media?parent=770"}],"wp:term":[{"taxonomy":"category","embeddable":true,"href":"https:\/\/agora.xtec.cat\/escolacancladellas\/wp-json\/wp\/v2\/categories?post=770"},{"taxonomy":"post_tag","embeddable":true,"href":"https:\/\/agora.xtec.cat\/escolacancladellas\/wp-json\/wp\/v2\/tags?post=770"}],"curies":[{"name":"wp","href":"https:\/\/api.w.org\/{rel}","templated":true}]}}