{"id":753,"date":"2018-10-31T11:07:00","date_gmt":"2018-10-31T10:07:00","guid":{"rendered":"http:\/\/agora.xtec.cat\/escolacancladellas\/?p=753"},"modified":"2018-11-04T22:14:34","modified_gmt":"2018-11-04T21:14:34","slug":"ha-arribat-la-catanyada","status":"publish","type":"post","link":"https:\/\/agora.xtec.cat\/escolacancladellas\/portada\/ha-arribat-la-catanyada\/","title":{"rendered":"Ha arribat la Castanyada"},"content":{"rendered":"<p><a href=\"https:\/\/agora.xtec.cat\/escolacancladellas\/wp-content\/uploads\/usu1872\/2018\/10\/castanyada.jpg\"><img loading=\"lazy\" decoding=\"async\" class=\"wp-image-754 aligncenter\" src=\"https:\/\/agora.xtec.cat\/escolacancladellas\/wp-content\/uploads\/usu1872\/2018\/10\/castanyada.jpg\" alt=\"\" width=\"489\" height=\"489\" srcset=\"https:\/\/agora.xtec.cat\/escolacancladellas\/wp-content\/uploads\/usu1872\/2018\/10\/castanyada.jpg 800w, https:\/\/agora.xtec.cat\/escolacancladellas\/wp-content\/uploads\/usu1872\/2018\/10\/castanyada-150x150.jpg 150w, https:\/\/agora.xtec.cat\/escolacancladellas\/wp-content\/uploads\/usu1872\/2018\/10\/castanyada-300x300.jpg 300w, https:\/\/agora.xtec.cat\/escolacancladellas\/wp-content\/uploads\/usu1872\/2018\/10\/castanyada-768x768.jpg 768w\" sizes=\"auto, (max-width: 489px) 100vw, 489px\" \/><\/a>Ja ha arribat la tardor i amb ella la castanyada. Ja veiem el terra ple de fulles seques caigudes dels arbres, surten els bolets i els cargols donen la benvinguda a la pluja.<\/p>\n<p>Els arbres estan plens de castanyes el fruit t\u00edpic d&#8217;aquesta \u00e8poca de l&#8217;any i tot que es poden menjar durant tota aquesta temporada, hi ha una nit que no poden faltar, la nit d&#8217;abans de Tot Sants.<\/p>\n<p>Es veu que molts anys enrere la Castanyada era una celebraci\u00f3 dedicada als morts, un antic \u00e0pat funerari.<\/p>\n<p>Les castanyes es menjaven en un ambient estrictament familiar i es feia una cerim\u00f2nia de culte, amb una actitud molt seriosa i respectuosa.<\/p>\n<p>Hi havia la creen\u00e7a que per cada castanya que es menjava aquella nit, una \u00e0nima era alliberada del purgatori.<\/p>\n<p>Amb la tardor arribava el fred i la gastronomia s\u2019adaptava a les necessitats. Les castanyeres sortien als carrers de tots els pobles, viles i ciutats; a les seves parades comen\u00e7aven a torrar les castanyes, sempre acompanyades pels moniatos, el segon ingredient principal d\u2019aquesta celebraci\u00f3 i els panellets.<\/p>\n<p>Doncs avui 31 d&#8217;octubre a la nostra escola hem celebrat la castanyada i el Halloween. Hem realitzat diversos tallers, hem vist pel.l\u00edcules, hem ballat, hem cantat i ens ho hem passat d&#8217;all\u00f2 m\u00e9s b\u00e9.<\/p>\n<p>Bona castanyada per a tothom!<\/p>\n<p style=\"text-align: center;\"><a href=\"https:\/\/photos.app.goo.gl\/4zvedLdJ21v2YfrN8\"><img loading=\"lazy\" decoding=\"async\" class=\"alignnone wp-image-755\" src=\"https:\/\/agora.xtec.cat\/escolacancladellas\/wp-content\/uploads\/usu1872\/2018\/10\/Noticia-bona-castanyada.jpg\" alt=\"\" width=\"481\" height=\"457\" srcset=\"https:\/\/agora.xtec.cat\/escolacancladellas\/wp-content\/uploads\/usu1872\/2018\/10\/Noticia-bona-castanyada.jpg 640w, https:\/\/agora.xtec.cat\/escolacancladellas\/wp-content\/uploads\/usu1872\/2018\/10\/Noticia-bona-castanyada-300x285.jpg 300w\" sizes=\"auto, (max-width: 481px) 100vw, 481px\" \/><\/a><\/p>\n<blockquote>\n<p style=\"text-align: center;\">(Cliqueu a la imatge i veureu m\u00e9s imatges)<\/p>\n<\/blockquote>\n<p>&nbsp;<\/p>\n<p>&nbsp;<\/p>\n","protected":false},"excerpt":{"rendered":"<p>Ja ha arribat la tardor i amb ella la castanyada. Ja veiem el terra ple de fulles seques caigudes dels arbres, surten els bolets i els cargols donen la benvinguda a la pluja. Els arbres estan plens de castanyes el fruit t\u00edpic d&#8217;aquesta \u00e8poca de l&#8217;any i tot que es poden menjar durant tota aquesta [&hellip;]<\/p>\n","protected":false},"author":1,"featured_media":0,"comment_status":"open","ping_status":"closed","sticky":false,"template":"","format":"standard","meta":{"_bbp_topic_count":0,"_bbp_reply_count":0,"_bbp_total_topic_count":0,"_bbp_total_reply_count":0,"_bbp_voice_count":0,"_bbp_anonymous_reply_count":0,"_bbp_topic_count_hidden":0,"_bbp_reply_count_hidden":0,"_bbp_forum_subforum_count":0,"site-sidebar-layout":"default","site-content-layout":"","ast-site-content-layout":"","site-content-style":"default","site-sidebar-style":"default","ast-global-header-display":"","ast-banner-title-visibility":"","ast-main-header-display":"","ast-hfb-above-header-display":"","ast-hfb-below-header-display":"","ast-hfb-mobile-header-display":"","site-post-title":"","ast-breadcrumbs-content":"","ast-featured-img":"","footer-sml-layout":"","theme-transparent-header-meta":"","adv-header-id-meta":"","stick-header-meta":"","header-above-stick-meta":"","header-main-stick-meta":"","header-below-stick-meta":"","astra-migrate-meta-layouts":"default","ast-page-background-enabled":"default","ast-page-background-meta":{"desktop":{"background-color":"var(--ast-global-color-4)","background-image":"","background-repeat":"repeat","background-position":"center center","background-size":"auto","background-attachment":"scroll","background-type":"","background-media":"","overlay-type":"","overlay-color":"","overlay-opacity":"","overlay-gradient":""},"tablet":{"background-color":"","background-image":"","background-repeat":"repeat","background-position":"center center","background-size":"auto","background-attachment":"scroll","background-type":"","background-media":"","overlay-type":"","overlay-color":"","overlay-opacity":"","overlay-gradient":""},"mobile":{"background-color":"","background-image":"","background-repeat":"repeat","background-position":"center center","background-size":"auto","background-attachment":"scroll","background-type":"","background-media":"","overlay-type":"","overlay-color":"","overlay-opacity":"","overlay-gradient":""}},"ast-content-background-meta":{"desktop":{"background-color":"var(--ast-global-color-5)","background-image":"","background-repeat":"repeat","background-position":"center center","background-size":"auto","background-attachment":"scroll","background-type":"","background-media":"","overlay-type":"","overlay-color":"","overlay-opacity":"","overlay-gradient":""},"tablet":{"background-color":"var(--ast-global-color-5)","background-image":"","background-repeat":"repeat","background-position":"center center","background-size":"auto","background-attachment":"scroll","background-type":"","background-media":"","overlay-type":"","overlay-color":"","overlay-opacity":"","overlay-gradient":""},"mobile":{"background-color":"var(--ast-global-color-5)","background-image":"","background-repeat":"repeat","background-position":"center center","background-size":"auto","background-attachment":"scroll","background-type":"","background-media":"","overlay-type":"","overlay-color":"","overlay-opacity":"","overlay-gradient":""}},"footnotes":""},"categories":[4],"tags":[],"class_list":["post-753","post","type-post","status-publish","format-standard","hentry","category-portada"],"post_mailing_queue_ids":[],"_links":{"self":[{"href":"https:\/\/agora.xtec.cat\/escolacancladellas\/wp-json\/wp\/v2\/posts\/753","targetHints":{"allow":["GET"]}}],"collection":[{"href":"https:\/\/agora.xtec.cat\/escolacancladellas\/wp-json\/wp\/v2\/posts"}],"about":[{"href":"https:\/\/agora.xtec.cat\/escolacancladellas\/wp-json\/wp\/v2\/types\/post"}],"author":[{"embeddable":true,"href":"https:\/\/agora.xtec.cat\/escolacancladellas\/wp-json\/wp\/v2\/users\/1"}],"replies":[{"embeddable":true,"href":"https:\/\/agora.xtec.cat\/escolacancladellas\/wp-json\/wp\/v2\/comments?post=753"}],"version-history":[{"count":3,"href":"https:\/\/agora.xtec.cat\/escolacancladellas\/wp-json\/wp\/v2\/posts\/753\/revisions"}],"predecessor-version":[{"id":759,"href":"https:\/\/agora.xtec.cat\/escolacancladellas\/wp-json\/wp\/v2\/posts\/753\/revisions\/759"}],"wp:attachment":[{"href":"https:\/\/agora.xtec.cat\/escolacancladellas\/wp-json\/wp\/v2\/media?parent=753"}],"wp:term":[{"taxonomy":"category","embeddable":true,"href":"https:\/\/agora.xtec.cat\/escolacancladellas\/wp-json\/wp\/v2\/categories?post=753"},{"taxonomy":"post_tag","embeddable":true,"href":"https:\/\/agora.xtec.cat\/escolacancladellas\/wp-json\/wp\/v2\/tags?post=753"}],"curies":[{"name":"wp","href":"https:\/\/api.w.org\/{rel}","templated":true}]}}