{"id":1666,"date":"2026-04-24T16:12:52","date_gmt":"2026-04-24T14:12:52","guid":{"rendered":"https:\/\/agora.xtec.cat\/escolacancladellas\/?p=1666"},"modified":"2026-04-24T16:12:52","modified_gmt":"2026-04-24T14:12:52","slug":"sant-jordi-2026","status":"publish","type":"post","link":"https:\/\/agora.xtec.cat\/escolacancladellas\/portada\/sant-jordi-2026\/","title":{"rendered":"Sant Jordi 2026"},"content":{"rendered":"<p><a href=\"https:\/\/agora.xtec.cat\/escolacancladellas\/wp-content\/uploads\/usu1872\/2026\/04\/sant-jordi-dragon.webp\"><img loading=\"lazy\" decoding=\"async\" class=\"wp-image-1667 aligncenter\" src=\"https:\/\/agora.xtec.cat\/escolacancladellas\/wp-content\/uploads\/usu1872\/2026\/04\/sant-jordi-dragon-1024x724.webp\" alt=\"\" width=\"416\" height=\"294\" srcset=\"https:\/\/agora.xtec.cat\/escolacancladellas\/wp-content\/uploads\/usu1872\/2026\/04\/sant-jordi-dragon-1024x724.webp 1024w, https:\/\/agora.xtec.cat\/escolacancladellas\/wp-content\/uploads\/usu1872\/2026\/04\/sant-jordi-dragon-300x212.webp 300w, https:\/\/agora.xtec.cat\/escolacancladellas\/wp-content\/uploads\/usu1872\/2026\/04\/sant-jordi-dragon-768x543.webp 768w, https:\/\/agora.xtec.cat\/escolacancladellas\/wp-content\/uploads\/usu1872\/2026\/04\/sant-jordi-dragon-1536x1086.webp 1536w, https:\/\/agora.xtec.cat\/escolacancladellas\/wp-content\/uploads\/usu1872\/2026\/04\/sant-jordi-dragon.webp 1600w\" sizes=\"auto, (max-width: 416px) 100vw, 416px\" \/><\/a><\/p>\n<p>A l\u2019escola hem viscut una diada de Sant Jordi molt especial, plena de creativitat, il\u00b7lusi\u00f3 i moments compartits. \ud83c\udf39<\/p>\n<p>Durant aquests dies, els nens i nenes han participat en moltes activitats al voltant de la lectura i l\u2019escriptura: hem creat contes, hem compartit hist\u00f2ries i hem gaudit del plaer de llegir junts. Un dels moments m\u00e9s enriquidors ha estat la col\u00b7laboraci\u00f3 amb els nois i noies de batxillerat art\u00edstic de l\u2019Institut Ramon Casas i Carb\u00f3, que han vingut a l\u2019escola per il\u00b7lustrar els contes que havien escrit els nostres alumnes. Ha estat una experi\u00e8ncia preciosa veure com les paraules es convertien en imatges!<\/p>\n<p>A m\u00e9s, hem tingut la sort de poder compartir aquesta celebraci\u00f3 amb les nostres fam\u00edlies, que han participat en diferents activitats i han contribu\u00eft a fer d\u2019aquesta diada una jornada encara m\u00e9s especial.<\/p>\n<p>Gr\u00e0cies a tothom qui ho ha fet possible. Continuem fomentant l\u2019amor per la lectura, la creativitat i el treball en comunitat!<\/p>\n<p>Feli\u00e7 Sant Jordi! \ud83c\udf39<\/p>\n<p><a href=\"https:\/\/drive.google.com\/drive\/folders\/1mcydjfXAL-0hIMHNAdYuwLhhjFmtpR9_?usp=sharing\">FOTOS GENERALS<\/a><\/p>\n<p>EDUCACI\u00d3 INFANTIL<\/p>\n<p><a href=\"https:\/\/cancladellasinicial.blogspot.com\/\">CICLE INICIAL<\/a><\/p>\n<p><a href=\"https:\/\/cancladellasmitja.blogspot.com\/\">CICLE MITJ\u00c0<\/a><\/p>\n<p><a href=\"https:\/\/cancladellasciclesuperior.blogspot.com\/\">CICLE SUPERIOR<\/a><\/p>\n","protected":false},"excerpt":{"rendered":"<p>A l\u2019escola hem viscut una diada de Sant Jordi molt especial, plena de creativitat, il\u00b7lusi\u00f3 i moments compartits. \ud83c\udf39 Durant aquests dies, els nens i nenes han participat en moltes activitats al voltant de la lectura i l\u2019escriptura: hem creat contes, hem compartit hist\u00f2ries i hem gaudit del plaer de llegir junts. Un dels moments [&hellip;]<\/p>\n","protected":false},"author":1,"featured_media":1667,"comment_status":"open","ping_status":"open","sticky":false,"template":"","format":"standard","meta":{"_bbp_topic_count":0,"_bbp_reply_count":0,"_bbp_total_topic_count":0,"_bbp_total_reply_count":0,"_bbp_voice_count":0,"_bbp_anonymous_reply_count":0,"_bbp_topic_count_hidden":0,"_bbp_reply_count_hidden":0,"_bbp_forum_subforum_count":0,"site-sidebar-layout":"default","site-content-layout":"","ast-site-content-layout":"default","site-content-style":"default","site-sidebar-style":"default","ast-global-header-display":"","ast-banner-title-visibility":"","ast-main-header-display":"","ast-hfb-above-header-display":"","ast-hfb-below-header-display":"","ast-hfb-mobile-header-display":"","site-post-title":"","ast-breadcrumbs-content":"","ast-featured-img":"","footer-sml-layout":"","theme-transparent-header-meta":"default","adv-header-id-meta":"","stick-header-meta":"","header-above-stick-meta":"","header-main-stick-meta":"","header-below-stick-meta":"","astra-migrate-meta-layouts":"set","ast-page-background-enabled":"default","ast-page-background-meta":{"desktop":{"background-color":"var(--ast-global-color-4)","background-image":"","background-repeat":"repeat","background-position":"center center","background-size":"auto","background-attachment":"scroll","background-type":"","background-media":"","overlay-type":"","overlay-color":"","overlay-opacity":"","overlay-gradient":""},"tablet":{"background-color":"","background-image":"","background-repeat":"repeat","background-position":"center center","background-size":"auto","background-attachment":"scroll","background-type":"","background-media":"","overlay-type":"","overlay-color":"","overlay-opacity":"","overlay-gradient":""},"mobile":{"background-color":"","background-image":"","background-repeat":"repeat","background-position":"center center","background-size":"auto","background-attachment":"scroll","background-type":"","background-media":"","overlay-type":"","overlay-color":"","overlay-opacity":"","overlay-gradient":""}},"ast-content-background-meta":{"desktop":{"background-color":"var(--ast-global-color-5)","background-image":"","background-repeat":"repeat","background-position":"center center","background-size":"auto","background-attachment":"scroll","background-type":"","background-media":"","overlay-type":"","overlay-color":"","overlay-opacity":"","overlay-gradient":""},"tablet":{"background-color":"var(--ast-global-color-5)","background-image":"","background-repeat":"repeat","background-position":"center center","background-size":"auto","background-attachment":"scroll","background-type":"","background-media":"","overlay-type":"","overlay-color":"","overlay-opacity":"","overlay-gradient":""},"mobile":{"background-color":"var(--ast-global-color-5)","background-image":"","background-repeat":"repeat","background-position":"center center","background-size":"auto","background-attachment":"scroll","background-type":"","background-media":"","overlay-type":"","overlay-color":"","overlay-opacity":"","overlay-gradient":""}},"footnotes":""},"categories":[4],"tags":[],"class_list":["post-1666","post","type-post","status-publish","format-standard","has-post-thumbnail","hentry","category-portada"],"post_mailing_queue_ids":[],"_links":{"self":[{"href":"https:\/\/agora.xtec.cat\/escolacancladellas\/wp-json\/wp\/v2\/posts\/1666","targetHints":{"allow":["GET"]}}],"collection":[{"href":"https:\/\/agora.xtec.cat\/escolacancladellas\/wp-json\/wp\/v2\/posts"}],"about":[{"href":"https:\/\/agora.xtec.cat\/escolacancladellas\/wp-json\/wp\/v2\/types\/post"}],"author":[{"embeddable":true,"href":"https:\/\/agora.xtec.cat\/escolacancladellas\/wp-json\/wp\/v2\/users\/1"}],"replies":[{"embeddable":true,"href":"https:\/\/agora.xtec.cat\/escolacancladellas\/wp-json\/wp\/v2\/comments?post=1666"}],"version-history":[{"count":1,"href":"https:\/\/agora.xtec.cat\/escolacancladellas\/wp-json\/wp\/v2\/posts\/1666\/revisions"}],"predecessor-version":[{"id":1668,"href":"https:\/\/agora.xtec.cat\/escolacancladellas\/wp-json\/wp\/v2\/posts\/1666\/revisions\/1668"}],"wp:featuredmedia":[{"embeddable":true,"href":"https:\/\/agora.xtec.cat\/escolacancladellas\/wp-json\/wp\/v2\/media\/1667"}],"wp:attachment":[{"href":"https:\/\/agora.xtec.cat\/escolacancladellas\/wp-json\/wp\/v2\/media?parent=1666"}],"wp:term":[{"taxonomy":"category","embeddable":true,"href":"https:\/\/agora.xtec.cat\/escolacancladellas\/wp-json\/wp\/v2\/categories?post=1666"},{"taxonomy":"post_tag","embeddable":true,"href":"https:\/\/agora.xtec.cat\/escolacancladellas\/wp-json\/wp\/v2\/tags?post=1666"}],"curies":[{"name":"wp","href":"https:\/\/api.w.org\/{rel}","templated":true}]}}