{"id":1660,"date":"2026-03-27T12:11:17","date_gmt":"2026-03-27T11:11:17","guid":{"rendered":"https:\/\/agora.xtec.cat\/escolacancladellas\/?p=1660"},"modified":"2026-03-27T12:11:17","modified_gmt":"2026-03-27T11:11:17","slug":"cross-escolar-2","status":"publish","type":"post","link":"https:\/\/agora.xtec.cat\/escolacancladellas\/portada\/cross-escolar-2\/","title":{"rendered":"Cross escolar"},"content":{"rendered":"<p class=\"isSelectedEnd\">Aquest diumenge, l\u2019alumnat de l\u2019Escola Can Cladellas va participar amb molta il\u00b7lusi\u00f3 al Cross Escolar, una jornada esportiva plena d\u2019energia, esfor\u00e7 i bon ambient.<\/p>\n<p class=\"isSelectedEnd\">Des de primera hora del mat\u00ed, nens i nenes de diferents cursos es van anar preparant per a les seves curses, demostrant ganes de superar-se i de gaudir de l\u2019esport a l\u2019aire lliure. Cada cursa va ser una mostra de const\u00e0ncia i entusiasme, amb participants que van donar el millor d\u2019ells mateixos en tot moment.<\/p>\n<p class=\"isSelectedEnd\">Volem destacar no nom\u00e9s els bons resultats d\u2019alguns alumnes, sin\u00f3 tamb\u00e9 l\u2019actitud exemplar de tots els participants: respecte, companyonia i esperit esportiu. A m\u00e9s, l\u2019escalf del p\u00fablic, amb fam\u00edlies i mestres animant, va contribuir a crear un ambient molt especial.<\/p>\n<p class=\"isSelectedEnd\">Des de l\u2019escola felicitem tots els nens i nenes que hi van participar i agra\u00efm la implicaci\u00f3 de les fam\u00edlies, que fan possible activitats com aquesta.<\/p>\n<p class=\"isSelectedEnd\">Seguim promovent l\u2019esport i els h\u00e0bits saludables!<\/p>\n<p>Enhorabona a tothom!<\/p>\n<p style=\"text-align: center;\"><a href=\"https:\/\/drive.google.com\/drive\/folders\/1tq7J73AI0F1u_D6I59RAB6mKqyZIQ2Te?usp=drive_link\"><img loading=\"lazy\" decoding=\"async\" class=\"alignnone size-full wp-image-1661\" src=\"https:\/\/agora.xtec.cat\/escolacancladellas\/wp-content\/uploads\/usu1872\/2026\/03\/54-334-cross-escolar-2026-ok.jpg\" alt=\"\" width=\"566\" height=\"800\" srcset=\"https:\/\/agora.xtec.cat\/escolacancladellas\/wp-content\/uploads\/usu1872\/2026\/03\/54-334-cross-escolar-2026-ok.jpg 566w, https:\/\/agora.xtec.cat\/escolacancladellas\/wp-content\/uploads\/usu1872\/2026\/03\/54-334-cross-escolar-2026-ok-212x300.jpg 212w\" sizes=\"auto, (max-width: 566px) 100vw, 566px\" \/><\/a><\/p>\n","protected":false},"excerpt":{"rendered":"<p>Aquest diumenge, l\u2019alumnat de l\u2019Escola Can Cladellas va participar amb molta il\u00b7lusi\u00f3 al Cross Escolar, una jornada esportiva plena d\u2019energia, esfor\u00e7 i bon ambient. Des de primera hora del mat\u00ed, nens i nenes de diferents cursos es van anar preparant per a les seves curses, demostrant ganes de superar-se i de gaudir de l\u2019esport a [&hellip;]<\/p>\n","protected":false},"author":1,"featured_media":1661,"comment_status":"open","ping_status":"open","sticky":false,"template":"","format":"standard","meta":{"_bbp_topic_count":0,"_bbp_reply_count":0,"_bbp_total_topic_count":0,"_bbp_total_reply_count":0,"_bbp_voice_count":0,"_bbp_anonymous_reply_count":0,"_bbp_topic_count_hidden":0,"_bbp_reply_count_hidden":0,"_bbp_forum_subforum_count":0,"site-sidebar-layout":"default","site-content-layout":"","ast-site-content-layout":"default","site-content-style":"default","site-sidebar-style":"default","ast-global-header-display":"","ast-banner-title-visibility":"","ast-main-header-display":"","ast-hfb-above-header-display":"","ast-hfb-below-header-display":"","ast-hfb-mobile-header-display":"","site-post-title":"","ast-breadcrumbs-content":"","ast-featured-img":"","footer-sml-layout":"","theme-transparent-header-meta":"default","adv-header-id-meta":"","stick-header-meta":"","header-above-stick-meta":"","header-main-stick-meta":"","header-below-stick-meta":"","astra-migrate-meta-layouts":"set","ast-page-background-enabled":"default","ast-page-background-meta":{"desktop":{"background-color":"var(--ast-global-color-4)","background-image":"","background-repeat":"repeat","background-position":"center center","background-size":"auto","background-attachment":"scroll","background-type":"","background-media":"","overlay-type":"","overlay-color":"","overlay-opacity":"","overlay-gradient":""},"tablet":{"background-color":"","background-image":"","background-repeat":"repeat","background-position":"center center","background-size":"auto","background-attachment":"scroll","background-type":"","background-media":"","overlay-type":"","overlay-color":"","overlay-opacity":"","overlay-gradient":""},"mobile":{"background-color":"","background-image":"","background-repeat":"repeat","background-position":"center center","background-size":"auto","background-attachment":"scroll","background-type":"","background-media":"","overlay-type":"","overlay-color":"","overlay-opacity":"","overlay-gradient":""}},"ast-content-background-meta":{"desktop":{"background-color":"var(--ast-global-color-5)","background-image":"","background-repeat":"repeat","background-position":"center center","background-size":"auto","background-attachment":"scroll","background-type":"","background-media":"","overlay-type":"","overlay-color":"","overlay-opacity":"","overlay-gradient":""},"tablet":{"background-color":"var(--ast-global-color-5)","background-image":"","background-repeat":"repeat","background-position":"center center","background-size":"auto","background-attachment":"scroll","background-type":"","background-media":"","overlay-type":"","overlay-color":"","overlay-opacity":"","overlay-gradient":""},"mobile":{"background-color":"var(--ast-global-color-5)","background-image":"","background-repeat":"repeat","background-position":"center center","background-size":"auto","background-attachment":"scroll","background-type":"","background-media":"","overlay-type":"","overlay-color":"","overlay-opacity":"","overlay-gradient":""}},"footnotes":""},"categories":[4],"tags":[],"class_list":["post-1660","post","type-post","status-publish","format-standard","has-post-thumbnail","hentry","category-portada"],"post_mailing_queue_ids":[],"_links":{"self":[{"href":"https:\/\/agora.xtec.cat\/escolacancladellas\/wp-json\/wp\/v2\/posts\/1660","targetHints":{"allow":["GET"]}}],"collection":[{"href":"https:\/\/agora.xtec.cat\/escolacancladellas\/wp-json\/wp\/v2\/posts"}],"about":[{"href":"https:\/\/agora.xtec.cat\/escolacancladellas\/wp-json\/wp\/v2\/types\/post"}],"author":[{"embeddable":true,"href":"https:\/\/agora.xtec.cat\/escolacancladellas\/wp-json\/wp\/v2\/users\/1"}],"replies":[{"embeddable":true,"href":"https:\/\/agora.xtec.cat\/escolacancladellas\/wp-json\/wp\/v2\/comments?post=1660"}],"version-history":[{"count":1,"href":"https:\/\/agora.xtec.cat\/escolacancladellas\/wp-json\/wp\/v2\/posts\/1660\/revisions"}],"predecessor-version":[{"id":1662,"href":"https:\/\/agora.xtec.cat\/escolacancladellas\/wp-json\/wp\/v2\/posts\/1660\/revisions\/1662"}],"wp:featuredmedia":[{"embeddable":true,"href":"https:\/\/agora.xtec.cat\/escolacancladellas\/wp-json\/wp\/v2\/media\/1661"}],"wp:attachment":[{"href":"https:\/\/agora.xtec.cat\/escolacancladellas\/wp-json\/wp\/v2\/media?parent=1660"}],"wp:term":[{"taxonomy":"category","embeddable":true,"href":"https:\/\/agora.xtec.cat\/escolacancladellas\/wp-json\/wp\/v2\/categories?post=1660"},{"taxonomy":"post_tag","embeddable":true,"href":"https:\/\/agora.xtec.cat\/escolacancladellas\/wp-json\/wp\/v2\/tags?post=1660"}],"curies":[{"name":"wp","href":"https:\/\/api.w.org\/{rel}","templated":true}]}}